{"id":57861,"date":"2024-02-07T20:40:32","date_gmt":"2024-02-07T23:40:32","guid":{"rendered":"https:\/\/www.paranapraia.com.br\/?p=57861"},"modified":"2024-02-07T20:40:34","modified_gmt":"2024-02-07T23:40:34","slug":"bombeiros-ja-salvaram-14-mil-pessoas-no-litoral-e-pedem-atencao-redobrada-no-carnaval","status":"publish","type":"post","link":"https:\/\/www.paranapraia.com.br\/index.php\/2024\/02\/07\/bombeiros-ja-salvaram-14-mil-pessoas-no-litoral-e-pedem-atencao-redobrada-no-carnaval\/","title":{"rendered":"Bombeiros j\u00e1 salvaram 1,4 mil pessoas no Litoral e pedem aten\u00e7\u00e3o redobrada no Carnaval"},"content":{"rendered":"\n<p>Entre os atendimentos realizados pelo Corpo de Bombeiros Militar do Paran\u00e1 (CBMPR) no Litoral do Estado durante o Ver\u00e3o Maior Paran\u00e1, a estat\u00edstica de afogamentos \u00e9 a que mais cresceu em rela\u00e7\u00e3o \u00e0 temporada passada em termos percentuais. Comparando os primeiros 53 dias de opera\u00e7\u00e3o na orla paranaense nos dois anos, os n\u00fameros saltaram de 56 para 132, ou seja, uma eleva\u00e7\u00e3o de 135,71%. Os dados atuais j\u00e1 s\u00e3o superiores, inclusive, aos 72 de toda a temporada 2022\/2023, que teve dura\u00e7\u00e3o de 72 dias.<\/p>\n\n\n\n<p>\u201cNotamos um aumento do n\u00famero de banhistas, at\u00e9 mesmo por causa das altas temperaturas que tivemos em dezembro e janeiro e pelas melhorias realizadas nas praias do Paran\u00e1. Consequentemente, tivemos mais atendimento a incidentes em meio l\u00edquido. E cerca de 10% dessas ocorr\u00eancias envolveram afogamento\u201d, relatou a capit\u00e3 D\u00e9bora Kolossoskei, respons\u00e1vel pela comunica\u00e7\u00e3o do CBMPR no Litoral durante o Ver\u00e3o Maior Paran\u00e1.<\/p>\n\n\n\n<p>Com as praias j\u00e1 bastante movimentadas e a chegada do Carnaval, que promete levar ainda mais veranistas para a regi\u00e3o, a preocupa\u00e7\u00e3o \u00e9 evitar que esses n\u00fameros subam ainda mais.<\/p>\n\n\n\n<p>\u201cA orienta\u00e7\u00e3o para o Carnaval \u00e9 que a popula\u00e7\u00e3o procure tomar banho de mar em \u00e1reas protegidas por guarda-vidas. Essas \u00e1reas s\u00e3o delimitadas pelas bandeiras de cor vermelho sobre amarelo\u201d, explicou a capit\u00e3. \u201cMuito cuidado tamb\u00e9m com bebida alco\u00f3lica, existe uma correla\u00e7\u00e3o entre os afogamentos mais graves e a ingest\u00e3o de bebida alco\u00f3lica\u201d, complementou, lembrando ainda da import\u00e2ncia de seguir as placas de sinaliza\u00e7\u00e3o e as orienta\u00e7\u00f5es dos guarda-vidas.<\/p>\n\n\n\n<p>O trabalho dos guarda-vidas tem sido intenso tamb\u00e9m nas miss\u00f5es de resgate, retirando da \u00e1gua banhistas que est\u00e3o em dificuldades, mas que ainda n\u00e3o entraram em processo de afogamento. Entre 16 de dezembro e 6 de fevereiro, j\u00e1 foram realizados 1.287 resgates. No mesmo per\u00edodo do ano anterior, haviam sido 1.107 \u2013 um aumento de 16,26%. A estat\u00edstica atual tamb\u00e9m \u00e9 superior a 2022\/2023, quando foram computados 1.203.<\/p>\n\n\n\n<p>A soma de resgates e afogamentos comp\u00f5e o \u00edndice de \u201csalvamentos efetuados\u201d pelos guarda-vidas. Assim, essa categoria teve 1.275 salvamentos na temporada passada e 1.419 neste ano,&nbsp;22,01% a mais.<\/p>\n\n\n\n<p>Apesar da maior quantidade de p\u00fablico, de atendimentos e de ocorr\u00eancias que exigiram interven\u00e7\u00e3o dos guarda-vidas, o n\u00famero de \u00f3bitos \u00e9 levemente inferior ao observado na edi\u00e7\u00e3o anterior do Ver\u00e3o Maior Paran\u00e1. Nesse mesmo momento, em 2023, haviam sido contabilizadas nove v\u00edtimas fatais, contra oito neste ano. O total de mortes no ano passado chegou a 10, sempre em locais sem postos de guarda-vidas ou fora do hor\u00e1rio de funcionamento dos mesmos.<\/p>\n\n\n\n<p>\u201cEvitem as \u00e1reas de entrepostos, sinalizadas com bandeiras pretas, at\u00e9 porque a maioria dos afogamentos que aconteceram e tiveram v\u00edtimas mais graves ocorreram em \u00e1reas de entrepostos ou em \u00e1reas onde n\u00e3o estavam funcionando os postos de guarda-vidas. Ent\u00e3o, fiquem atentos aos hor\u00e1rios de funcionamento dos postos e sigam as orienta\u00e7\u00f5es dos guarda-vidas\u201d, informou a capit\u00e3.<\/p>\n\n\n\n<p><strong>PREVEN\u00c7\u00c3O&nbsp;<\/strong>\u2013 Mantendo a tend\u00eancia de alta, as chamadas a\u00e7\u00f5es preventivas tiveram, at\u00e9 agora, cerca de 75% de aumento. J\u00e1 foram somadas 230.766 atua\u00e7\u00f5es do tipo neste ano. No mesmo per\u00edodo da temporada passada, eram 131.845 \u2013 n\u00famero que chegou a 158.195 no final daquela edi\u00e7\u00e3o do Ver\u00e3o Maior Paran\u00e1. Essa estat\u00edstica considera a\u00e7\u00f5es de preven\u00e7\u00e3o, orienta\u00e7\u00e3o e advert\u00eancia.<\/p>\n\n\n\n<p>Preven\u00e7\u00e3o equivale \u00e0 troca de sinaliza\u00e7\u00e3o das praias, cuja quantidade de opera\u00e7\u00f5es j\u00e1 subiu 58,89%. S\u00e3o 10.671 em \/20232024; foram 6.716 no mesmo per\u00edodo de 2022\/2023; e 9.174 no total daquela temporada.<\/p>\n\n\n\n<p>A orienta\u00e7\u00e3o, que \u00e9 a a\u00e7\u00e3o de atendimento aos veranistas com instru\u00e7\u00f5es dos locais adequados para entrar na \u00e1gua, entre outras dicas de seguran\u00e7a, teve um aumento expressivo, de 83,10% em rela\u00e7\u00e3o a um ano antes. Em 53 dias de atua\u00e7\u00e3o, essa intera\u00e7\u00e3o com o p\u00fablico subiu de 86.649 para os atuais 158.655 \u2013 que superam em muito as 104.592 orienta\u00e7\u00f5es da totalidade do Ver\u00e3o Maior Paran\u00e1 passado.<\/p>\n\n\n\n<p>Outra medida importante na atua\u00e7\u00e3o dos guarda-vidas no Litoral \u2013 e que cresceu 59,67% considerando a mesma \u00e9poca da temporada passada \u2013 envolve as advert\u00eancias. Elas ocorrem quando \u00e9 preciso chamar a aten\u00e7\u00e3o do banhista que coloca outras pessoas ou a si mesmo em perigo. Neste ver\u00e3o, j\u00e1 foram 61.440 situa\u00e7\u00f5es do g\u00eanero, contra 38.480 em 2022\/2023 \u2013 a temporada passada tamb\u00e9m teve n\u00famero inferior, mesmo com 20 dias a mais na conta: 44.429 advert\u00eancias.<\/p>\n\n\n\n<p>O per\u00edodo de Carnaval tamb\u00e9m aumenta a preocupa\u00e7\u00e3o com a seguran\u00e7a das crian\u00e7as. A quantidade de meninos e meninas que se perderam de seus pais e foram localizados pelos bombeiros subiu 27,59%, de 522 (2022\/2023) para 666 (2023\/2024). Mais uma vez, a temporada atual j\u00e1 deixou para tr\u00e1s a passada, que registrou, em 72 dias, 547 crian\u00e7as encontradas e devolvidas \u00e0 fam\u00edlia.<\/p>\n\n\n\n<p>Dentro dessa preocupa\u00e7\u00e3o, \u00e9 importante que os respons\u00e1veis lembrem de colocar as pulseiras de identifica\u00e7\u00e3o nas crian\u00e7as. O item \u00e9 distribu\u00eddo gratuitamente nas praias pelos bombeiros e facilita o reencontro de pais e filhos que tenham se separado durante o passeio. Em 2022\/2023, a essa altura da temporada, haviam sido distribu\u00eddas 10.718 pulseiras (11.267 no balan\u00e7o final da opera\u00e7\u00e3o). Neste ano, j\u00e1 foram 10.267.<\/p>\n\n\n\n<p>\u201cPedimos aos pais e respons\u00e1veis para estarem sempre atentos com as crian\u00e7as, que fiquem a no m\u00e1ximo um bra\u00e7o de dist\u00e2ncia delas dentro da \u00e1gua, e que coloquem as pulseiras com nome e telefone dos respons\u00e1veis por aquela crian\u00e7a\u201d, concluiu a capit\u00e3 do Corpo de Bombeiros.<\/p>\n\n\n\n<p><strong>\u00c1GUA-VIVA<\/strong>&nbsp;\u2013 Os acidentes com animais aqu\u00e1ticos tiveram uma redu\u00e7\u00e3o bastante expressiva: de 5.151 na mesma parcial do per\u00edodo anterior para os atuais 898, uma queda de 82,5%.<\/p>\n\n\n\n<p><strong>VER\u00c3O MAIOR PARAN\u00c1<\/strong>\u00a0\u2013\u00a0O Ver\u00e3o Maior Paran\u00e1 reuniu uma s\u00e9rie de a\u00e7\u00f5es voltadas aos veranistas e moradores dos munic\u00edpios do Litoral, al\u00e9m de Porto Rico e S\u00e3o Pedro do Paran\u00e1, no Noroeste. Foram ofertadas atividades esportivas e de lazer que inclu\u00edram aulas de gin\u00e1stica, dan\u00e7a, caminhadas, recrea\u00e7\u00e3o infantil, shows, torneios e competi\u00e7\u00f5es nacionais e internacionais, programa\u00e7\u00e3o inclusiva e educa\u00e7\u00e3o ambiental. Al\u00e9m do refor\u00e7o na seguran\u00e7a, a agenda continua at\u00e9 o final de fevereiro com shows de grandes sucessos nacionais em Matinhos e Pontal do Paran\u00e1. Veja a programa\u00e7\u00e3o no site\u00a0<a href=\"https:\/\/www.verao.pr.gov.br\/\" target=\"_blank\" rel=\"noreferrer noopener\">www.verao.pr.gov.br<\/a>.<\/p>\n\n\n\n<p>AEN<\/p>\n","protected":false},"excerpt":{"rendered":"<p>Entre os atendimentos realizados pelo Corpo de Bombeiros Militar do Paran\u00e1 (CBMPR) no Litoral do Estado durante o Ver\u00e3o Maior Paran\u00e1, a estat\u00edstica de afogamentos \u00e9 a que mais cresceu em rela\u00e7\u00e3o \u00e0 temporada passada em termos percentuais. Comparando os primeiros 53 dias de opera\u00e7\u00e3o na orla paranaense nos dois anos, os n\u00fameros saltaram de [&hellip;]<\/p>\n","protected":false},"author":2,"featured_media":57862,"comment_status":"open","ping_status":"open","sticky":false,"template":"","format":"standard","meta":{"advanced_seo_description":"","jetpack_seo_html_title":"","jetpack_seo_noindex":false,"_jetpack_memberships_contains_paid_content":false,"footnotes":""},"categories":[40],"tags":[],"class_list":{"0":"post-57861","1":"post","2":"type-post","3":"status-publish","4":"format-standard","5":"has-post-thumbnail","7":"category-destaques"},"jetpack_featured_media_url":"https:\/\/www.paranapraia.com.br\/wp-content\/uploads\/2024\/02\/dsc_0550-scaled.jpg","jetpack_sharing_enabled":true,"_links":{"self":[{"href":"https:\/\/www.paranapraia.com.br\/index.php\/wp-json\/wp\/v2\/posts\/57861"}],"collection":[{"href":"https:\/\/www.paranapraia.com.br\/index.php\/wp-json\/wp\/v2\/posts"}],"about":[{"href":"https:\/\/www.paranapraia.com.br\/index.php\/wp-json\/wp\/v2\/types\/post"}],"author":[{"embeddable":true,"href":"https:\/\/www.paranapraia.com.br\/index.php\/wp-json\/wp\/v2\/users\/2"}],"replies":[{"embeddable":true,"href":"https:\/\/www.paranapraia.com.br\/index.php\/wp-json\/wp\/v2\/comments?post=57861"}],"version-history":[{"count":1,"href":"https:\/\/www.paranapraia.com.br\/index.php\/wp-json\/wp\/v2\/posts\/57861\/revisions"}],"predecessor-version":[{"id":57863,"href":"https:\/\/www.paranapraia.com.br\/index.php\/wp-json\/wp\/v2\/posts\/57861\/revisions\/57863"}],"wp:featuredmedia":[{"embeddable":true,"href":"https:\/\/www.paranapraia.com.br\/index.php\/wp-json\/wp\/v2\/media\/57862"}],"wp:attachment":[{"href":"https:\/\/www.paranapraia.com.br\/index.php\/wp-json\/wp\/v2\/media?parent=57861"}],"wp:term":[{"taxonomy":"category","embeddable":true,"href":"https:\/\/www.paranapraia.com.br\/index.php\/wp-json\/wp\/v2\/categories?post=57861"},{"taxonomy":"post_tag","embeddable":true,"href":"https:\/\/www.paranapraia.com.br\/index.php\/wp-json\/wp\/v2\/tags?post=57861"}],"curies":[{"name":"wp","href":"https:\/\/api.w.org\/{rel}","templated":true}]}}