{"id":57857,"date":"2024-02-07T20:35:45","date_gmt":"2024-02-07T23:35:45","guid":{"rendered":"https:\/\/www.paranapraia.com.br\/?p=57857"},"modified":"2024-02-07T20:35:47","modified_gmt":"2024-02-07T23:35:47","slug":"secretarias-realizam-acao-de-combate-a-invasao-de-area-publica-no-caioba","status":"publish","type":"post","link":"https:\/\/www.paranapraia.com.br\/index.php\/2024\/02\/07\/secretarias-realizam-acao-de-combate-a-invasao-de-area-publica-no-caioba\/","title":{"rendered":"Secretarias realizam a\u00e7\u00e3o de combate a invas\u00e3o de \u00e1rea p\u00fablica no Caiob\u00e1"},"content":{"rendered":"\n<p>Na tarde desta ter\u00e7a-feira (05), foi removida uma cerca instalada ilegalmente em uma \u00e1rea pertencente ao Munic\u00edpio. A a\u00e7\u00e3o, coordenada entre o Departamento de Fiscaliza\u00e7\u00e3o e a Secretaria Municipal de Urbanismo, teve o apoio da Secretaria de Obras e da Guarda Civil Municipal e aconteceu pr\u00f3ximo \u00e0 Igreja Santana, em Caiob\u00e1.<\/p>\n\n\n\n<p>O Departamento de Urbanismo informou que a cerca delimitava uma \u00e1rea p\u00fablica. Ela foi retirada pelas equipes, visando a restitui\u00e7\u00e3o do espa\u00e7o \u00e0 comunidade. Em seu lugar, foi colocada uma placa informando que se trata de uma \u00e1rea de uso p\u00fablico.<\/p>\n\n\n\n<p>A iniciativa teve como objetivo garantir o acesso irrestrito dos cidad\u00e3os a \u00e1reas que s\u00e3o de interesse comum, refor\u00e7ando a import\u00e2ncia da preserva\u00e7\u00e3o do patrim\u00f4nio p\u00fablico e da manuten\u00e7\u00e3o do espa\u00e7o urbano para o bem-estar coletivo.<\/p>\n\n\n\n<p>De acordo com a Secretaria de Urbanismo, o ato representou um marco nas medidas de fiscaliza\u00e7\u00e3o e ordenamento urbano da cidade, evidenciando o compromisso da Administra\u00e7\u00e3o Municipal em zelar pelos direitos e interesses da popula\u00e7\u00e3o.<\/p>\n\n\n\n<p>A Prefeitura de Matinhos refor\u00e7a seu compromisso com a transpar\u00eancia, legalidade e bem-estar da comunidade. A gest\u00e3o reafirma que quaisquer tentativas de explora\u00e7\u00e3o de \u00e1reas p\u00fablicas ser\u00e3o prontamente combatidas e corrigidas, em conformidade com a legisla\u00e7\u00e3o vigente.<\/p>\n\n\n\n<p>Departamento de Comunica\u00e7\u00e3o<br>Prefeitura de Matinhos<\/p>\n\n\n\n<p>Acesse o nosso portal: https:\/\/matinhos.atende.net\/cidadao\/noticia\/secretarias-realizam-acao-de-combate-a-invasao-de-area-publica-no-caioba<\/p>\n\n\n\n<h1 class=\"wp-block-heading\">\u00c1reaP\u00fablica #CombateAInvas\u00e3o #MatinhosT\u00e1Diferente #PrefeituraDeMatinhos #UmaCidadeParaTodos #Matinhos #LitoralPR<\/h1>\n","protected":false},"excerpt":{"rendered":"<p>Na tarde desta ter\u00e7a-feira (05), foi removida uma cerca instalada ilegalmente em uma \u00e1rea pertencente ao Munic\u00edpio. A a\u00e7\u00e3o, coordenada entre o Departamento de Fiscaliza\u00e7\u00e3o e a Secretaria Municipal de Urbanismo, teve o apoio da Secretaria de Obras e da Guarda Civil Municipal e aconteceu pr\u00f3ximo \u00e0 Igreja Santana, em Caiob\u00e1. O Departamento de Urbanismo [&hellip;]<\/p>\n","protected":false},"author":2,"featured_media":57858,"comment_status":"open","ping_status":"open","sticky":false,"template":"","format":"standard","meta":{"advanced_seo_description":"","jetpack_seo_html_title":"","jetpack_seo_noindex":false,"_jetpack_memberships_contains_paid_content":false,"footnotes":""},"categories":[88],"tags":[],"class_list":{"0":"post-57857","1":"post","2":"type-post","3":"status-publish","4":"format-standard","5":"has-post-thumbnail","7":"category-matinhos"},"jetpack_featured_media_url":"https:\/\/www.paranapraia.com.br\/wp-content\/uploads\/2024\/02\/FB_IMG_1707348921483-scaled.jpg","jetpack_sharing_enabled":true,"_links":{"self":[{"href":"https:\/\/www.paranapraia.com.br\/index.php\/wp-json\/wp\/v2\/posts\/57857"}],"collection":[{"href":"https:\/\/www.paranapraia.com.br\/index.php\/wp-json\/wp\/v2\/posts"}],"about":[{"href":"https:\/\/www.paranapraia.com.br\/index.php\/wp-json\/wp\/v2\/types\/post"}],"author":[{"embeddable":true,"href":"https:\/\/www.paranapraia.com.br\/index.php\/wp-json\/wp\/v2\/users\/2"}],"replies":[{"embeddable":true,"href":"https:\/\/www.paranapraia.com.br\/index.php\/wp-json\/wp\/v2\/comments?post=57857"}],"version-history":[{"count":1,"href":"https:\/\/www.paranapraia.com.br\/index.php\/wp-json\/wp\/v2\/posts\/57857\/revisions"}],"predecessor-version":[{"id":57859,"href":"https:\/\/www.paranapraia.com.br\/index.php\/wp-json\/wp\/v2\/posts\/57857\/revisions\/57859"}],"wp:featuredmedia":[{"embeddable":true,"href":"https:\/\/www.paranapraia.com.br\/index.php\/wp-json\/wp\/v2\/media\/57858"}],"wp:attachment":[{"href":"https:\/\/www.paranapraia.com.br\/index.php\/wp-json\/wp\/v2\/media?parent=57857"}],"wp:term":[{"taxonomy":"category","embeddable":true,"href":"https:\/\/www.paranapraia.com.br\/index.php\/wp-json\/wp\/v2\/categories?post=57857"},{"taxonomy":"post_tag","embeddable":true,"href":"https:\/\/www.paranapraia.com.br\/index.php\/wp-json\/wp\/v2\/tags?post=57857"}],"curies":[{"name":"wp","href":"https:\/\/api.w.org\/{rel}","templated":true}]}}