{"id":57854,"date":"2024-02-07T20:13:57","date_gmt":"2024-02-07T23:13:57","guid":{"rendered":"https:\/\/www.paranapraia.com.br\/?p=57854"},"modified":"2024-02-07T20:14:00","modified_gmt":"2024-02-07T23:14:00","slug":"prefeitura-e-sanepar-se-reunem-para-melhorar-as-condicoes-de-trafego-em-calcadas-e-ruas-de-matinhos","status":"publish","type":"post","link":"https:\/\/www.paranapraia.com.br\/index.php\/2024\/02\/07\/prefeitura-e-sanepar-se-reunem-para-melhorar-as-condicoes-de-trafego-em-calcadas-e-ruas-de-matinhos\/","title":{"rendered":"Prefeitura e Sanepar se re\u00fanem para melhorar as condi\u00e7\u00f5es de tr\u00e1fego em cal\u00e7adas e ruas de Matinhos"},"content":{"rendered":"\n<p>Os danos em vias p\u00fablicas, tanto na pista de rolamento como nas cal\u00e7adas, provocados por obras de empresas terceirizadas contratadas pela Sanepar, s\u00e3o um problema cr\u00f4nico que se potencializa em per\u00edodos como o atual, de temporada. Isso ocorre n\u00e3o s\u00f3 devido \u00e0s chuvas, que contribuem para o atraso na conclus\u00e3o das obras, mas tamb\u00e9m pela maior circula\u00e7\u00e3o de pessoas e ve\u00edculos nas vias p\u00fablicas, ampliando o problema.<\/p>\n\n\n\n<p>Preocupada com os transtornos causados, a Prefeitura de Matinhos realizou uma reuni\u00e3o na manh\u00e3 desta ter\u00e7a-feira para cobrar da dire\u00e7\u00e3o da Sanepar provid\u00eancias para a solu\u00e7\u00e3o dos problemas. Juntos discutiram prioritariamente a conclus\u00e3o imediata da recupera\u00e7\u00e3o de pelo menos 20 pontos que necessitam de recomposi\u00e7\u00e3o dos pisos.<\/p>\n\n\n\n<p>Participaram da reuni\u00e3o o Secret\u00e1rio de Obras do Munic\u00edpio, Jo\u00e3o Carlos do Esp\u00edrito Santo, os diretores da pasta, Nelinho Louren\u00e7o e Alexsandro Lima, o presidente da C\u00e2mara Municipal, Jos\u00e9 Fernando de Lima e Marcos Eduardo Nunes, Gerente Regional da Sanepar, acompanhado de seus assessores e t\u00e9cnicos,<\/p>\n\n\n\n<p>Departamento de Comunica\u00e7\u00e3o<br>Prefeitura de Matinhos<\/p>\n\n\n\n<p>Acesse o nosso portal: https:\/\/matinhos.atende.net\/cidadao\/noticia\/prefeitura-e-sanepar-se-reunem-para-melhorar-as-condicoes-de-trafego-em-calcadas-e-ruas-de-matinhos<\/p>\n\n\n\n<h1 class=\"wp-block-heading\">Sanepar #SecretariaDeObras #MatinhosT\u00e1Diferente #PrefeituraDeMatinhos #UmaCidadeParaTodos #Matinhos #LitoralPR<\/h1>\n","protected":false},"excerpt":{"rendered":"<p>Os danos em vias p\u00fablicas, tanto na pista de rolamento como nas cal\u00e7adas, provocados por obras de empresas terceirizadas contratadas pela Sanepar, s\u00e3o um problema cr\u00f4nico que se potencializa em per\u00edodos como o atual, de temporada. Isso ocorre n\u00e3o s\u00f3 devido \u00e0s chuvas, que contribuem para o atraso na conclus\u00e3o das obras, mas tamb\u00e9m pela [&hellip;]<\/p>\n","protected":false},"author":2,"featured_media":57855,"comment_status":"open","ping_status":"open","sticky":false,"template":"","format":"standard","meta":{"advanced_seo_description":"","jetpack_seo_html_title":"","jetpack_seo_noindex":false,"_jetpack_memberships_contains_paid_content":false,"footnotes":""},"categories":[88],"tags":[],"class_list":{"0":"post-57854","1":"post","2":"type-post","3":"status-publish","4":"format-standard","5":"has-post-thumbnail","7":"category-matinhos"},"jetpack_featured_media_url":"https:\/\/www.paranapraia.com.br\/wp-content\/uploads\/2024\/02\/FB_IMG_1707347579730-scaled.jpg","jetpack_sharing_enabled":true,"_links":{"self":[{"href":"https:\/\/www.paranapraia.com.br\/index.php\/wp-json\/wp\/v2\/posts\/57854"}],"collection":[{"href":"https:\/\/www.paranapraia.com.br\/index.php\/wp-json\/wp\/v2\/posts"}],"about":[{"href":"https:\/\/www.paranapraia.com.br\/index.php\/wp-json\/wp\/v2\/types\/post"}],"author":[{"embeddable":true,"href":"https:\/\/www.paranapraia.com.br\/index.php\/wp-json\/wp\/v2\/users\/2"}],"replies":[{"embeddable":true,"href":"https:\/\/www.paranapraia.com.br\/index.php\/wp-json\/wp\/v2\/comments?post=57854"}],"version-history":[{"count":1,"href":"https:\/\/www.paranapraia.com.br\/index.php\/wp-json\/wp\/v2\/posts\/57854\/revisions"}],"predecessor-version":[{"id":57856,"href":"https:\/\/www.paranapraia.com.br\/index.php\/wp-json\/wp\/v2\/posts\/57854\/revisions\/57856"}],"wp:featuredmedia":[{"embeddable":true,"href":"https:\/\/www.paranapraia.com.br\/index.php\/wp-json\/wp\/v2\/media\/57855"}],"wp:attachment":[{"href":"https:\/\/www.paranapraia.com.br\/index.php\/wp-json\/wp\/v2\/media?parent=57854"}],"wp:term":[{"taxonomy":"category","embeddable":true,"href":"https:\/\/www.paranapraia.com.br\/index.php\/wp-json\/wp\/v2\/categories?post=57854"},{"taxonomy":"post_tag","embeddable":true,"href":"https:\/\/www.paranapraia.com.br\/index.php\/wp-json\/wp\/v2\/tags?post=57854"}],"curies":[{"name":"wp","href":"https:\/\/api.w.org\/{rel}","templated":true}]}}