{"id":57845,"date":"2024-02-07T08:36:32","date_gmt":"2024-02-07T11:36:32","guid":{"rendered":"https:\/\/www.paranapraia.com.br\/?p=57845"},"modified":"2024-02-07T08:36:35","modified_gmt":"2024-02-07T11:36:35","slug":"corpo-de-bombeiros-forma-novos-guarda-vidas-militares-e-civis","status":"publish","type":"post","link":"https:\/\/www.paranapraia.com.br\/index.php\/2024\/02\/07\/corpo-de-bombeiros-forma-novos-guarda-vidas-militares-e-civis\/","title":{"rendered":"Corpo de Bombeiros forma novos guarda-vidas militares e civis"},"content":{"rendered":"\n<p>Na segunda-feira (5), o prefeito Roberto Justus prestigiou as formaturas dos cursos de guarda-vidas militar e de guarda-vidas civil, promovidas pelo Corpo de Bombeiros Militar do Paran\u00e1 (CBMPR) em Caiob\u00e1, no Litoral.<\/p>\n\n\n\n<p><br>Os cursos t\u00eam como objetivo a capacita\u00e7\u00e3o para preven\u00e7\u00e3o, salvamento aqu\u00e1tico e atendimento de socorro em casos de afogamento. O primeiro \u00e9 destinado a integrantes do efetivo da institui\u00e7\u00e3o; o segundo, para volunt\u00e1rios da sociedade.<\/p>\n\n\n\n<p><br>O treinamento iniciou em outubro, para os 39 bombeiros militares que participaram do curso voltado ao efetivo. As atividades de treinamento f\u00edsico e instru\u00e7\u00f5es te\u00f3ricas aconteceram em S\u00e3o Jos\u00e9 dos Pinhais. E o trabalho pr\u00e1tico, nas \u00e1guas do litoral paranaense. A forma\u00e7\u00e3o teve dura\u00e7\u00e3o de 620 horas, incluindo 240 horas de est\u00e1gio, realizado durante o Ver\u00e3o Maior Paran\u00e1 2023\/2024.<\/p>\n\n\n\n<p><br>Segundo o comandante do 8\u00ba Grupamento de Bombeiros, respons\u00e1vel pelo atendimento do Litoral, major Fabr\u00edcio Frazatto dos Santos, o objetivo \u00e9 desenvolver a capacidade de resposta qualificada em caso de emerg\u00eancias e a habilidade de prevenir acidentes e afogamentos. \u201cNesse per\u00edodo de est\u00e1gio eles est\u00e3o sempre acompanhados de um guarda-vidas mais antigo, justamente para poderem pegar a rotina do servi\u00e7o. Eles aprendem na pr\u00e1tica o que \u00e9 uma corrente de retorno, sua din\u00e2mica, o que deve ser sinalizado no posto de guarda-vidas e qual \u00e9 a preocupa\u00e7\u00e3o em rela\u00e7\u00e3o \u00e0s pessoas que chegam ali para se banhar\u201d, explica Frazatto.<\/p>\n\n\n\n<p>No final da celebra\u00e7\u00e3o os novos guarda-vidas militares, como manda a tradi\u00e7\u00e3o, entraram no mar em busca da camiseta amarela. O uniforme representa o preparo e a honra do guarda-vidas. O curso de forma\u00e7\u00e3o \u00e9 um dos mais concorridos dentro da corpora\u00e7\u00e3o.<br>O cabo Manoel Orlando Gapski, que atua h\u00e1 13 anos no Corpo<\/p>\n\n\n\n<p> de Bombeiros e foi o orador da turma de formandos, disse que a jornada \u00e9 dif\u00edcil, mas gratificante. \u201cQuem vem est\u00e1 consciente e treinado para suportar as adversidades do curso. Vale a pena\u201d, celebra.<br>A data tamb\u00e9m foi de muita emo\u00e7\u00e3o para os 84 guarda-vidas civis volunt\u00e1rios que finalizaram o curso na modalidade \u00e1guas abertas, ou seja, voltado para as a\u00e7\u00f5es no mar. Eles passaram por um per\u00edodo de instru\u00e7\u00e3o de 120 horas, e o tempo de est\u00e1gio foi de 300 horas. Durante o per\u00edodo de capacita\u00e7\u00e3o, os aspirantes ao posto de guarda-vidas civil atuaram como refor\u00e7o ao trabalho dos bombeiros militares na preven\u00e7\u00e3o de ocorr\u00eancias e no atendimento a afogamentos.<\/p>\n\n\n\n<p><br>O foco do curso dos guarda-vidas civis volunt\u00e1rios est\u00e1 nas pessoas que gostam de estar na \u00e1gua, como surfistas, pescadores e moradores ribeirinhos. \u201cO curso de guarda-vidas civil \u00e9 o nosso maior projeto social. O civil aprende os conhecimentos e os perigos do ambiente aqu\u00e1tico e vai difundir isso no seu espa\u00e7o social e amplificar nossa miss\u00e3o, que \u00e9 a preven\u00e7\u00e3o de afogamentos\u201d, disse o major Frazatto.<\/p>\n\n\n\n<p><br>A vers\u00e3o civil do curso \u00e9 mais curta em fun\u00e7\u00e3o da compreens\u00e3o de que esses volunt\u00e1rios precisam equilibrar o tempo da prepara\u00e7\u00e3o volunt\u00e1ria com suas responsabilidades no trabalho, na fam\u00edlia e nos estudos. Durante o Ver\u00e3o Maior Paran\u00e1, o est\u00e1gio \u00e9 sempre sob acompanhamento de um guarda-vidas militar. Formados, eles se tornam aptos a participar do trabalho de guarda-vidas quando houver necessidade.<\/p>\n\n\n\n<p><br>Segundo o subtenente da reserva do CBMPR e orador da turma, Marcelo Paes, a conquista do certificado reflete n\u00e3o s\u00f3 em conhecimentos t\u00e9cnicos adquiridos, mas tamb\u00e9m na disposi\u00e7\u00e3o, coragem e perseveran\u00e7a que nortearam a trajet\u00f3ria ao longo dos meses.<\/p>\n\n\n\n<p>Com informa\u00e7\u00f5es da Ag\u00eancia Estadual de Not\u00edcias.<\/p>\n\n\n\n<h1 class=\"wp-block-heading\">prefsguaratuba #guaratubapr #litoralpr #corpodebombeiros<\/h1>\n","protected":false},"excerpt":{"rendered":"<p>Na segunda-feira (5), o prefeito Roberto Justus prestigiou as formaturas dos cursos de guarda-vidas militar e de guarda-vidas civil, promovidas pelo Corpo de Bombeiros Militar do Paran\u00e1 (CBMPR) em Caiob\u00e1, no Litoral. Os cursos t\u00eam como objetivo a capacita\u00e7\u00e3o para preven\u00e7\u00e3o, salvamento aqu\u00e1tico e atendimento de socorro em casos de afogamento. O primeiro \u00e9 destinado [&hellip;]<\/p>\n","protected":false},"author":2,"featured_media":57846,"comment_status":"open","ping_status":"open","sticky":false,"template":"","format":"standard","meta":{"advanced_seo_description":"","jetpack_seo_html_title":"","jetpack_seo_noindex":false,"_jetpack_memberships_contains_paid_content":false,"footnotes":""},"categories":[99],"tags":[],"class_list":{"0":"post-57845","1":"post","2":"type-post","3":"status-publish","4":"format-standard","5":"has-post-thumbnail","7":"category-guaratuba"},"jetpack_featured_media_url":"https:\/\/www.paranapraia.com.br\/wp-content\/uploads\/2024\/02\/FB_IMG_1707305696214-scaled.jpg","jetpack_sharing_enabled":true,"_links":{"self":[{"href":"https:\/\/www.paranapraia.com.br\/index.php\/wp-json\/wp\/v2\/posts\/57845"}],"collection":[{"href":"https:\/\/www.paranapraia.com.br\/index.php\/wp-json\/wp\/v2\/posts"}],"about":[{"href":"https:\/\/www.paranapraia.com.br\/index.php\/wp-json\/wp\/v2\/types\/post"}],"author":[{"embeddable":true,"href":"https:\/\/www.paranapraia.com.br\/index.php\/wp-json\/wp\/v2\/users\/2"}],"replies":[{"embeddable":true,"href":"https:\/\/www.paranapraia.com.br\/index.php\/wp-json\/wp\/v2\/comments?post=57845"}],"version-history":[{"count":1,"href":"https:\/\/www.paranapraia.com.br\/index.php\/wp-json\/wp\/v2\/posts\/57845\/revisions"}],"predecessor-version":[{"id":57847,"href":"https:\/\/www.paranapraia.com.br\/index.php\/wp-json\/wp\/v2\/posts\/57845\/revisions\/57847"}],"wp:featuredmedia":[{"embeddable":true,"href":"https:\/\/www.paranapraia.com.br\/index.php\/wp-json\/wp\/v2\/media\/57846"}],"wp:attachment":[{"href":"https:\/\/www.paranapraia.com.br\/index.php\/wp-json\/wp\/v2\/media?parent=57845"}],"wp:term":[{"taxonomy":"category","embeddable":true,"href":"https:\/\/www.paranapraia.com.br\/index.php\/wp-json\/wp\/v2\/categories?post=57845"},{"taxonomy":"post_tag","embeddable":true,"href":"https:\/\/www.paranapraia.com.br\/index.php\/wp-json\/wp\/v2\/tags?post=57845"}],"curies":[{"name":"wp","href":"https:\/\/api.w.org\/{rel}","templated":true}]}}