{"id":57842,"date":"2024-02-06T14:40:14","date_gmt":"2024-02-06T17:40:14","guid":{"rendered":"https:\/\/www.paranapraia.com.br\/?p=57842"},"modified":"2024-02-06T14:40:20","modified_gmt":"2024-02-06T17:40:20","slug":"prefeitura-reune-pescadores-para-levantamento-sobre-implantacao-do-refugio-da-vida-silvestre-ilhas-dos-guaras","status":"publish","type":"post","link":"https:\/\/www.paranapraia.com.br\/index.php\/2024\/02\/06\/prefeitura-reune-pescadores-para-levantamento-sobre-implantacao-do-refugio-da-vida-silvestre-ilhas-dos-guaras\/","title":{"rendered":"Prefeitura re\u00fane pescadores para levantamento sobre implanta\u00e7\u00e3o do Ref\u00fagio da Vida Silvestre Ilhas dos Guar\u00e1s"},"content":{"rendered":"\n<p>Na segunda-feira (5) a Secretaria Municipal da Pesca e da Agricultura, o Departamento de Economia Rural (DERAL), o Instituto de Desenvolvimento Rural do Paran\u00e1 (IDR) e a Associa\u00e7\u00e3o de Pescadores e Armadores de Guaratuba e Regi\u00e3o (APAGRE), realizaram uma reuni\u00e3o na sede da Secretaria da Pesca e da Agricultura sobre a implanta\u00e7\u00e3o do Ref\u00fagio da Vida Silvestre &#8211; REVIS das Ilhas dos Guar\u00e1s na Ba\u00eda de Guaratuba.<\/p>\n\n\n\n<p><br>A reuni\u00e3o contou com a participa\u00e7\u00e3o dos pescadores locais e teve como objetivo coletar informa\u00e7\u00f5es sobre o cotidiano e as dificuldades que envolvem a atividade pesqueira artesanal no local em que ser\u00e1 implantado o REVIS. As informa\u00e7\u00f5es ser\u00e3o encaminhadas para o Instituto \u00c1gua e Terra, \u00f3rg\u00e3o respons\u00e1vel pelas pesquisas para a instala\u00e7\u00e3o do ref\u00fagio, que dar\u00e1 continuidade aos tr\u00e2mites, com audi\u00eancias p\u00fablicas para apresenta\u00e7\u00e3o e discuss\u00e3o sobre o processo de cria\u00e7\u00e3o do REVIS Ilha dos Guar\u00e1s.<\/p>\n\n\n\n<p><br>O secret\u00e1rio da Pesca e da Agricultura Cidalgo Chinasso, destacou a import\u00e2ncia do levantamento de informa\u00e7\u00f5es junto \u00e0 classe pesqueira, sobre poss\u00edveis impactos para a atividade da pesca artesanal na regi\u00e3o. \u201cO nosso papel neste momento \u00e9 avaliar todas as quest\u00f5es sobre a implementa\u00e7\u00e3o do REVIS Ilha dos Guar\u00e1s, principalmente as que afetam diretamente a pesca artesanal, que \u00e9 primordial para o sustento da classe. Estamos aqui para defender o pescador, respeitando as leis ambientais e tamb\u00e9m a preserva\u00e7\u00e3o da esp\u00e9cie Guar\u00e1, e as demais aves que vivem na Ba\u00eda de Guaratuba\u201d, afirmou.<\/p>\n\n\n\n<p><br>O secret\u00e1rio tamb\u00e9m destacou que o projeto visa o turismo ecol\u00f3gico, uma poss\u00edvel fonte de renda para as comunidades tradicionais que utilizam a Ba\u00eda de Guaratuba como sustento da fam\u00edlia.<br>A Unidade de Conserva\u00e7\u00e3o Ref\u00fagio da Vida Silvestre das Ilhas dos Guar\u00e1s, \u00e9 resultado de um estudo t\u00e9cnico ambiental realizado junto \u00e0 Universidade Federal do Paran\u00e1 \u2013 UFPR, que identifica \u00e1reas priorit\u00e1rias para a conserva\u00e7\u00e3o da esp\u00e9cie Guar\u00e1, as Estuarinas e as Migrat\u00f3rias, sendo o local escolhido de grande relev\u00e2ncia para a biodiversidade.<br>Participaram da reuni\u00e3o o secret\u00e1rio da Pesca e da Agricultura Cidalgo Chinasso, o chefe Regional da Secretaria da Agricultura e do Abastecimento &#8211; SEAB no Litoral Mauricio Tadeu Lunardon, o t\u00e9cnico do IDR Adriano Machado, o presidente da APAGRE Wallace Aguiar, o diretor-geral da Secretaria Municipal do Meio Ambiente Edgar Fernandez, pescadores e comunidade local.<\/p>\n\n\n\n<h1 class=\"wp-block-heading\">prefsguaratuba #litoralpr #guaratubapr #pesca<\/h1>\n","protected":false},"excerpt":{"rendered":"<p>Na segunda-feira (5) a Secretaria Municipal da Pesca e da Agricultura, o Departamento de Economia Rural (DERAL), o Instituto de Desenvolvimento Rural do Paran\u00e1 (IDR) e a Associa\u00e7\u00e3o de Pescadores e Armadores de Guaratuba e Regi\u00e3o (APAGRE), realizaram uma reuni\u00e3o na sede da Secretaria da Pesca e da Agricultura sobre a implanta\u00e7\u00e3o do Ref\u00fagio da [&hellip;]<\/p>\n","protected":false},"author":2,"featured_media":57843,"comment_status":"open","ping_status":"open","sticky":false,"template":"","format":"standard","meta":{"advanced_seo_description":"","jetpack_seo_html_title":"","jetpack_seo_noindex":false,"_jetpack_memberships_contains_paid_content":false,"footnotes":""},"categories":[99],"tags":[],"class_list":{"0":"post-57842","1":"post","2":"type-post","3":"status-publish","4":"format-standard","5":"has-post-thumbnail","7":"category-guaratuba"},"jetpack_featured_media_url":"https:\/\/www.paranapraia.com.br\/wp-content\/uploads\/2024\/02\/FB_IMG_1707241053814-scaled.jpg","jetpack_sharing_enabled":true,"_links":{"self":[{"href":"https:\/\/www.paranapraia.com.br\/index.php\/wp-json\/wp\/v2\/posts\/57842"}],"collection":[{"href":"https:\/\/www.paranapraia.com.br\/index.php\/wp-json\/wp\/v2\/posts"}],"about":[{"href":"https:\/\/www.paranapraia.com.br\/index.php\/wp-json\/wp\/v2\/types\/post"}],"author":[{"embeddable":true,"href":"https:\/\/www.paranapraia.com.br\/index.php\/wp-json\/wp\/v2\/users\/2"}],"replies":[{"embeddable":true,"href":"https:\/\/www.paranapraia.com.br\/index.php\/wp-json\/wp\/v2\/comments?post=57842"}],"version-history":[{"count":1,"href":"https:\/\/www.paranapraia.com.br\/index.php\/wp-json\/wp\/v2\/posts\/57842\/revisions"}],"predecessor-version":[{"id":57844,"href":"https:\/\/www.paranapraia.com.br\/index.php\/wp-json\/wp\/v2\/posts\/57842\/revisions\/57844"}],"wp:featuredmedia":[{"embeddable":true,"href":"https:\/\/www.paranapraia.com.br\/index.php\/wp-json\/wp\/v2\/media\/57843"}],"wp:attachment":[{"href":"https:\/\/www.paranapraia.com.br\/index.php\/wp-json\/wp\/v2\/media?parent=57842"}],"wp:term":[{"taxonomy":"category","embeddable":true,"href":"https:\/\/www.paranapraia.com.br\/index.php\/wp-json\/wp\/v2\/categories?post=57842"},{"taxonomy":"post_tag","embeddable":true,"href":"https:\/\/www.paranapraia.com.br\/index.php\/wp-json\/wp\/v2\/tags?post=57842"}],"curies":[{"name":"wp","href":"https:\/\/api.w.org\/{rel}","templated":true}]}}