{"id":57839,"date":"2024-02-05T09:47:42","date_gmt":"2024-02-05T12:47:42","guid":{"rendered":"https:\/\/www.paranapraia.com.br\/?p=57839"},"modified":"2024-02-05T09:47:45","modified_gmt":"2024-02-05T12:47:45","slug":"de-olho-num-carnaval-natural-parques-do-parana-tem-flora-rica-e-cores-exuberantes","status":"publish","type":"post","link":"https:\/\/www.paranapraia.com.br\/index.php\/2024\/02\/05\/de-olho-num-carnaval-natural-parques-do-parana-tem-flora-rica-e-cores-exuberantes\/","title":{"rendered":"De olho num Carnaval natural? Parques do Paran\u00e1 t\u00eam flora rica e cores exuberantes"},"content":{"rendered":"\n<p>Guanandi, ara\u00e7\u00e1, jaracati\u00e1, canaf\u00edstula, bolsa-de-pastor, vassour\u00e3o-branco e tamb\u00e9m a inconfund\u00edvel arauc\u00e1ria. Essa \u00e9 parte da sele\u00e7\u00e3o de incont\u00e1veis esp\u00e9cies nativas de flora do Paran\u00e1 espalhada pelas Unidades de Conserva\u00e7\u00e3o (UCs) administradas pelo Instituto \u00c1gua e Terra (IAT). Dessas, 25 est\u00e3o atualmente abertas \u00e0 visita\u00e7\u00e3o, inclusive durante o Carnaval, e convidam para passeios com foco na riqueza da flora paranaense. O Estado tem verdadeiros jardins bot\u00e2nicos encravados na Mata Atl\u00e2ntica ou no Cerrado, como \u00e9 o caso do parque em Jaguaria\u00edva.<\/p>\n\n\n\n<p><strong>Confira quatro dicas de passeios em lugares distintos do Paran\u00e1:<\/strong><\/p>\n\n\n\n<p><strong>RIO DA ON\u00c7A<\/strong><\/p>\n\n\n\n<p>Localizado em Matinhos, o Parque Estadual do Rio da On\u00e7a \u00e9 conhecido por possuir cinco trilhas que permitem o contato com uma grande diversidade de esp\u00e9cies da flora litor\u00e2nea do Estado ao longo de 1.659 hectares. Entre elas, destaque para o guanandi (<em>Calophyllum brasiliense<\/em>), a canelinha (<em>Ocotea pulchella<\/em>) e o ara\u00e7\u00e1 (<em>Psidium cattleianum<\/em>), al\u00e9m, \u00e9 claro, dos mais diversos tipos de orqu\u00eddeas.<\/p>\n\n\n\n<p>H\u00e1, ainda, uma infinidade de brom\u00e9lias, fam\u00edlia de plantas conhecida pelas cores vibrantes e pelos formatos diferenciados de flores e folhas. O espa\u00e7o re\u00fane 80 esp\u00e9cies da planta, como a brom\u00e9lia imperial (<em>Alcantarea imperialis<\/em>) e a espada-de-fogo (<em>Vriesea Splendens<\/em>). Existe at\u00e9 um local pr\u00f3prio para apreci\u00e1-las: o Mirante das Brom\u00e9lias, que fica no meio da Trilha Tem\u00e1tica e permite a visualiza\u00e7\u00e3o das copas das \u00e1rvores onde as plantas est\u00e3o caprichosamente posicionadas.<\/p>\n\n\n\n<p><strong>COMO CHEGAR<\/strong>\u00a0\u2013 O parque est\u00e1 localizado na Rua Argentina, 99, em Matinhos. O acesso \u00e9 feito pela PR-412 no Balne\u00e1rio Riviera II. O hor\u00e1rio de funcionamento \u00e9 de segunda a quarta-feira, das 8h \u00e0s 17h. Para visitas de grupos com 10 pessoas ou mais, deve ser feito um agendamento pr\u00e9vio pelo telefone (41) 3453-2472. A entrada \u00e9 gratuita.<\/p>\n\n\n\n<p><strong>S\u00c3O CAMILO<\/strong><\/p>\n\n\n\n<p>O esfor\u00e7o para conserva\u00e7\u00e3o ambiental exige cuidados redobrados com as \u00e1rvores antigas. \u00c9 o caso do Parque Estadual S\u00e3o Camilo, localizado em Palotina, no Oeste do Paran\u00e1. A vegeta\u00e7\u00e3o \u00e9 caracter\u00edstica do bioma Floresta Estacional Semidecidual, e inclui \u00e1rvores como jaracati\u00e1 (<em>Jaracatia spinosa<\/em>) e angico (<em>Parapiptadenia rigida<\/em>).<\/p>\n\n\n\n<p>Al\u00e9m da idade, os esp\u00e9cimes impressionam pelo tamanho. \u00c9 poss\u00edvel encontrar j\u00e1 na borda do parque, por exemplo, perobas (<em>Aspidosperma polyneuron<\/em>) com 30 metros de altura e aproximadamente 70 anos, al\u00e9m de uma canaf\u00edstula (<em>Peltophorum dubium<\/em>) de 35 metros de altura que j\u00e1 passou dos 300 anos. A dica \u00e9 pegar a Trilha da Ponte, o principal atrativo do espa\u00e7o, e desbravar esse mundo encantado.<\/p>\n\n\n\n<p><strong>COMO CHEGAR&nbsp;<\/strong>\u2013 O acesso ao parque por Palotina se d\u00e1 pelas rodovias estaduais PR-182 e PR-364 ou pela rodovia federal BR-467. O complexo est\u00e1 aberto de quarta a segunda-feira, das 8h30 \u00e0s 16h. N\u00e3o h\u00e1 cobran\u00e7a de ingresso.<\/p>\n\n\n\n<p><strong>CERRADO<\/strong><\/p>\n\n\n\n<p>Apesar de estar localizado majoritariamente no bioma da Mata Atl\u00e2ntica, o Paran\u00e1 ainda abriga alguns remanescentes de Cerrado, vegeta\u00e7\u00e3o caracter\u00edstica da regi\u00e3o Centro-Oeste do Pa\u00eds e que corre risco de extin\u00e7\u00e3o. O Parque Estadual do Cerrado, em Jaguaria\u00edva, nos Campos Gerais, foi criado para proteger um dos \u00faltimos remanescentes bem conservados deste bioma no Estado.<\/p>\n\n\n\n<p>O espa\u00e7o possui v\u00e1rias plantas nativas em estado vulner\u00e1vel ou com risco de extin\u00e7\u00e3o, que possuem flores e frutos chamativos, como a fruta-do-tatu (<em>Pradosia brevipes<\/em>), a catuaba (<em>Anemopaegma arvense<\/em>), a gonfrena (<em>Gomphrena paranensis<\/em>) e a bolsa-de-pastor (<em>Zeyheria montana<\/em>). Os visitantes podem observar a vegeta\u00e7\u00e3o a partir das trilhas e do mirante do parque, que tamb\u00e9m permite a visualiza\u00e7\u00e3o de forma\u00e7\u00f5es geol\u00f3gicas como o c\u00e2nion do Rio Jaguaria\u00edva.<\/p>\n\n\n\n<p><strong>COMO CHEGAR<\/strong>\u00a0\u2013 O parque funciona de quarta a segunda-feira, das 8h30 \u00e0s 16h. Para chegar no complexo existem dois caminhos. O primeiro \u00e9 passando pelo centro de Arapoti e seguir at\u00e9 o quil\u00f4metro 324 da PR-092, entrando \u00e0 esquerda na estrada sem pavimenta\u00e7\u00e3o e seguindo por 18 quil\u00f4metros at\u00e9 o parque. A segunda possibilidade \u00e9 saindo do centro de Jaguaria\u00edva, no sentido da subesta\u00e7\u00e3o de energia da Copel, no bairro Samambaia. A partir da estrada de ch\u00e3o, s\u00e3o 11 quil\u00f4metros at\u00e9 a Unidade de Conserva\u00e7\u00e3o.<\/p>\n\n\n\n<p>AEN<\/p>\n","protected":false},"excerpt":{"rendered":"<p>Guanandi, ara\u00e7\u00e1, jaracati\u00e1, canaf\u00edstula, bolsa-de-pastor, vassour\u00e3o-branco e tamb\u00e9m a inconfund\u00edvel arauc\u00e1ria. Essa \u00e9 parte da sele\u00e7\u00e3o de incont\u00e1veis esp\u00e9cies nativas de flora do Paran\u00e1 espalhada pelas Unidades de Conserva\u00e7\u00e3o (UCs) administradas pelo Instituto \u00c1gua e Terra (IAT). Dessas, 25 est\u00e3o atualmente abertas \u00e0 visita\u00e7\u00e3o, inclusive durante o Carnaval, e convidam para passeios com foco na [&hellip;]<\/p>\n","protected":false},"author":2,"featured_media":57840,"comment_status":"open","ping_status":"open","sticky":false,"template":"","format":"standard","meta":{"advanced_seo_description":"","jetpack_seo_html_title":"","jetpack_seo_noindex":false,"_jetpack_memberships_contains_paid_content":false,"footnotes":""},"categories":[40],"tags":[],"class_list":{"0":"post-57839","1":"post","2":"type-post","3":"status-publish","4":"format-standard","5":"has-post-thumbnail","7":"category-destaques"},"jetpack_featured_media_url":"https:\/\/www.paranapraia.com.br\/wp-content\/uploads\/2024\/02\/flora_1_prefeitura_de_jaguariaiva_0-scaled.jpg","jetpack_sharing_enabled":true,"_links":{"self":[{"href":"https:\/\/www.paranapraia.com.br\/index.php\/wp-json\/wp\/v2\/posts\/57839"}],"collection":[{"href":"https:\/\/www.paranapraia.com.br\/index.php\/wp-json\/wp\/v2\/posts"}],"about":[{"href":"https:\/\/www.paranapraia.com.br\/index.php\/wp-json\/wp\/v2\/types\/post"}],"author":[{"embeddable":true,"href":"https:\/\/www.paranapraia.com.br\/index.php\/wp-json\/wp\/v2\/users\/2"}],"replies":[{"embeddable":true,"href":"https:\/\/www.paranapraia.com.br\/index.php\/wp-json\/wp\/v2\/comments?post=57839"}],"version-history":[{"count":1,"href":"https:\/\/www.paranapraia.com.br\/index.php\/wp-json\/wp\/v2\/posts\/57839\/revisions"}],"predecessor-version":[{"id":57841,"href":"https:\/\/www.paranapraia.com.br\/index.php\/wp-json\/wp\/v2\/posts\/57839\/revisions\/57841"}],"wp:featuredmedia":[{"embeddable":true,"href":"https:\/\/www.paranapraia.com.br\/index.php\/wp-json\/wp\/v2\/media\/57840"}],"wp:attachment":[{"href":"https:\/\/www.paranapraia.com.br\/index.php\/wp-json\/wp\/v2\/media?parent=57839"}],"wp:term":[{"taxonomy":"category","embeddable":true,"href":"https:\/\/www.paranapraia.com.br\/index.php\/wp-json\/wp\/v2\/categories?post=57839"},{"taxonomy":"post_tag","embeddable":true,"href":"https:\/\/www.paranapraia.com.br\/index.php\/wp-json\/wp\/v2\/tags?post=57839"}],"curies":[{"name":"wp","href":"https:\/\/api.w.org\/{rel}","templated":true}]}}