{"id":57833,"date":"2024-02-04T11:52:17","date_gmt":"2024-02-04T14:52:17","guid":{"rendered":"https:\/\/www.paranapraia.com.br\/?p=57833"},"modified":"2024-02-04T11:52:19","modified_gmt":"2024-02-04T14:52:19","slug":"simone-mendes-leva-publico-recorde-a-matinhos-e-dudu-nobre-agita-pontal-do-parana","status":"publish","type":"post","link":"https:\/\/www.paranapraia.com.br\/index.php\/2024\/02\/04\/simone-mendes-leva-publico-recorde-a-matinhos-e-dudu-nobre-agita-pontal-do-parana\/","title":{"rendered":"Simone Mendes leva p\u00fablico recorde a Matinhos e Dudu Nobre agita Pontal do Paran\u00e1"},"content":{"rendered":"\n<p>Ao lado do Pico de Matinhos, a praia ficou pequena para a multid\u00e3o que acompanhou o show da cantora sertaneja Simone Mendes neste s\u00e1bado (3), no Litoral. Com 152 mil pessoas na plateia, a &#8220;coleguinha&#8221; bateu recorde de p\u00fablico no Ver\u00e3o Maior Paran\u00e1. J\u00e1 o sambista Dudu Nobre manteve em alto n\u00edvel o clima de pr\u00e9-carnaval em Pontal do Paran\u00e1, levando 10 mil pessoas para sambar no Centro de Eventos Marisol. As estimativas s\u00e3o da Pol\u00edcia Militar.<\/p>\n\n\n\n<p>Mesmo rec\u00e9m-operada, como contou no palco para os f\u00e3s, Simone Mendes fez a multid\u00e3o cantar em un\u00edssono os grandes sucessos de sua carreira solo e tamb\u00e9m de quando cantava com a irm\u00e3. M\u00fasicas como Daqui pra Frente, Erro Gostoso e Dois Fugitivos fizeram parte do repert\u00f3rio da noite.<\/p>\n\n\n\n<p>A baiana de 39 anos come\u00e7ou a cantar ainda adolescente, aos 14 anos, e estourou nacionalmente ao lado da irm\u00e3 Simaria, mantendo-se nas paradas tamb\u00e9m em sua carreira solo, como bem mostrou o sucesso do show em Matinhos. &#8220;Foi muito amor envolvido. Eu pisei nesta terra e recebi uma enxurrada de amor, de carinho. Esse povo \u00e9 maravilhoso. Eu estou muito feliz de sair daqui sabendo que veio recorde de p\u00fablico&#8221;, comemorou a cantora.&nbsp;<\/p>\n\n\n\n<p>&#8220;O povo merece tirar um dia assim para sorrir, para cantar. Eu acho que a m\u00fasica tem o poder de trazer alegria, de limpar o cora\u00e7\u00e3o, de tirar as pessoas da depress\u00e3o. A m\u00fasica \u00e9 muito especial, traz muita energia\u201d disse. &#8220;E a galera veio pra c\u00e1 para receber amor, carinho, esse povo tinha que receber essa megaestrutura, cantar e ser feliz, porque eles merecem&#8221;.<\/p>\n\n\n\n<p>A empres\u00e1ria de Matinhos Margarete Bunn recebeu sua \u00eddolo com cartaz e muita anima\u00e7\u00e3o, e tamb\u00e9m comemorou o sucesso do Ver\u00e3o Maior para os neg\u00f3cios. &#8220;\u00c9 a realiza\u00e7\u00e3o de um sonho, a Simone \u00e9 um exemplo de mulher e de ser humano para mim. E eu estou podendo viver tudo isso gra\u00e7as a essa iniciativa do Governo do Estado&#8221;, afirmou.<\/p>\n\n\n\n<p>&#8220;Temos empresa aqui h\u00e1 23 anos, mas nos \u00faltimos anos a temporada estava deixando muito a desejar. Eu n\u00e3o estava mais acreditando, mas com toda essa estrutura, a engorda da orla e tudo isso, n\u00f3s j\u00e1 sentimos a diferen\u00e7a. Eu estou muito feliz e muito grata&#8221;, disse Margarete.<\/p>\n\n\n\n<p>O funcion\u00e1rio p\u00fablico Carlos Alberto de Lima Callado tem ido da cidade vizinha de Paranagu\u00e1 a quase todos os shows da temporada, e para o da Simone j\u00e1 estava na praia \u00e0s 11h. &#8220;O Governo do Estado est\u00e1 de parab\u00e9ns, est\u00e1 muito bacana, muito organizado em todos os sentidos, na seguran\u00e7a, em tudo&#8221;, disse. &#8220;A gente pega a estrada mais cedo, \u00e9 meio sofrido, mas \u00e9 gratificante ficar na grande quando come\u00e7a o show&#8221;.<\/p>\n\n\n\n<p><strong>SAMBA EM PONTAL<\/strong>&nbsp;\u2013 Depois do ax\u00e9 do Chiclete com Banana, nesta sexta (2), a energia de pr\u00e9-carnaval se manteve em Pontal do Paran\u00e1, com Dudu Nobre levando muito samba para o palco. Com cavaquinho na m\u00e3o, uma banda completa e duas bailarinas paramentadas com trajes carnavalescos, ele fez o p\u00fablico dan\u00e7ar e cantar os seus sucessos e outros grandes cl\u00e1ssicos do g\u00eanero.<\/p>\n\n\n\n<p>O repert\u00f3rio teve desde A Grande Fam\u00edlia e Tempo de Don Don at\u00e9 os cl\u00e1ssicos Trem das Onze, Tristeza, Vou Festejar, al\u00e9m de grandes sambas enredos como \u00c9 Hoje, Peguei um Ita no Norte (Explode Cora\u00e7\u00e3o) e muitos outros. &#8220;\u00c9 um show de samba de carnaval, em que a gente celebra v\u00e1rias gera\u00e7\u00f5es de sambistas, homenageia muitos sambistas das antigas. E \u00e9 um show para cima que a gente tem um prazer enorme em poder trazer para c\u00e1&#8221;, afirmou o sambista.<\/p>\n\n\n\n<p>&#8220;\u00c9 muito bacana a gente ver uma iniciativa dessas, que traz a m\u00fasica brasileira, em toda a sua variedade, aqui para o Paran\u00e1. E para mim, particularmente, que tenho parentes aqui, \u00e9 sempre muito bacana vir para c\u00e1 fazer shows&#8217;\u2019, destacou o carioca.<\/p>\n\n\n\n<p>A corretora imobili\u00e1ria Jurema Adams estava pelo segundo dia seguido na grade esperando o in\u00edcio do show e tem vindo de Curitiba praticamente todos os fins de semana para curtir Ver\u00e3o Maior. &#8220;Tem sido maravilhoso, estou aproveitando tudo, samba, pagode, ax\u00e9. Eu pego a estrada para vir, mas vale muito a pena. Essa iniciativa \u00e9 maravilhosa, d\u00e1 uma levantada no Litoral e o Paran\u00e1 cresce junto, eu adorei&#8221;, ressaltou.<\/p>\n\n\n\n<p>A professora Ana Paula Berg estava com a filha e o marido na plateia e tamb\u00e9m celebrou a iniciativa do Governo do Estado para animar o Litoral e os veranistas. &#8220;\u00c9 muito bom, o governo est\u00e1 investindo no nosso Litoral, que estava bem apagadinho, o pessoal sempre ia pra Santa Catarina. Est\u00e1 investindo mais aqui para chamar o pessoal para c\u00e1&#8221;, disse.<\/p>\n\n\n\n<p>&#8220;A estrutura est\u00e1 excelente, tem banheiro, tem bastante policiais, bastante seguran\u00e7a e o pessoal tamb\u00e9m est\u00e1 respeitando bastante. Est\u00e1 maravilhoso, acho que o governo tem que continuar nos pr\u00f3ximos anos, est\u00e1 todo mundo curtindo&#8221;, completou a professora.<\/p>\n\n\n\n<p><strong>AGENDA<\/strong>&nbsp;\u2013 Ap\u00f3s dos shows deste fim de semana, a programa\u00e7\u00e3o do Ver\u00e3o Maior Paran\u00e1 d\u00e1 uma pausa durante o Carnaval, para retornar para mais duas rodadas com grandes atra\u00e7\u00f5es no Litoral, nos dias 16, 17, 23 e 24 de fevereiro, fechando com grande estilo a temporada.<\/p>\n\n\n\n<p>Na agenda, ainda est\u00e3o previstos nomes como Amado Batista, Trio Parada Dura, Zez\u00e9 di Camargo e Luciano, Z\u00e9 Felipe e muito mais, tudo gratuito. O calend\u00e1rio com toda \u00a0a programa\u00e7\u00e3o pode ser conferido no site do\u00a0<a href=\"https:\/\/www.verao.pr.gov.br\/Shows-para-curtir-o-Verao\" target=\"_blank\" rel=\"noreferrer noopener\">Ver\u00e3o Maior Paran\u00e1<\/a>.<\/p>\n\n\n\n<p>AEN\/PR<\/p>\n","protected":false},"excerpt":{"rendered":"<p>Ao lado do Pico de Matinhos, a praia ficou pequena para a multid\u00e3o que acompanhou o show da cantora sertaneja Simone Mendes neste s\u00e1bado (3), no Litoral. Com 152 mil pessoas na plateia, a &#8220;coleguinha&#8221; bateu recorde de p\u00fablico no Ver\u00e3o Maior Paran\u00e1. J\u00e1 o sambista Dudu Nobre manteve em alto n\u00edvel o clima de [&hellip;]<\/p>\n","protected":false},"author":2,"featured_media":57834,"comment_status":"open","ping_status":"open","sticky":false,"template":"","format":"standard","meta":{"advanced_seo_description":"","jetpack_seo_html_title":"","jetpack_seo_noindex":false,"_jetpack_memberships_contains_paid_content":false,"footnotes":""},"categories":[91],"tags":[],"class_list":{"0":"post-57833","1":"post","2":"type-post","3":"status-publish","4":"format-standard","5":"has-post-thumbnail","7":"category-litoral"},"jetpack_featured_media_url":"https:\/\/www.paranapraia.com.br\/wp-content\/uploads\/2024\/02\/simone_mendes_foto_rdziura-6176-scaled.jpg","jetpack_sharing_enabled":true,"_links":{"self":[{"href":"https:\/\/www.paranapraia.com.br\/index.php\/wp-json\/wp\/v2\/posts\/57833"}],"collection":[{"href":"https:\/\/www.paranapraia.com.br\/index.php\/wp-json\/wp\/v2\/posts"}],"about":[{"href":"https:\/\/www.paranapraia.com.br\/index.php\/wp-json\/wp\/v2\/types\/post"}],"author":[{"embeddable":true,"href":"https:\/\/www.paranapraia.com.br\/index.php\/wp-json\/wp\/v2\/users\/2"}],"replies":[{"embeddable":true,"href":"https:\/\/www.paranapraia.com.br\/index.php\/wp-json\/wp\/v2\/comments?post=57833"}],"version-history":[{"count":1,"href":"https:\/\/www.paranapraia.com.br\/index.php\/wp-json\/wp\/v2\/posts\/57833\/revisions"}],"predecessor-version":[{"id":57835,"href":"https:\/\/www.paranapraia.com.br\/index.php\/wp-json\/wp\/v2\/posts\/57833\/revisions\/57835"}],"wp:featuredmedia":[{"embeddable":true,"href":"https:\/\/www.paranapraia.com.br\/index.php\/wp-json\/wp\/v2\/media\/57834"}],"wp:attachment":[{"href":"https:\/\/www.paranapraia.com.br\/index.php\/wp-json\/wp\/v2\/media?parent=57833"}],"wp:term":[{"taxonomy":"category","embeddable":true,"href":"https:\/\/www.paranapraia.com.br\/index.php\/wp-json\/wp\/v2\/categories?post=57833"},{"taxonomy":"post_tag","embeddable":true,"href":"https:\/\/www.paranapraia.com.br\/index.php\/wp-json\/wp\/v2\/tags?post=57833"}],"curies":[{"name":"wp","href":"https:\/\/api.w.org\/{rel}","templated":true}]}}