{"id":57818,"date":"2024-02-03T10:05:56","date_gmt":"2024-02-03T13:05:56","guid":{"rendered":"https:\/\/www.paranapraia.com.br\/?p=57818"},"modified":"2024-02-03T10:05:58","modified_gmt":"2024-02-03T13:05:58","slug":"mais-de-12-milhao-sera-repassado-pelo-municipio-a-apae-de-matinhos","status":"publish","type":"post","link":"https:\/\/www.paranapraia.com.br\/index.php\/2024\/02\/03\/mais-de-12-milhao-sera-repassado-pelo-municipio-a-apae-de-matinhos\/","title":{"rendered":"Mais de 1,2 milh\u00e3o ser\u00e1 repassado pelo Munic\u00edpio \u00e0 APAE de Matinhos"},"content":{"rendered":"\n<p>Foi assinado nesta sexta-feira (02) o termo de fomento entre a Prefeitura de Matinhos e a APAE municipal, referente ao ano de 2024. O valor total do repasse ser\u00e1 de R$ 1.268.339,30. O aporte ir\u00e1 viabilizar a contrata\u00e7\u00e3o de profissionais adequados para atender a educa\u00e7\u00e3o especial do munic\u00edpio.<\/p>\n\n\n\n<p>A Secretaria de Educa\u00e7\u00e3o informou que o plano de trabalho do contrato prev\u00ea especialistas que atender\u00e3o a rede municipal, atrav\u00e9s do CMAEE. Entre esses especialistas, est\u00e3o: neuropediatra, psic\u00f3loga, psicopedagoga e terapeuta ocupacional.<\/p>\n\n\n\n<p>Durante a assinatura, o prefeito Z\u00e9 da Ecler destacou que Matinhos \u00e9 o \u00fanico munic\u00edpio do Litoral que tem o atendimento com neuropediatra. Os atendimentos com o especialista tiveram in\u00edcio em fevereiro do ano passado no CMAEE, Centro Municipal de Atendimento Educacional Especializado.<\/p>\n\n\n\n<p>Estiveram na assinatura do termo o secret\u00e1rio de Educa\u00e7\u00e3o, M\u00e1rio Braga; os diretores da pasta, Alzino Neto, Juliana Niesborski e Larissa Vict\u00f3ria, al\u00e9m dos diretores Ant\u00f4nio Jos\u00e9 do Nascimento, da Sa\u00fade; e Marcelo Padilha, do Gabinete. Pela APAE, estavam a presidente Silvia Regina Winheski e a assistente administrativa Patr\u00edcia Helena Franco. Representando o Legislativo, estavam os vereadores Nando (PODE) &#8211; que preside a C\u00e2mara -, Gerson J\u00fanior (PL) e Jair Pescador (PL).<\/p>\n\n\n\n<p>Departamento de Comunica\u00e7\u00e3o<br>Prefeitura de Matinhos<\/p>\n\n\n\n<p>Acesse o nosso portal: https:\/\/matinhos.atende.net\/cidadao\/noticia\/mais-de-12-milhao-sera-repassado-pelo-municipio-a-apae<\/p>\n\n\n\n<h1 class=\"wp-block-heading\">APAE #SecretariaDeEduca\u00e7\u00e3o #PrefeituraDeMatinhos #UmaCidadeParaTodos #Matinhos #LitoralPR<\/h1>\n","protected":false},"excerpt":{"rendered":"<p>Foi assinado nesta sexta-feira (02) o termo de fomento entre a Prefeitura de Matinhos e a APAE municipal, referente ao ano de 2024. O valor total do repasse ser\u00e1 de R$ 1.268.339,30. O aporte ir\u00e1 viabilizar a contrata\u00e7\u00e3o de profissionais adequados para atender a educa\u00e7\u00e3o especial do munic\u00edpio. A Secretaria de Educa\u00e7\u00e3o informou que o [&hellip;]<\/p>\n","protected":false},"author":2,"featured_media":57819,"comment_status":"open","ping_status":"open","sticky":false,"template":"","format":"standard","meta":{"advanced_seo_description":"","jetpack_seo_html_title":"","jetpack_seo_noindex":false,"_jetpack_memberships_contains_paid_content":false,"footnotes":""},"categories":[88],"tags":[725,317],"class_list":{"0":"post-57818","1":"post","2":"type-post","3":"status-publish","4":"format-standard","5":"has-post-thumbnail","7":"category-matinhos","8":"tag-apae","9":"tag-matinhos"},"jetpack_featured_media_url":"https:\/\/www.paranapraia.com.br\/wp-content\/uploads\/2024\/02\/FB_IMG_1706965484165-scaled.jpg","jetpack_sharing_enabled":true,"_links":{"self":[{"href":"https:\/\/www.paranapraia.com.br\/index.php\/wp-json\/wp\/v2\/posts\/57818"}],"collection":[{"href":"https:\/\/www.paranapraia.com.br\/index.php\/wp-json\/wp\/v2\/posts"}],"about":[{"href":"https:\/\/www.paranapraia.com.br\/index.php\/wp-json\/wp\/v2\/types\/post"}],"author":[{"embeddable":true,"href":"https:\/\/www.paranapraia.com.br\/index.php\/wp-json\/wp\/v2\/users\/2"}],"replies":[{"embeddable":true,"href":"https:\/\/www.paranapraia.com.br\/index.php\/wp-json\/wp\/v2\/comments?post=57818"}],"version-history":[{"count":1,"href":"https:\/\/www.paranapraia.com.br\/index.php\/wp-json\/wp\/v2\/posts\/57818\/revisions"}],"predecessor-version":[{"id":57820,"href":"https:\/\/www.paranapraia.com.br\/index.php\/wp-json\/wp\/v2\/posts\/57818\/revisions\/57820"}],"wp:featuredmedia":[{"embeddable":true,"href":"https:\/\/www.paranapraia.com.br\/index.php\/wp-json\/wp\/v2\/media\/57819"}],"wp:attachment":[{"href":"https:\/\/www.paranapraia.com.br\/index.php\/wp-json\/wp\/v2\/media?parent=57818"}],"wp:term":[{"taxonomy":"category","embeddable":true,"href":"https:\/\/www.paranapraia.com.br\/index.php\/wp-json\/wp\/v2\/categories?post=57818"},{"taxonomy":"post_tag","embeddable":true,"href":"https:\/\/www.paranapraia.com.br\/index.php\/wp-json\/wp\/v2\/tags?post=57818"}],"curies":[{"name":"wp","href":"https:\/\/api.w.org\/{rel}","templated":true}]}}