{"id":57815,"date":"2024-02-03T00:42:21","date_gmt":"2024-02-03T03:42:21","guid":{"rendered":"https:\/\/www.paranapraia.com.br\/?p=57815"},"modified":"2024-02-03T00:42:23","modified_gmt":"2024-02-03T03:42:23","slug":"pcpr-prende-homem-por-maus-tratos-em-pontal-do-parana","status":"publish","type":"post","link":"https:\/\/www.paranapraia.com.br\/index.php\/2024\/02\/03\/pcpr-prende-homem-por-maus-tratos-em-pontal-do-parana\/","title":{"rendered":"PCPR prende homem por maus-tratos em Pontal do Paran\u00e1"},"content":{"rendered":"\n<p>A Pol\u00edcia Civil do Paran\u00e1 (PCPR) prendeu em flagrante um homem, de 67 anos, por maus-tratos a animais. A a\u00e7\u00e3o aconteceu em Pontal do Paran\u00e1, no Litoral do Estado, nesta sexta-feira (2).<\/p>\n\n\n\n<p>A a\u00e7\u00e3o contou com o apoio de policiais civis que est\u00e3o atuando no Ver\u00e3o Maior Paran\u00e1.<\/p>\n\n\n\n<p>A pris\u00e3o ocorreu ap\u00f3s o cumprimento de mandado de busca e apreens\u00e3o, representado pela autoridade policial, em decorr\u00eancia de diversas den\u00fancias que apontavam para a pr\u00e1tica criminosa na resid\u00eancia do indiv\u00edduo, localizada em Pontal do Sul, naquele munic\u00edpio.<\/p>\n\n\n\n<p>\u201cNo referido local, os policiais civis encontraram um cachorro com sinais de maus-tratos, apresentando sintomas de desnutri\u00e7\u00e3o, infesta\u00e7\u00e3o por carrapatos e pulgas, sujeito a condi\u00e7\u00f5es de vida manifestamente insalubres. Al\u00e9m disso, foram localizados tr\u00eas p\u00e1ssaros dom\u00e9sticos confinados em gaiolas que se apresentavam em estado prec\u00e1rio de higiene\u201d, conta a delegada da PCPR Ta\u00eds Melo.<\/p>\n\n\n\n<p>O c\u00e3o recebeu cuidados veterin\u00e1rios, com a colabora\u00e7\u00e3o de uma cl\u00ednica conveniada com a Prefeitura Municipal de Pontal do Paran\u00e1, e encontra-se sob os cuidados de uma protetora volunt\u00e1ria de animais, aguardando ado\u00e7\u00e3o. As aves foram entregues ao Instituto \u00c1gua e Terra, localizado em Paranagu\u00e1, tamb\u00e9m no litoral paranaense.<\/p>\n\n\n\n<p>VER\u00c3O MAIOR PARAN\u00c1 \u2013 O Ver\u00e3o Maior Paran\u00e1 re\u00fane uma s\u00e9rie de a\u00e7\u00f5es voltadas aos veranistas e moradores dos munic\u00edpios do Litoral, al\u00e9m de Porto Rico e S\u00e3o Pedro do Paran\u00e1, no Noroeste. A agenda completa pode ser consultada no site www.verao.pr.gov.br.<\/p>\n\n\n\n<p>Assessoria<\/p>\n","protected":false},"excerpt":{"rendered":"<p>A Pol\u00edcia Civil do Paran\u00e1 (PCPR) prendeu em flagrante um homem, de 67 anos, por maus-tratos a animais. A a\u00e7\u00e3o aconteceu em Pontal do Paran\u00e1, no Litoral do Estado, nesta sexta-feira (2). A a\u00e7\u00e3o contou com o apoio de policiais civis que est\u00e3o atuando no Ver\u00e3o Maior Paran\u00e1. A pris\u00e3o ocorreu ap\u00f3s o cumprimento de [&hellip;]<\/p>\n","protected":false},"author":2,"featured_media":57816,"comment_status":"open","ping_status":"open","sticky":false,"template":"","format":"standard","meta":{"advanced_seo_description":"","jetpack_seo_html_title":"","jetpack_seo_noindex":false,"_jetpack_memberships_contains_paid_content":false,"footnotes":""},"categories":[65],"tags":[318],"class_list":{"0":"post-57815","1":"post","2":"type-post","3":"status-publish","4":"format-standard","5":"has-post-thumbnail","7":"category-pontal-do-parana","8":"tag-pontal-do-parana"},"jetpack_featured_media_url":"https:\/\/www.paranapraia.com.br\/wp-content\/uploads\/2024\/02\/FB_IMG_1706931660055-scaled.jpg","jetpack_sharing_enabled":true,"_links":{"self":[{"href":"https:\/\/www.paranapraia.com.br\/index.php\/wp-json\/wp\/v2\/posts\/57815"}],"collection":[{"href":"https:\/\/www.paranapraia.com.br\/index.php\/wp-json\/wp\/v2\/posts"}],"about":[{"href":"https:\/\/www.paranapraia.com.br\/index.php\/wp-json\/wp\/v2\/types\/post"}],"author":[{"embeddable":true,"href":"https:\/\/www.paranapraia.com.br\/index.php\/wp-json\/wp\/v2\/users\/2"}],"replies":[{"embeddable":true,"href":"https:\/\/www.paranapraia.com.br\/index.php\/wp-json\/wp\/v2\/comments?post=57815"}],"version-history":[{"count":1,"href":"https:\/\/www.paranapraia.com.br\/index.php\/wp-json\/wp\/v2\/posts\/57815\/revisions"}],"predecessor-version":[{"id":57817,"href":"https:\/\/www.paranapraia.com.br\/index.php\/wp-json\/wp\/v2\/posts\/57815\/revisions\/57817"}],"wp:featuredmedia":[{"embeddable":true,"href":"https:\/\/www.paranapraia.com.br\/index.php\/wp-json\/wp\/v2\/media\/57816"}],"wp:attachment":[{"href":"https:\/\/www.paranapraia.com.br\/index.php\/wp-json\/wp\/v2\/media?parent=57815"}],"wp:term":[{"taxonomy":"category","embeddable":true,"href":"https:\/\/www.paranapraia.com.br\/index.php\/wp-json\/wp\/v2\/categories?post=57815"},{"taxonomy":"post_tag","embeddable":true,"href":"https:\/\/www.paranapraia.com.br\/index.php\/wp-json\/wp\/v2\/tags?post=57815"}],"curies":[{"name":"wp","href":"https:\/\/api.w.org\/{rel}","templated":true}]}}