{"id":57786,"date":"2024-02-01T22:18:44","date_gmt":"2024-02-02T01:18:44","guid":{"rendered":"https:\/\/www.paranapraia.com.br\/?p=57786"},"modified":"2024-02-01T22:18:46","modified_gmt":"2024-02-02T01:18:46","slug":"semana-pedagogica-e-aberta-de-matinhos","status":"publish","type":"post","link":"https:\/\/www.paranapraia.com.br\/index.php\/2024\/02\/01\/semana-pedagogica-e-aberta-de-matinhos\/","title":{"rendered":"Semana Pedag\u00f3gica \u00e9 aberta de Matinhos"},"content":{"rendered":"\n<p>Aconteceu nesta quinta-feira (1.\u00b0) a integra\u00e7\u00e3o da rede municipal de ensino. Marcando a abertura da Semana Pedag\u00f3gica, a forma\u00e7\u00e3o foi realizada simultaneamente no SESC Caiob\u00e1, na UFPR Litoral e no Complexo Francisco dos Santos Junior, para cerca de 600 profissionais da educa\u00e7\u00e3o.<\/p>\n\n\n\n<p>Na UFPR, foram recepcionados os professores de Artes. No Complexo, o evento foi destinado aos professores de Educa\u00e7\u00e3o F\u00edsica e atendentes. E no SESC, a forma\u00e7\u00e3o foi para os outros professores, em evento que contou com a presen\u00e7a do prefeito Z\u00e9 da Ecler e do secret\u00e1rio de Educa\u00e7\u00e3o, M\u00e1rio Braga.<\/p>\n\n\n\n<p>\u201cBrigamos constantemente em prol da valoriza\u00e7\u00e3o do magist\u00e9rio. Tivemos muitos avan\u00e7os nesses tr\u00eas anos de gest\u00e3o e ainda temos muitas coisas para conquistar neste ano. Por isso, eu quero agradecer a todos os professores por estarem junto conosco nesta luta\u201d, declarou o secret\u00e1rio.<\/p>\n\n\n\n<p>\u201cTodos os alunos e professores receber\u00e3o novos uniformes. E a partir da pr\u00f3xima segunda-feira, todas as escolas e CMEI&#8217;s estar\u00e3o com vigil\u00e2ncia. Al\u00e9m de melhorias no material escolar, no banco de horas para os professores e outras melhorias\u201d, complementou.<\/p>\n\n\n\n<p>\u201cVoc\u00eas tratam cada um dos alunos da rede municipal como se fossem filhos de voc\u00eas. Por isso, em nome de todos os pais e m\u00e3es, gostaria de agradecer a voc\u00eas professores pelo carinho que t\u00eam com os alunos e pela dedica\u00e7\u00e3o que t\u00eam com a profiss\u00e3o\u201d, disse o prefeito Z\u00e9 da Ecler, se dirigindo aos professores.<\/p>\n\n\n\n<p>Al\u00e9m do prefeito e do secret\u00e1rio, compuseram a mesa de honra do evento o diretor-geral da pasta da Educa\u00e7\u00e3o, Alzino Neto; a diretora pedag\u00f3gica da Secretaria de Educa\u00e7\u00e3o, Juliana Niesborski; o presidente da C\u00e2mara Municipal, vereador Nando (PODE); a representante do SESC, Thais Soares dos Santos.<\/p>\n\n\n\n<p>Departamento de Comunica\u00e7\u00e3o<br>Prefeitura de Matinhos<\/p>\n\n\n\n<p>Acesse o nosso portal: https:\/\/matinhos.atende.net\/cidadao\/noticia\/semana-pedagogica-e-aberta-de-matinhos<\/p>\n\n\n\n<h1 class=\"wp-block-heading\"><\/h1>\n","protected":false},"excerpt":{"rendered":"<p>Aconteceu nesta quinta-feira (1.\u00b0) a integra\u00e7\u00e3o da rede municipal de ensino. Marcando a abertura da Semana Pedag\u00f3gica, a forma\u00e7\u00e3o foi realizada simultaneamente no SESC Caiob\u00e1, na UFPR Litoral e no Complexo Francisco dos Santos Junior, para cerca de 600 profissionais da educa\u00e7\u00e3o. Na UFPR, foram recepcionados os professores de Artes. No Complexo, o evento foi [&hellip;]<\/p>\n","protected":false},"author":2,"featured_media":57787,"comment_status":"open","ping_status":"open","sticky":false,"template":"","format":"standard","meta":{"advanced_seo_description":"","jetpack_seo_html_title":"","jetpack_seo_noindex":false,"_jetpack_memberships_contains_paid_content":false,"footnotes":""},"categories":[88],"tags":[],"class_list":{"0":"post-57786","1":"post","2":"type-post","3":"status-publish","4":"format-standard","5":"has-post-thumbnail","7":"category-matinhos"},"jetpack_featured_media_url":"https:\/\/www.paranapraia.com.br\/wp-content\/uploads\/2024\/02\/FB_IMG_1706836660940-scaled.jpg","jetpack_sharing_enabled":true,"_links":{"self":[{"href":"https:\/\/www.paranapraia.com.br\/index.php\/wp-json\/wp\/v2\/posts\/57786"}],"collection":[{"href":"https:\/\/www.paranapraia.com.br\/index.php\/wp-json\/wp\/v2\/posts"}],"about":[{"href":"https:\/\/www.paranapraia.com.br\/index.php\/wp-json\/wp\/v2\/types\/post"}],"author":[{"embeddable":true,"href":"https:\/\/www.paranapraia.com.br\/index.php\/wp-json\/wp\/v2\/users\/2"}],"replies":[{"embeddable":true,"href":"https:\/\/www.paranapraia.com.br\/index.php\/wp-json\/wp\/v2\/comments?post=57786"}],"version-history":[{"count":1,"href":"https:\/\/www.paranapraia.com.br\/index.php\/wp-json\/wp\/v2\/posts\/57786\/revisions"}],"predecessor-version":[{"id":57788,"href":"https:\/\/www.paranapraia.com.br\/index.php\/wp-json\/wp\/v2\/posts\/57786\/revisions\/57788"}],"wp:featuredmedia":[{"embeddable":true,"href":"https:\/\/www.paranapraia.com.br\/index.php\/wp-json\/wp\/v2\/media\/57787"}],"wp:attachment":[{"href":"https:\/\/www.paranapraia.com.br\/index.php\/wp-json\/wp\/v2\/media?parent=57786"}],"wp:term":[{"taxonomy":"category","embeddable":true,"href":"https:\/\/www.paranapraia.com.br\/index.php\/wp-json\/wp\/v2\/categories?post=57786"},{"taxonomy":"post_tag","embeddable":true,"href":"https:\/\/www.paranapraia.com.br\/index.php\/wp-json\/wp\/v2\/tags?post=57786"}],"curies":[{"name":"wp","href":"https:\/\/api.w.org\/{rel}","templated":true}]}}