{"id":57780,"date":"2024-02-01T22:14:06","date_gmt":"2024-02-02T01:14:06","guid":{"rendered":"https:\/\/www.paranapraia.com.br\/?p=57780"},"modified":"2024-02-01T22:14:08","modified_gmt":"2024-02-02T01:14:08","slug":"reajuste-salarial-de-servidores-entra-em-vigor","status":"publish","type":"post","link":"https:\/\/www.paranapraia.com.br\/index.php\/2024\/02\/01\/reajuste-salarial-de-servidores-entra-em-vigor\/","title":{"rendered":"Reajuste salarial de servidores entra em vigor"},"content":{"rendered":"\n<p>A partir deste m\u00eas, os servidores do quadro geral da Prefeitura de Matinhos passaram a receber um novo valor salarial. O reajuste respeita a Lei Municipal n.\u00ba 2527, publicada em 15 de setembro. Os percentuais variam de acordo com a sua escolaridade e a fun\u00e7\u00e3o do servidor.<\/p>\n\n\n\n<p>A legisla\u00e7\u00e3o mais recente altera dispositivos da Lei n.\u00ba 1430\/2011, que dispunha sobre o Plano de Cargos, Carreiras e Vencimentos dos Servidores da Administra\u00e7\u00e3o Geral do Poder Executivo de Matinhos. Assim, estabelece normas de enquadramento e institui tabela de vencimentos.<\/p>\n\n\n\n<p>Por exemplo, um cargo de n\u00edvel fundamental (atendente infantil) que j\u00e1 possui ensino superior e tem seis anos de servi\u00e7o, tinha um sal\u00e1rio inicial R$ 1.429,35 e com as progress\u00f5es, recebia R$ 1.547,17 (um aumento de 6%). Agora com a nova lei, esse mesmo servidor passou a receber R$ 2.491,83 (55% de aumento considerando o sal\u00e1rio inicial).<\/p>\n\n\n\n<p>O Departamento de Recursos Humanos da Prefeitura informou que a regra varia para cada escolaridade. Nos cargos de n\u00edvel m\u00e9dio, os crit\u00e9rios de gradua\u00e7\u00e3o s\u00e3o diferentes. Por exemplo, para um t\u00e9cnico-administrativo, o n\u00edvel 1 diz respeito ao curso na \u00e1rea. O n\u00edvel 2 \u00e9 para cursos de 40 horas. O n\u00edvel 3 \u00e9 para gradua\u00e7\u00e3o. E o n\u00edvel 4 \u00e9 para p\u00f3s-gradua\u00e7\u00e3o.<\/p>\n\n\n\n<p>Para n\u00edvel superior, a disposi\u00e7\u00e3o j\u00e1 muda. Para cada escolaridade, \u00e9 uma regra diferente. Ainda de acordo com o RH, ainda h\u00e1 o enquadramento que aumentar\u00e1 mais 5% por n\u00edvel. Segundo o Departamento de Recursos Humanos, esse enquadramento acontece at\u00e9 mar\u00e7o.<\/p>\n\n\n\n<p>Departamento de Comunica\u00e7\u00e3o<br>Prefeitura de Matinhos<\/p>\n\n\n\n<p>Acesse o nosso portal: https:\/\/matinhos.atende.net\/cidadao\/noticia\/reajuste-salarial-de-servidores-entra-em-vigor<\/p>\n\n\n\n<h1 class=\"wp-block-heading\"><\/h1>\n","protected":false},"excerpt":{"rendered":"<p>A partir deste m\u00eas, os servidores do quadro geral da Prefeitura de Matinhos passaram a receber um novo valor salarial. O reajuste respeita a Lei Municipal n.\u00ba 2527, publicada em 15 de setembro. Os percentuais variam de acordo com a sua escolaridade e a fun\u00e7\u00e3o do servidor. A legisla\u00e7\u00e3o mais recente altera dispositivos da Lei [&hellip;]<\/p>\n","protected":false},"author":2,"featured_media":57781,"comment_status":"open","ping_status":"open","sticky":false,"template":"","format":"standard","meta":{"advanced_seo_description":"","jetpack_seo_html_title":"","jetpack_seo_noindex":false,"_jetpack_memberships_contains_paid_content":false,"footnotes":""},"categories":[88],"tags":[],"class_list":{"0":"post-57780","1":"post","2":"type-post","3":"status-publish","4":"format-standard","5":"has-post-thumbnail","7":"category-matinhos"},"jetpack_featured_media_url":"https:\/\/www.paranapraia.com.br\/wp-content\/uploads\/2024\/02\/FB_IMG_1706836372132-scaled.jpg","jetpack_sharing_enabled":true,"_links":{"self":[{"href":"https:\/\/www.paranapraia.com.br\/index.php\/wp-json\/wp\/v2\/posts\/57780"}],"collection":[{"href":"https:\/\/www.paranapraia.com.br\/index.php\/wp-json\/wp\/v2\/posts"}],"about":[{"href":"https:\/\/www.paranapraia.com.br\/index.php\/wp-json\/wp\/v2\/types\/post"}],"author":[{"embeddable":true,"href":"https:\/\/www.paranapraia.com.br\/index.php\/wp-json\/wp\/v2\/users\/2"}],"replies":[{"embeddable":true,"href":"https:\/\/www.paranapraia.com.br\/index.php\/wp-json\/wp\/v2\/comments?post=57780"}],"version-history":[{"count":1,"href":"https:\/\/www.paranapraia.com.br\/index.php\/wp-json\/wp\/v2\/posts\/57780\/revisions"}],"predecessor-version":[{"id":57782,"href":"https:\/\/www.paranapraia.com.br\/index.php\/wp-json\/wp\/v2\/posts\/57780\/revisions\/57782"}],"wp:featuredmedia":[{"embeddable":true,"href":"https:\/\/www.paranapraia.com.br\/index.php\/wp-json\/wp\/v2\/media\/57781"}],"wp:attachment":[{"href":"https:\/\/www.paranapraia.com.br\/index.php\/wp-json\/wp\/v2\/media?parent=57780"}],"wp:term":[{"taxonomy":"category","embeddable":true,"href":"https:\/\/www.paranapraia.com.br\/index.php\/wp-json\/wp\/v2\/categories?post=57780"},{"taxonomy":"post_tag","embeddable":true,"href":"https:\/\/www.paranapraia.com.br\/index.php\/wp-json\/wp\/v2\/tags?post=57780"}],"curies":[{"name":"wp","href":"https:\/\/api.w.org\/{rel}","templated":true}]}}