{"id":57774,"date":"2024-02-01T21:21:34","date_gmt":"2024-02-02T00:21:34","guid":{"rendered":"https:\/\/www.paranapraia.com.br\/?p=57774"},"modified":"2024-02-01T21:21:36","modified_gmt":"2024-02-02T00:21:36","slug":"governo-convida-organizacoes-da-sociedade-civil-para-o-conselho-de-direitos-animais","status":"publish","type":"post","link":"https:\/\/www.paranapraia.com.br\/index.php\/2024\/02\/01\/governo-convida-organizacoes-da-sociedade-civil-para-o-conselho-de-direitos-animais\/","title":{"rendered":"Governo convida organiza\u00e7\u00f5es da sociedade civil para o Conselho de Direitos Animais"},"content":{"rendered":"\n<p>A Secretaria de Estado do Desenvolvimento Sustent\u00e1vel do Paran\u00e1 (Sedest-PR) faz um chamamento p\u00fablico para inscri\u00e7\u00e3o das organiza\u00e7\u00f5es da sociedade civil (OSC) de Prote\u00e7\u00e3o Animal que desejam compor o Conselho Estadual de Direitos Animais (CEDA) na gest\u00e3o 2024-2025.<\/p>\n\n\n\n<p>\u00c9 uma oportunidade para essas OSCs participarem da formula\u00e7\u00e3o e avalia\u00e7\u00e3o das pol\u00edticas p\u00fablicas, contribuindo para a promo\u00e7\u00e3o de uma cultura de respeito, cuidado e prote\u00e7\u00e3o aos animais.<\/p>\n\n\n\n<p>As entidades que desejam participar do processo seletivo devem enviar um e-mail para cedapr@sedest.pr.gov.br at\u00e9 23 de fevereiro de 2024 com a documenta\u00e7\u00e3o exigida.<\/p>\n\n\n\n<p>O secret\u00e1rio do Desenvolvimento Sustent\u00e1vel do Paran\u00e1, Valdemar Bernardo Jorge, refor\u00e7a import\u00e2ncia da participa\u00e7\u00e3o da sociedade civil no CEDA para a defini\u00e7\u00e3o das pol\u00edticas estaduais.&nbsp;\u201cO CEDA tem como miss\u00e3o promover o bem-estar animal e a conviv\u00eancia harmoniosa entre humanos e animais no Estado. Com a participa\u00e7\u00e3o da sociedade civil podemos encontrar solu\u00e7\u00f5es que atendam os diversos setores envolvidos com a causa animal\u201d, afirma.<\/p>\n\n\n\n<p>Para serem consideradas aptas a participar, as OSCs devem ter mais de dois anos de atua\u00e7\u00e3o comprovada na \u00e1rea de prote\u00e7\u00e3o animal, conforme atestado em relat\u00f3rio de atividades enviado.<\/p>\n\n\n\n<p><strong>CONSELHO<\/strong>&nbsp;\u2013 O CEDA \u00e9 um \u00f3rg\u00e3o que tem por finalidade subsidiar e assessorar tecnicamente as secretarias de Estado na regulamenta\u00e7\u00e3o e execu\u00e7\u00e3o das a\u00e7\u00f5es previstas na Pol\u00edtica Estadual de Direitos Animais. \u00c9 composto por 22 membros, sendo nove representantes do poder p\u00fablico estadual e nove da sociedade civil, al\u00e9m de Ibama, CRBio, CRMV e OAB.<\/p>\n\n\n\n<p>Dos nove assentos destinados \u00e0 sociedade civil, quatro ser\u00e3o ocupados pelas OSCs interessadas com maior tempo de atua\u00e7\u00e3o e cinco ser\u00e3o definidos por sorteio entre as demais interessadas.<\/p>\n\n\n\n<p>O sorteio s\u00f3 ser\u00e1 realizado caso haja mais de nove OSC habilitadas. O mandato dos membros \u00e9 de dois anos. Se houver necessidade de sorteio, ele ocorrer\u00e1 em 26 de fevereiro de forma online. As OSCs participantes receber\u00e3o um link para acompanhar ao vivo.<\/p>\n\n\n\n<p>O CEDA se re\u00fane a cada tr\u00eas meses \u2013 em mar\u00e7o, junho, setembro e dezembro \u2013 podendo os encontros serem presenciais ou virtuais conforme a disponibilidade e a conveni\u00eancia dos conselheiros.<\/p>\n\n\n\n<p>As OSCs integrantes da nova gest\u00e3o ser\u00e3o comunicadas por e-mail para indica\u00e7\u00e3o dos seus representantes, e ter\u00e3o seus nomes publicados no site da Sedest. A posse dos novos conselheiros est\u00e1 prevista para mar\u00e7o de 2024, durante a primeira reuni\u00e3o ordin\u00e1ria do CEDA.<\/p>\n\n\n\n<p><strong>DOCUMENTA\u00c7\u00c3O<\/strong>\u00a0\u2013 As entidades que desejam participar devem encaminhar a seguinte documenta\u00e7\u00e3o por mail: comprovante de inscri\u00e7\u00e3o no Cadastro Nacional de Pessoa Jur\u00eddica; c\u00f3pia da ata de funda\u00e7\u00e3o devidamente registrada em cart\u00f3rio; c\u00f3pia do estatuto em vigor devidamente registrado em cart\u00f3rio; c\u00f3pia da ata de elei\u00e7\u00e3o e posse da atual diretoria da entidade registrada em cart\u00f3rio; comprovante de endere\u00e7o da organiza\u00e7\u00e3o; e relat\u00f3rio de atividades desenvolvidas nos \u00faltimos 24 meses, assinado pelo representante legal.<\/p>\n\n\n\n<p>AEN\/PR<\/p>\n","protected":false},"excerpt":{"rendered":"<p>A Secretaria de Estado do Desenvolvimento Sustent\u00e1vel do Paran\u00e1 (Sedest-PR) faz um chamamento p\u00fablico para inscri\u00e7\u00e3o das organiza\u00e7\u00f5es da sociedade civil (OSC) de Prote\u00e7\u00e3o Animal que desejam compor o Conselho Estadual de Direitos Animais (CEDA) na gest\u00e3o 2024-2025. \u00c9 uma oportunidade para essas OSCs participarem da formula\u00e7\u00e3o e avalia\u00e7\u00e3o das pol\u00edticas p\u00fablicas, contribuindo para a [&hellip;]<\/p>\n","protected":false},"author":2,"featured_media":57775,"comment_status":"open","ping_status":"open","sticky":false,"template":"","format":"standard","meta":{"advanced_seo_description":"","jetpack_seo_html_title":"","jetpack_seo_noindex":false,"_jetpack_memberships_contains_paid_content":false,"footnotes":""},"categories":[40],"tags":[],"class_list":{"0":"post-57774","1":"post","2":"type-post","3":"status-publish","4":"format-standard","5":"has-post-thumbnail","7":"category-destaques"},"jetpack_featured_media_url":"https:\/\/www.paranapraia.com.br\/wp-content\/uploads\/2024\/02\/bicho_bom_de_terra_rica5-scaled.jpg","jetpack_sharing_enabled":true,"_links":{"self":[{"href":"https:\/\/www.paranapraia.com.br\/index.php\/wp-json\/wp\/v2\/posts\/57774"}],"collection":[{"href":"https:\/\/www.paranapraia.com.br\/index.php\/wp-json\/wp\/v2\/posts"}],"about":[{"href":"https:\/\/www.paranapraia.com.br\/index.php\/wp-json\/wp\/v2\/types\/post"}],"author":[{"embeddable":true,"href":"https:\/\/www.paranapraia.com.br\/index.php\/wp-json\/wp\/v2\/users\/2"}],"replies":[{"embeddable":true,"href":"https:\/\/www.paranapraia.com.br\/index.php\/wp-json\/wp\/v2\/comments?post=57774"}],"version-history":[{"count":1,"href":"https:\/\/www.paranapraia.com.br\/index.php\/wp-json\/wp\/v2\/posts\/57774\/revisions"}],"predecessor-version":[{"id":57776,"href":"https:\/\/www.paranapraia.com.br\/index.php\/wp-json\/wp\/v2\/posts\/57774\/revisions\/57776"}],"wp:featuredmedia":[{"embeddable":true,"href":"https:\/\/www.paranapraia.com.br\/index.php\/wp-json\/wp\/v2\/media\/57775"}],"wp:attachment":[{"href":"https:\/\/www.paranapraia.com.br\/index.php\/wp-json\/wp\/v2\/media?parent=57774"}],"wp:term":[{"taxonomy":"category","embeddable":true,"href":"https:\/\/www.paranapraia.com.br\/index.php\/wp-json\/wp\/v2\/categories?post=57774"},{"taxonomy":"post_tag","embeddable":true,"href":"https:\/\/www.paranapraia.com.br\/index.php\/wp-json\/wp\/v2\/tags?post=57774"}],"curies":[{"name":"wp","href":"https:\/\/api.w.org\/{rel}","templated":true}]}}