{"id":57765,"date":"2024-01-31T20:21:39","date_gmt":"2024-01-31T23:21:39","guid":{"rendered":"https:\/\/www.paranapraia.com.br\/?p=57765"},"modified":"2024-01-31T20:21:41","modified_gmt":"2024-01-31T23:21:41","slug":"secretaria-da-saude-de-matinhos-promove-acao-contra-a-dengue-nesta-quarta-com-apoio-das-equipes-do-verao-maior","status":"publish","type":"post","link":"https:\/\/www.paranapraia.com.br\/index.php\/2024\/01\/31\/secretaria-da-saude-de-matinhos-promove-acao-contra-a-dengue-nesta-quarta-com-apoio-das-equipes-do-verao-maior\/","title":{"rendered":"Secretaria da Sa\u00fade de Matinhos promove a\u00e7\u00e3o contra a dengue nesta quarta com apoio das equipes do Ver\u00e3o Maior"},"content":{"rendered":"\n<p>A Secretaria Municipal da Sa\u00fade organizou uma a\u00e7\u00e3o de orienta\u00e7\u00e3o de moradores contra a dengue nesta quarta-feira (31), na regi\u00e3o do Vila Nova. A concentra\u00e7\u00e3o aconteceu no CMEI Jos\u00e9 Wigando Mendes (Lol\u00f3), com os agentes de endemias da pasta. Eles percorreram toda a regi\u00e3o, identificando focos e repassando orienta\u00e7\u00f5es sobre os cuidados que devem ser tomados para evitar a prolifera\u00e7\u00e3o da doen\u00e7a.<\/p>\n\n\n\n<p>\u201cN\u00f3s escolhemos essa regi\u00e3o por ela ter o maior n\u00famero de notifica\u00e7\u00f5es. N\u00f3s solicitamos o aux\u00edlio do Governo do Estado, que sempre tem nos apoiado em todas as a\u00e7\u00f5es que a gente vem realizando. \u00c9 mais um dos nossos mutir\u00f5es. O prefeito Z\u00e9 da Ecler vem sempre pedindo aten\u00e7\u00e3o da popula\u00e7\u00e3o quanto \u00e0 dengue. E estamos estudando outras formas de controle da doen\u00e7a no munic\u00edpio\u201d, explicou o secret\u00e1rio Aldemir Zwetsch J\u00fanior.<\/p>\n\n\n\n<p>A a\u00e7\u00e3o desta quarta ainda teve o apoio dos monitores do Ver\u00e3o Maior Paran\u00e1. Desde a \u00faltima semana, por determina\u00e7\u00e3o do Governo do Estado, eles auxiliam no apoio das v\u00edtimas das fortes chuvas que atingiram Matinhos e o Litoral. E uma das ajudas \u00e9 no combate ao mosquito Aedes aegypti, como destacou a diretora da 1.\u00aa Regional de Sa\u00fade, Carmen Moura.<\/p>\n\n\n\n<p>\u201cO governador Ratinho J\u00fanior e todos os secret\u00e1rios estaduais disponibilizaram as equipes do Ver\u00e3o Maior para apoio aos munic\u00edpios nas \u00e1reas atingidas pelas inunda\u00e7\u00f5es. Iniciamos j\u00e1 na semana passada essas a\u00e7\u00f5es de identifica\u00e7\u00e3o de problemas e orienta\u00e7\u00e3o aos moradores. E um foco grande \u00e9 na dengue, porque com a parada das chuvas, a tend\u00eancia \u00e9 que esses focos da doen\u00e7a aumentem\u201d, esclareceu.<\/p>\n\n\n\n<p>O mutir\u00e3o contra a dengue j\u00e1 foi realizado em outras regi\u00f5es de Matinhos. A Secretaria da Sa\u00fade informou que vem promovendo o mapeamento das \u00e1reas do munic\u00edpio que mais sofrem com a doen\u00e7a, para que seja feito o seu controle, evitando que a dengue se prolifere.<\/p>\n\n\n\n<p>Departamento de Comunica\u00e7\u00e3o<br>Prefeitura de Matinhos<\/p>\n\n\n\n<p><\/p>\n","protected":false},"excerpt":{"rendered":"<p>A Secretaria Municipal da Sa\u00fade organizou uma a\u00e7\u00e3o de orienta\u00e7\u00e3o de moradores contra a dengue nesta quarta-feira (31), na regi\u00e3o do Vila Nova. A concentra\u00e7\u00e3o aconteceu no CMEI Jos\u00e9 Wigando Mendes (Lol\u00f3), com os agentes de endemias da pasta. Eles percorreram toda a regi\u00e3o, identificando focos e repassando orienta\u00e7\u00f5es sobre os cuidados que devem ser [&hellip;]<\/p>\n","protected":false},"author":2,"featured_media":57766,"comment_status":"open","ping_status":"open","sticky":false,"template":"","format":"standard","meta":{"advanced_seo_description":"","jetpack_seo_html_title":"","jetpack_seo_noindex":false,"_jetpack_memberships_contains_paid_content":false,"footnotes":""},"categories":[88],"tags":[],"class_list":{"0":"post-57765","1":"post","2":"type-post","3":"status-publish","4":"format-standard","5":"has-post-thumbnail","7":"category-matinhos"},"jetpack_featured_media_url":"https:\/\/www.paranapraia.com.br\/wp-content\/uploads\/2024\/01\/FB_IMG_1706743224556-scaled.jpg","jetpack_sharing_enabled":true,"_links":{"self":[{"href":"https:\/\/www.paranapraia.com.br\/index.php\/wp-json\/wp\/v2\/posts\/57765"}],"collection":[{"href":"https:\/\/www.paranapraia.com.br\/index.php\/wp-json\/wp\/v2\/posts"}],"about":[{"href":"https:\/\/www.paranapraia.com.br\/index.php\/wp-json\/wp\/v2\/types\/post"}],"author":[{"embeddable":true,"href":"https:\/\/www.paranapraia.com.br\/index.php\/wp-json\/wp\/v2\/users\/2"}],"replies":[{"embeddable":true,"href":"https:\/\/www.paranapraia.com.br\/index.php\/wp-json\/wp\/v2\/comments?post=57765"}],"version-history":[{"count":1,"href":"https:\/\/www.paranapraia.com.br\/index.php\/wp-json\/wp\/v2\/posts\/57765\/revisions"}],"predecessor-version":[{"id":57767,"href":"https:\/\/www.paranapraia.com.br\/index.php\/wp-json\/wp\/v2\/posts\/57765\/revisions\/57767"}],"wp:featuredmedia":[{"embeddable":true,"href":"https:\/\/www.paranapraia.com.br\/index.php\/wp-json\/wp\/v2\/media\/57766"}],"wp:attachment":[{"href":"https:\/\/www.paranapraia.com.br\/index.php\/wp-json\/wp\/v2\/media?parent=57765"}],"wp:term":[{"taxonomy":"category","embeddable":true,"href":"https:\/\/www.paranapraia.com.br\/index.php\/wp-json\/wp\/v2\/categories?post=57765"},{"taxonomy":"post_tag","embeddable":true,"href":"https:\/\/www.paranapraia.com.br\/index.php\/wp-json\/wp\/v2\/tags?post=57765"}],"curies":[{"name":"wp","href":"https:\/\/api.w.org\/{rel}","templated":true}]}}