{"id":57759,"date":"2024-01-31T20:15:52","date_gmt":"2024-01-31T23:15:52","guid":{"rendered":"https:\/\/www.paranapraia.com.br\/?p=57759"},"modified":"2024-01-31T20:15:54","modified_gmt":"2024-01-31T23:15:54","slug":"secretaria-de-educacao-de-pontal-do-parana-distribui-vagas-aos-aprovados-em-concurso-publico","status":"publish","type":"post","link":"https:\/\/www.paranapraia.com.br\/index.php\/2024\/01\/31\/secretaria-de-educacao-de-pontal-do-parana-distribui-vagas-aos-aprovados-em-concurso-publico\/","title":{"rendered":"Secretaria de Educa\u00e7\u00e3o de Pontal do Paran\u00e1 distribui vagas aos aprovados em concurso p\u00fablico"},"content":{"rendered":"\n<p>Depois de adiar por uma semana (devido \u00e0s chuvas de janeiro) a distribui\u00e7\u00e3o de vagas referente ao concurso p\u00fablico 001\/2023, a Secretaria Municipal de Educa\u00e7\u00e3o (Smed), da Prefeitura de Pontal do Paran\u00e1, realizou o primeiro chamamento dos aprovados para diversas fun\u00e7\u00f5es na rede p\u00fablica municipal de ensino.<\/p>\n\n\n\n<p>Eles se reuniram ter\u00e7a (30), \u00e0s 9 horas, no Centro Municipal de Capacita\u00e7\u00e3o (Rua Didio Costa, 442), no Balne\u00e1rio Praia de Leste, com presen\u00e7a do prefeito Rud\u00e3o Gimenes e da secret\u00e1ria municipal da pasta, Renata Marinho. O prefeito parabenizou os aprovados, educadores e auxiliares, e destacou a oportunidade de acesso \u00e0 carreira da educa\u00e7\u00e3o municipal e tamb\u00e9m falou sobre as responsabilidades que quem assume o servi\u00e7o p\u00fablico.<\/p>\n\n\n\n<p>RECURSOS HUMANOS: De acordo com o edital do concurso, os candidatos convocados dever\u00e3o comparecer ao Departamento de Recursos Humanos (RH) da Prefeitura Municipal de Pontal do Paran\u00e1, no hor\u00e1rio das 08h30min \u00e0s 11h30 e das 14h00 \u00e0s 16h30, para apresenta\u00e7\u00e3o da documenta\u00e7\u00e3o comprobat\u00f3ria.<\/p>\n\n\n\n<p>Conforme as vagas divulgadas anteriormente, est\u00e3o convocados os aprovados para os seguintes cargos:<\/p>\n\n\n\n<p>&lt;&lt;AUXILIAR DE DESENVOLVIMENTO INFANTIL \u2013 ampla concorr\u00eancia.<br>&lt;&lt;AUXILIAR DE DESENVOLVIMENTO INFANTIL \u2013 Pessoa com Defici\u00eancia \u2013 PD;<br>&lt;&lt;AUXILIAR DE DESENVOLVIMENTO INFANTIL \u2013Negros\/Ind\u00edgenas\/Quilombolas \u2013 NIQUE;<br>&lt;&lt;PROFESSOR \u2013 ampla concorr\u00eancia;<br>&lt;&lt;PROFESSOR &#8211; Pessoa com Defici\u00eancia \u2013 PD;<br>&lt;&lt;PROFESSOR Negros\/Ind\u00edgenas\/Quilombolas \u2013 NIQUE;<br>&lt;&lt;PROFESSOR EDUCA\u00c7\u00c3O ESPECIAL;<br>&lt;&lt;PROFESSOR EDUCA\u00c7\u00c3O F\u00cdSICA:<br>&lt;&lt;PROFESSOR PEDAGOGO.<\/p>\n\n\n\n<p>Prefeitura de Pontal do Paran\u00e1 <\/p>\n","protected":false},"excerpt":{"rendered":"<p>Depois de adiar por uma semana (devido \u00e0s chuvas de janeiro) a distribui\u00e7\u00e3o de vagas referente ao concurso p\u00fablico 001\/2023, a Secretaria Municipal de Educa\u00e7\u00e3o (Smed), da Prefeitura de Pontal do Paran\u00e1, realizou o primeiro chamamento dos aprovados para diversas fun\u00e7\u00f5es na rede p\u00fablica municipal de ensino. Eles se reuniram ter\u00e7a (30), \u00e0s 9 horas, [&hellip;]<\/p>\n","protected":false},"author":2,"featured_media":57760,"comment_status":"open","ping_status":"open","sticky":false,"template":"","format":"standard","meta":{"advanced_seo_description":"","jetpack_seo_html_title":"","jetpack_seo_noindex":false,"_jetpack_memberships_contains_paid_content":false,"footnotes":""},"categories":[65],"tags":[],"class_list":{"0":"post-57759","1":"post","2":"type-post","3":"status-publish","4":"format-standard","5":"has-post-thumbnail","7":"category-pontal-do-parana"},"jetpack_featured_media_url":"https:\/\/www.paranapraia.com.br\/wp-content\/uploads\/2024\/01\/FB_IMG_1706742813529-scaled.jpg","jetpack_sharing_enabled":true,"_links":{"self":[{"href":"https:\/\/www.paranapraia.com.br\/index.php\/wp-json\/wp\/v2\/posts\/57759"}],"collection":[{"href":"https:\/\/www.paranapraia.com.br\/index.php\/wp-json\/wp\/v2\/posts"}],"about":[{"href":"https:\/\/www.paranapraia.com.br\/index.php\/wp-json\/wp\/v2\/types\/post"}],"author":[{"embeddable":true,"href":"https:\/\/www.paranapraia.com.br\/index.php\/wp-json\/wp\/v2\/users\/2"}],"replies":[{"embeddable":true,"href":"https:\/\/www.paranapraia.com.br\/index.php\/wp-json\/wp\/v2\/comments?post=57759"}],"version-history":[{"count":1,"href":"https:\/\/www.paranapraia.com.br\/index.php\/wp-json\/wp\/v2\/posts\/57759\/revisions"}],"predecessor-version":[{"id":57761,"href":"https:\/\/www.paranapraia.com.br\/index.php\/wp-json\/wp\/v2\/posts\/57759\/revisions\/57761"}],"wp:featuredmedia":[{"embeddable":true,"href":"https:\/\/www.paranapraia.com.br\/index.php\/wp-json\/wp\/v2\/media\/57760"}],"wp:attachment":[{"href":"https:\/\/www.paranapraia.com.br\/index.php\/wp-json\/wp\/v2\/media?parent=57759"}],"wp:term":[{"taxonomy":"category","embeddable":true,"href":"https:\/\/www.paranapraia.com.br\/index.php\/wp-json\/wp\/v2\/categories?post=57759"},{"taxonomy":"post_tag","embeddable":true,"href":"https:\/\/www.paranapraia.com.br\/index.php\/wp-json\/wp\/v2\/tags?post=57759"}],"curies":[{"name":"wp","href":"https:\/\/api.w.org\/{rel}","templated":true}]}}