{"id":57756,"date":"2024-01-31T20:11:23","date_gmt":"2024-01-31T23:11:23","guid":{"rendered":"https:\/\/www.paranapraia.com.br\/?p=57756"},"modified":"2024-01-31T20:11:25","modified_gmt":"2024-01-31T23:11:25","slug":"construcao-de-casas-populares-comecam-imediatamente-em-pontal-do-sul","status":"publish","type":"post","link":"https:\/\/www.paranapraia.com.br\/index.php\/2024\/01\/31\/construcao-de-casas-populares-comecam-imediatamente-em-pontal-do-sul\/","title":{"rendered":"Constru\u00e7\u00e3o de casas populares come\u00e7am imediatamente em Pontal do Sul"},"content":{"rendered":"\n<p>A ordem de servi\u00e7o que autoriza a constru\u00e7\u00e3o das primeiras sete casas de um total de 50 moradias populares previstas no Plano Municipal de Habita\u00e7\u00e3o de Pontal do Paran\u00e1, foi assinada na manh\u00e3 desta quarta (31), em Pontal do Sul, pelo prefeito Rud\u00e3o Gimenes, pela vice-prefeita Patr\u00edcia Millo Marcomini e pela secret\u00e1ria municipal de Direitos Humanos e Defesa da Cidadania, Rosiane Rosa \u201cNega\u201d Borges. A constru\u00e7\u00e3o ser\u00e1 no terreno que abrigava a antiga Delegacia de Pol\u00edcia Civil (Alameda dos Limoeiros, Lote 7-A, quadra 12) e o prazo de conclus\u00e3o \u00e9 de 180 dias.<\/p>\n\n\n\n<p>As unidades ser\u00e3o constru\u00eddas em alvenaria com \u00e1rea total de 41,40 m\u00b2 cada, com dois quartos, banheiro, sala e cozinha conjugadas e lavanderia coberta. A execu\u00e7\u00e3o da obra tamb\u00e9m compreende instala\u00e7\u00f5es el\u00e9trica e hidr\u00e1ulica, piso e pintura completa.<\/p>\n\n\n\n<p>Participam da solenidade, al\u00e9m do prefeito Rud\u00e3o e da secret\u00e1ria Nega, os secret\u00e1rios municipais Juvanete Pereira (Turismo e Desenvolvimento Sustent\u00e1vel) e F\u00e1bio de Oliveira (Obras e Servi\u00e7os P\u00fablicos), os vereadores Ezequiel Tavares, Jo\u00e3o Carlos do Ros\u00e1rio (Barriga) e Elinete Guimar\u00e3es Rocha. V\u00e1rios ve\u00edculos de comunica\u00e7\u00e3o enviaram rep\u00f3rteres e a solenidade teve significativa presen\u00e7a da popula\u00e7\u00e3o.<\/p>\n\n\n\n<p>O Plano Municipal de Habita\u00e7\u00e3o foi criado com diretrizes para que os administradores sempre tenham que priorizar futuros investimentos em habita\u00e7\u00e3o. A busca \u00e9 zerar a fila viabilizando parcerias com o governo federal, atrav\u00e9s de unidades do Minha Casa Minha Vida, e com o governo estadual, por meio do Programa Casa F\u00e1cil Paran\u00e1. O investimento atual nas primeiras 50 casas \u00e9 realizado com recursos pr\u00f3prios do munic\u00edpio. O valor total do investimento ser\u00e1 de R$ 4.369.570,00. O Lote 1 em Pontal do Sul ter\u00e1 investimento de R$ 650.100,00.<\/p>\n\n\n\n<p>SEGUNDO LOTE SER\u00c1 NO BALNE\u00c1RIO PRIMAVERA<br>O prefeito Rud\u00e3o Gimenes destacou que Pontal do Paran\u00e1 \u00e9 uma cidade com deficit de moradia popular e que o plano municipal de habita\u00e7\u00e3o visa reduzir essa car\u00eancia, atrav\u00e9s do trabalho de regulariza\u00e7\u00e3o fundi\u00e1ria e de habita\u00e7\u00e3o feito pela secretaria criada essencialmente para esse fim. \u201cRetomamos hoje esse processo de constru\u00e7\u00e3o para 50 casas, o primeiro lote com sete delas em Pontal do Sul no terreno que abrigou a antiga delegacia. E temos outros lotes. Na sequ\u00eancia, ser\u00e1 no Balne\u00e1rio Primavera\u201d, adiantou Rud\u00e3o, lembrando que, a cada ordem de servi\u00e7o assinada, ser\u00e3o 180 dias para a conclus\u00e3o das obras.<\/p>\n\n\n\n<p>RECURSOS PR\u00d3PRIOS<br>H\u00e1 12 anos sem constru\u00e7\u00e3o de casas populares, a cidade possui ocupa\u00e7\u00f5es irregulares e o prefeito defende que estado e munic\u00edpio devem investir em politicas habitacionais. \u201cN\u00e3o podemos incentivar ocupa\u00e7\u00f5es por omiss\u00e3o do poder p\u00fablico. As pessoas precisam de moradia e temos que encarar esse desafio. \u00c9 o que faremos e, por isso, garantimos esse investimento com recursos pr\u00f3prios. O ponto m\u00e1ximo ser\u00e1 a entrega das chaves\u201d, afirmou.<\/p>\n\n\n\n<p>CADASTRO NA PREFEITURA<br>A secret\u00e1ria municipal de Direitos Humanos e Defesa da Cidadania, Nega Borges, explicou que as constru\u00e7\u00f5es contemplar\u00e3o v\u00e1rias regi\u00f5es da cidade. Al\u00e9m de Pontal do Sul, os balne\u00e1rios Primavera, Praia de Leste e Ipanema. \u201cQuem ainda n\u00e3o fez cadastro deve procurar a Prefeitura das 8 \u00e0s 12 e das 13h30 \u00e0s 17 horas para, depois de prontas, participar do sorteio das casas. O nosso programa habitacional acompanha os crit\u00e9rios de inclus\u00e3o da Cohapar (Companhia de Habita\u00e7\u00e3o do Paran\u00e1), prioritariamente m\u00e3es solo e pessoas de baixa renda, mas h\u00e1 outros crit\u00e9rios\u201d, disse a secret\u00e1ria.<\/p>\n\n\n\n<p>Prefeitura de Pontal do Paran\u00e1 <\/p>\n","protected":false},"excerpt":{"rendered":"<p>A ordem de servi\u00e7o que autoriza a constru\u00e7\u00e3o das primeiras sete casas de um total de 50 moradias populares previstas no Plano Municipal de Habita\u00e7\u00e3o de Pontal do Paran\u00e1, foi assinada na manh\u00e3 desta quarta (31), em Pontal do Sul, pelo prefeito Rud\u00e3o Gimenes, pela vice-prefeita Patr\u00edcia Millo Marcomini e pela secret\u00e1ria municipal de Direitos [&hellip;]<\/p>\n","protected":false},"author":2,"featured_media":57757,"comment_status":"open","ping_status":"open","sticky":false,"template":"","format":"standard","meta":{"advanced_seo_description":"","jetpack_seo_html_title":"","jetpack_seo_noindex":false,"_jetpack_memberships_contains_paid_content":false,"footnotes":""},"categories":[65],"tags":[],"class_list":{"0":"post-57756","1":"post","2":"type-post","3":"status-publish","4":"format-standard","5":"has-post-thumbnail","7":"category-pontal-do-parana"},"jetpack_featured_media_url":"https:\/\/www.paranapraia.com.br\/wp-content\/uploads\/2024\/01\/FB_IMG_1706742561671-scaled.jpg","jetpack_sharing_enabled":true,"_links":{"self":[{"href":"https:\/\/www.paranapraia.com.br\/index.php\/wp-json\/wp\/v2\/posts\/57756"}],"collection":[{"href":"https:\/\/www.paranapraia.com.br\/index.php\/wp-json\/wp\/v2\/posts"}],"about":[{"href":"https:\/\/www.paranapraia.com.br\/index.php\/wp-json\/wp\/v2\/types\/post"}],"author":[{"embeddable":true,"href":"https:\/\/www.paranapraia.com.br\/index.php\/wp-json\/wp\/v2\/users\/2"}],"replies":[{"embeddable":true,"href":"https:\/\/www.paranapraia.com.br\/index.php\/wp-json\/wp\/v2\/comments?post=57756"}],"version-history":[{"count":1,"href":"https:\/\/www.paranapraia.com.br\/index.php\/wp-json\/wp\/v2\/posts\/57756\/revisions"}],"predecessor-version":[{"id":57758,"href":"https:\/\/www.paranapraia.com.br\/index.php\/wp-json\/wp\/v2\/posts\/57756\/revisions\/57758"}],"wp:featuredmedia":[{"embeddable":true,"href":"https:\/\/www.paranapraia.com.br\/index.php\/wp-json\/wp\/v2\/media\/57757"}],"wp:attachment":[{"href":"https:\/\/www.paranapraia.com.br\/index.php\/wp-json\/wp\/v2\/media?parent=57756"}],"wp:term":[{"taxonomy":"category","embeddable":true,"href":"https:\/\/www.paranapraia.com.br\/index.php\/wp-json\/wp\/v2\/categories?post=57756"},{"taxonomy":"post_tag","embeddable":true,"href":"https:\/\/www.paranapraia.com.br\/index.php\/wp-json\/wp\/v2\/tags?post=57756"}],"curies":[{"name":"wp","href":"https:\/\/api.w.org\/{rel}","templated":true}]}}