{"id":57753,"date":"2024-01-31T20:06:50","date_gmt":"2024-01-31T23:06:50","guid":{"rendered":"https:\/\/www.paranapraia.com.br\/?p=57753"},"modified":"2024-01-31T20:06:52","modified_gmt":"2024-01-31T23:06:52","slug":"com-provas-no-mar-trofeu-elite-tem-1o-dia-de-competicao-em-matinhos","status":"publish","type":"post","link":"https:\/\/www.paranapraia.com.br\/index.php\/2024\/01\/31\/com-provas-no-mar-trofeu-elite-tem-1o-dia-de-competicao-em-matinhos\/","title":{"rendered":"Com provas no mar, Trof\u00e9u Elite tem 1\u00ba dia de competi\u00e7\u00e3o em Matinhos"},"content":{"rendered":"\n<p>Com a realiza\u00e7\u00e3o das provas de mar \u2013 e de areia \u2013, come\u00e7ou nesta quarta-feira (31) a 28\u00aa edi\u00e7\u00e3o do Trof\u00e9u Elite. Misto de competi\u00e7\u00e3o e confraterniza\u00e7\u00e3o, o evento re\u00fane guarda-vidas militares e civis que atuam durante a temporada de ver\u00e3o no Litoral do Paran\u00e1. Durante dois dias, os participantes encaram oito provas relacionadas \u00e0 atividade de salvamento aqu\u00e1tico. Neste ano, s\u00e3o mais de 200 inscritos, incluindo uma equipe de Santa Catarina.<\/p>\n\n\n\n<p>Comandante do 8\u00ba Grupamento de Bombeiros, respons\u00e1vel pelo Litoral, o major Fabr\u00edcio Frazatto dos Santos explica que o LifeSaving, chamado de salvamento aqu\u00e1tico, al\u00e9m de simular atividades do dia a dia dos guarda-vidas, \u00e9 tamb\u00e9m um esporte em expans\u00e3o e reconhecido pelo Comit\u00ea Ol\u00edmpico Internacional.<\/p>\n\n\n\n<p>\u201c\u00c9 um esporte mundial. Teremos, inclusive, a disputa do Mundial, em agosto e setembro, na Austr\u00e1lia. E o Corpo de Bombeiros do Paran\u00e1 \u00e9 um dos destaques nessas categorias no Brasil\u201d, diz. \u201c\u00c9 uma prova tradicional, que conta com v\u00e1rias modalidades voltadas \u00e0 atividade de preven\u00e7\u00e3o e salvamento aqu\u00e1tico\u201d.<\/p>\n\n\n\n<p>O primeiro dia de disputa teve desafios superados na Praia Brava de Matinhos. A largada foi com o Aquathlon, que consiste em tr\u00eas etapas: corrida de 200 metros, nata\u00e7\u00e3o de 300 metros e mais 200 metros de corrida at\u00e9 a linha de chegada. Depois, foram mais duas atividades na \u00e1gua \u2013 salvamentos com pranch\u00e3o e com tubo de resgate \u2013 e duas na beira do mar:&nbsp;sprint de 90 metros e corrida \u00e0 nadadeira.<\/p>\n\n\n\n<p>\u201cA prova da corrida \u00e0 nadadeira \u00e9 especialmente interessante: \u00e9 como se fosse uma dan\u00e7a das cadeiras. N\u00f3s temos um n\u00famero x de competidores e uma nadadeira a menos, d\u00e1-se a largada numa dist\u00e2ncia de 20 metros, e aquele n\u00e3o conseguir pegar uma das nadadeiras colocadas na linha final deixa a prova\u201d, resume.<\/p>\n\n\n\n<p><strong>EM FAM\u00cdLIA<\/strong>&nbsp;\u2013 O Trof\u00e9u Elite \u00e9 um evento voltado \u00e0 fam\u00edlia dos bombeiros e guarda-vidas civis, mas tamb\u00e9m tem espa\u00e7o para fam\u00edlias de sangue. \u00c9 o caso, por exemplo, dos Rudnik.&nbsp;<\/p>\n\n\n\n<p>O sargento Luiz Alberto, que trabalha h\u00e1 30 anos na Corpora\u00e7\u00e3o, participou da atividade desta quarta-feira ao lado da filha Milena, que \u00e9 guarda-vidas civil. \u201cEla j\u00e1 est\u00e1 na quarta temporada do Ver\u00e3o Maior Paran\u00e1, e no ano que vem o meu filho vai entrar como guarda-vida civil. Tenho muito orgulho de poder participar de uma competi\u00e7\u00e3o que fazemos todos os anos e que envolve todas as sub\u00e1reas de atua\u00e7\u00e3o no litoral\u201d, revela.<\/p>\n\n\n\n<p>A filha, Milena Rudnik Ara\u00fajo, atua no Litoral desde 2019. A guarda-vidas civil n\u00e3o esconde que a influ\u00eancia do pai foi fundamental. \u201cDesde pequenininha, ver meu pai dentro da Corpora\u00e7\u00e3o me fez querer seguir esse caminho. \u00c9 um grande orgulho fazer parte dessa fam\u00edlia que \u00e9 o Corpo de Bombeiros\u201d, conta, mostrando o carinho que tem com a institui\u00e7\u00e3o.<\/p>\n\n\n\n<p>Alexandre Rudnik, de 19 anos, outro filho que mira os passos do sargento, desta vez apenas engrossou o bom p\u00fablico que acompanhou o in\u00edcio das disputas. Em 2025, no entanto, espera fazer como o pai, que ganhou uma medalha de prata nesta quarta.<\/p>\n\n\n\n<p><strong>CONFRATERNIZA\u00c7\u00c3O&nbsp;<\/strong>\u2013 Em sua d\u00e9cima temporada trabalhando como guarda-vidas civil no Litoral, Guilherme Andri, de 36 anos, elogia n\u00e3o s\u00f3 a realiza\u00e7\u00e3o e a organiza\u00e7\u00e3o do evento, que j\u00e1 virou tradi\u00e7\u00e3o na orla paranaense, como tamb\u00e9m as constantes atividades de confraterniza\u00e7\u00e3o destinadas aos guarda-vidas.<\/p>\n\n\n\n<p>\u201cEstou muito feliz com as confraterniza\u00e7\u00f5es, com os eventos que eles trazem para a gente estar se aprimorando e se aperfei\u00e7oando cada dia mais. Isso vem unir o nosso grupo e ajudar na nossa alta performance na hora do salvamento\u201d, opina, lembrando tamb\u00e9m de ressaltar a retaguarda dada pelas equipes do Ver\u00e3o Maior Paran\u00e1. \u201cO Ver\u00e3o Maior Paran\u00e1 est\u00e1 de parab\u00e9ns pela organiza\u00e7\u00e3o e pelo apoio que tem dado na praia\u201d, conclui.&nbsp;<\/p>\n\n\n\n<p>Para o coordenador de Esportes do Ver\u00e3o Maior, Jackson de Almeida, a participa\u00e7\u00e3o do Corpo de Bombeiros \u00e9 de extrema import\u00e2ncia, tanto em rela\u00e7\u00e3o \u00e0 seguran\u00e7a no mar quanto \u00e0 seguran\u00e7a de todos os veranistas, principalmente no ambiente da praia. \u201c\u00c9 um prazer enorme poder auxiliar na realiza\u00e7\u00e3o do Trof\u00e9u Elite, onde os bombeiros militares e civis disputam provas de \u00e2mbito esportivo, mas com a caracter\u00edstica do seu dia a dia de atua\u00e7\u00e3o\u201d, conta.<\/p>\n\n\n\n<p>A sequ\u00eancia da competi\u00e7\u00e3o ser\u00e1 em Paranagu\u00e1, nesta quinta-feira (1\u00ba) pela manh\u00e3, com as provas de piscina: 50 m; 100 m; revezamento 4&#215;25 m e 4&#215;50 m.<\/p>\n\n\n\n<p>AEN\/PR<\/p>\n","protected":false},"excerpt":{"rendered":"<p>Com a realiza\u00e7\u00e3o das provas de mar \u2013 e de areia \u2013, come\u00e7ou nesta quarta-feira (31) a 28\u00aa edi\u00e7\u00e3o do Trof\u00e9u Elite. Misto de competi\u00e7\u00e3o e confraterniza\u00e7\u00e3o, o evento re\u00fane guarda-vidas militares e civis que atuam durante a temporada de ver\u00e3o no Litoral do Paran\u00e1. Durante dois dias, os participantes encaram oito provas relacionadas \u00e0 [&hellip;]<\/p>\n","protected":false},"author":2,"featured_media":57754,"comment_status":"open","ping_status":"open","sticky":false,"template":"","format":"standard","meta":{"advanced_seo_description":"","jetpack_seo_html_title":"","jetpack_seo_noindex":false,"_jetpack_memberships_contains_paid_content":false,"footnotes":""},"categories":[88],"tags":[],"class_list":{"0":"post-57753","1":"post","2":"type-post","3":"status-publish","4":"format-standard","5":"has-post-thumbnail","7":"category-matinhos"},"jetpack_featured_media_url":"https:\/\/www.paranapraia.com.br\/wp-content\/uploads\/2024\/01\/image00012_2-scaled.jpg","jetpack_sharing_enabled":true,"_links":{"self":[{"href":"https:\/\/www.paranapraia.com.br\/index.php\/wp-json\/wp\/v2\/posts\/57753"}],"collection":[{"href":"https:\/\/www.paranapraia.com.br\/index.php\/wp-json\/wp\/v2\/posts"}],"about":[{"href":"https:\/\/www.paranapraia.com.br\/index.php\/wp-json\/wp\/v2\/types\/post"}],"author":[{"embeddable":true,"href":"https:\/\/www.paranapraia.com.br\/index.php\/wp-json\/wp\/v2\/users\/2"}],"replies":[{"embeddable":true,"href":"https:\/\/www.paranapraia.com.br\/index.php\/wp-json\/wp\/v2\/comments?post=57753"}],"version-history":[{"count":1,"href":"https:\/\/www.paranapraia.com.br\/index.php\/wp-json\/wp\/v2\/posts\/57753\/revisions"}],"predecessor-version":[{"id":57755,"href":"https:\/\/www.paranapraia.com.br\/index.php\/wp-json\/wp\/v2\/posts\/57753\/revisions\/57755"}],"wp:featuredmedia":[{"embeddable":true,"href":"https:\/\/www.paranapraia.com.br\/index.php\/wp-json\/wp\/v2\/media\/57754"}],"wp:attachment":[{"href":"https:\/\/www.paranapraia.com.br\/index.php\/wp-json\/wp\/v2\/media?parent=57753"}],"wp:term":[{"taxonomy":"category","embeddable":true,"href":"https:\/\/www.paranapraia.com.br\/index.php\/wp-json\/wp\/v2\/categories?post=57753"},{"taxonomy":"post_tag","embeddable":true,"href":"https:\/\/www.paranapraia.com.br\/index.php\/wp-json\/wp\/v2\/tags?post=57753"}],"curies":[{"name":"wp","href":"https:\/\/api.w.org\/{rel}","templated":true}]}}