{"id":57750,"date":"2024-01-31T20:03:24","date_gmt":"2024-01-31T23:03:24","guid":{"rendered":"https:\/\/www.paranapraia.com.br\/?p=57750"},"modified":"2024-01-31T20:03:26","modified_gmt":"2024-01-31T23:03:26","slug":"policia-cientifica-leva-exposicao-sobre-crimes-ambientais-para-matinhos-e-guaratuba","status":"publish","type":"post","link":"https:\/\/www.paranapraia.com.br\/index.php\/2024\/01\/31\/policia-cientifica-leva-exposicao-sobre-crimes-ambientais-para-matinhos-e-guaratuba\/","title":{"rendered":"Pol\u00edcia Cient\u00edfica leva exposi\u00e7\u00e3o sobre crimes ambientais para Matinhos e Guaratuba"},"content":{"rendered":"\n<p>A Pol\u00edcia Cient\u00edfica do Paran\u00e1 (PCP) e o Museu Paranaense de Ci\u00eancias Forenses (MPCF) levam para o Litoral, neste final de semana, a exposi\u00e7\u00e3o \u201cCrimes Ambientais e a Per\u00edcia do Paran\u00e1\u201d. A mostra acontece em Guaratuba nesta sexta (02) e em Caiob\u00e1 no s\u00e1bado (03), das 15h \u00e0s 19h, junto \u00e0 exposi\u00e7\u00e3o das for\u00e7as de seguran\u00e7a p\u00fablica.<\/p>\n\n\n\n<p>O p\u00fablico poder\u00e1 conhecer diversas pe\u00e7as que mostram a variedade da per\u00edcia em crimes ambientais, como peles e ossos de animais, drones, microsc\u00f3pios com amostras de solo e madeira.<\/p>\n\n\n\n<p>A mostra foi inaugurada em dezembro de 2023 na sala de exposi\u00e7\u00f5es do MPCF na Unidade de Execu\u00e7\u00e3o T\u00e9cnico-Cient\u00edfica do Tarum\u00e3, em Curitiba, e ficar\u00e1 dispon\u00edvel para visita\u00e7\u00e3o at\u00e9 come\u00e7o de mar\u00e7o. No Litoral, \u00e9 uma excelente oportunidade para moradores e veranistas conhecerem de perto o trabalho pericial.<\/p>\n\n\n\n<p>A equipe da Se\u00e7\u00e3o de Crimes Ambientais (SCA) da PCP tamb\u00e9m estar\u00e1 nos eventos apresentando os materiais, contando sobre a rotina da se\u00e7\u00e3o e os casos atendidos.<\/p>\n\n\n\n<p>A SCA foi criada em 2019 com o objetivo de fazer exames periciais em locais de crimes contra a flora, incluindo exames complementares (identifica\u00e7\u00e3o de esp\u00e9cies arb\u00f3reas por an\u00e1lises dendrol\u00f3gicas e de anatomia da madeira); crimes contra a fauna, (com necropsias animais; crimes contra a administra\u00e7\u00e3o ambiental; polui\u00e7\u00e3o; minera\u00e7\u00e3o; microvest\u00edgios de solo), entre outros.<\/p>\n\n\n\n<p>\u201cEste evento \u00e9 uma grande oportunidade de levar a divulga\u00e7\u00e3o cient\u00edfica a espa\u00e7os n\u00e3o formais e alcan\u00e7ar um n\u00famero maior de pessoas\u201d, destaca a diretora do Museu Paranaense de Ci\u00eancias Forenses, Fab\u00edola Machado.<\/p>\n\n\n\n<p><strong>ESPA\u00c7O&nbsp;<\/strong>\u2013 O Museu Paranaense de Ci\u00eancias Forenses integra a Pol\u00edcia Cient\u00edfica do Paran\u00e1 e \u00e9 dedicado \u00e0 conserva\u00e7\u00e3o da hist\u00f3ria da PCP no Estado e \u00e0 divulga\u00e7\u00e3o das ci\u00eancias forenses. Possui em seu acervo instrumentos e equipamentos utilizados desde o in\u00edcio das atividades periciais no Paran\u00e1, al\u00e9m de livros, documentos, arquivos fotogr\u00e1ficos e pe\u00e7as anat\u00f4micas.<\/p>\n\n\n\n<p>Em 2023, recebeu em torno de 12 mil visitantes, somando a sala de exposi\u00e7\u00e3o na Unidade de Execu\u00e7\u00e3o T\u00e9cnico-Cient\u00edfica do Tarum\u00e3 (UETC) e o antigo necrot\u00e9rio na UETC Visconde.<\/p>\n\n\n\n<p>As visitas ao museu ocorrem somente na modalidade guiada. O p\u00fablico \u00e9 composto, principalmente, por estudantes das \u00e1reas da Sa\u00fade e do Direito \u2013 nestes casos, a visita\u00e7\u00e3o contempla tamb\u00e9m os laborat\u00f3rios da Pol\u00edcia Cient\u00edfica.&nbsp;Para esclarecimento de d\u00favidas ou agendamento de visitas entrar em contato por e-mail: museuforense@policiacientifica.pr.gov.br.<\/p>\n\n\n\n<p><strong>Servi\u00e7o:<\/strong><\/p>\n\n\n\n<p>Exposi\u00e7\u00e3o&nbsp;\u201cCrimes Ambientais e a Per\u00edcia do Paran\u00e1\u201d<\/p>\n\n\n\n<p>Guaratuba<\/p>\n\n\n\n<p>Data: 02\/02, sexta-feira<\/p>\n\n\n\n<p>hor\u00e1rio: 15h \u00e0s 19h<\/p>\n\n\n\n<p>Local:&nbsp;Av. Atl\u00e2ntica, Praia Central (aio lado do letreiro de Guaratuba)<\/p>\n\n\n\n<p>Caiob\u00e1<\/p>\n\n\n\n<p>Data: 03\/02, s\u00e1bado<\/p>\n\n\n\n<p>Hor\u00e1rio: 15h \u00e0s 19h<\/p>\n\n\n\n<p>Local:\u00a0Av. Atl\u00e2ntica, 2010<\/p>\n\n\n\n<p>AEN\/PR<\/p>\n","protected":false},"excerpt":{"rendered":"<p>A Pol\u00edcia Cient\u00edfica do Paran\u00e1 (PCP) e o Museu Paranaense de Ci\u00eancias Forenses (MPCF) levam para o Litoral, neste final de semana, a exposi\u00e7\u00e3o \u201cCrimes Ambientais e a Per\u00edcia do Paran\u00e1\u201d. A mostra acontece em Guaratuba nesta sexta (02) e em Caiob\u00e1 no s\u00e1bado (03), das 15h \u00e0s 19h, junto \u00e0 exposi\u00e7\u00e3o das for\u00e7as de [&hellip;]<\/p>\n","protected":false},"author":2,"featured_media":57751,"comment_status":"open","ping_status":"open","sticky":false,"template":"","format":"standard","meta":{"advanced_seo_description":"","jetpack_seo_html_title":"","jetpack_seo_noindex":false,"_jetpack_memberships_contains_paid_content":false,"footnotes":""},"categories":[91],"tags":[],"class_list":{"0":"post-57750","1":"post","2":"type-post","3":"status-publish","4":"format-standard","5":"has-post-thumbnail","7":"category-litoral"},"jetpack_featured_media_url":"https:\/\/www.paranapraia.com.br\/wp-content\/uploads\/2024\/01\/pcp.museu_-scaled.jpg","jetpack_sharing_enabled":true,"_links":{"self":[{"href":"https:\/\/www.paranapraia.com.br\/index.php\/wp-json\/wp\/v2\/posts\/57750"}],"collection":[{"href":"https:\/\/www.paranapraia.com.br\/index.php\/wp-json\/wp\/v2\/posts"}],"about":[{"href":"https:\/\/www.paranapraia.com.br\/index.php\/wp-json\/wp\/v2\/types\/post"}],"author":[{"embeddable":true,"href":"https:\/\/www.paranapraia.com.br\/index.php\/wp-json\/wp\/v2\/users\/2"}],"replies":[{"embeddable":true,"href":"https:\/\/www.paranapraia.com.br\/index.php\/wp-json\/wp\/v2\/comments?post=57750"}],"version-history":[{"count":1,"href":"https:\/\/www.paranapraia.com.br\/index.php\/wp-json\/wp\/v2\/posts\/57750\/revisions"}],"predecessor-version":[{"id":57752,"href":"https:\/\/www.paranapraia.com.br\/index.php\/wp-json\/wp\/v2\/posts\/57750\/revisions\/57752"}],"wp:featuredmedia":[{"embeddable":true,"href":"https:\/\/www.paranapraia.com.br\/index.php\/wp-json\/wp\/v2\/media\/57751"}],"wp:attachment":[{"href":"https:\/\/www.paranapraia.com.br\/index.php\/wp-json\/wp\/v2\/media?parent=57750"}],"wp:term":[{"taxonomy":"category","embeddable":true,"href":"https:\/\/www.paranapraia.com.br\/index.php\/wp-json\/wp\/v2\/categories?post=57750"},{"taxonomy":"post_tag","embeddable":true,"href":"https:\/\/www.paranapraia.com.br\/index.php\/wp-json\/wp\/v2\/tags?post=57750"}],"curies":[{"name":"wp","href":"https:\/\/api.w.org\/{rel}","templated":true}]}}