{"id":57747,"date":"2024-01-31T20:00:34","date_gmt":"2024-01-31T23:00:34","guid":{"rendered":"https:\/\/www.paranapraia.com.br\/?p=57747"},"modified":"2024-01-31T20:00:36","modified_gmt":"2024-01-31T23:00:36","slug":"robotica-e-plataformas-pedagogicas-da-educacao-viram-atracao-no-verao-maior-parana","status":"publish","type":"post","link":"https:\/\/www.paranapraia.com.br\/index.php\/2024\/01\/31\/robotica-e-plataformas-pedagogicas-da-educacao-viram-atracao-no-verao-maior-parana\/","title":{"rendered":"Rob\u00f3tica e plataformas pedag\u00f3gicas da educa\u00e7\u00e3o viram atra\u00e7\u00e3o no Ver\u00e3o Maior Paran\u00e1"},"content":{"rendered":"\n<p>A&nbsp;tenda da Secretaria de Estado da Educa\u00e7\u00e3o na&nbsp;Praia Brava de Caiob\u00e1, em Matinhos, tem op\u00e7\u00f5es para todos os gostos neste Ver\u00e3o Maior Paran\u00e1.&nbsp;O p\u00fablico tem acesso a algumas experi\u00eancias e materiais que t\u00eam possibilitado aos estudantes a viv\u00eancia e o aprendizado no campo da rob\u00f3tica e da educa\u00e7\u00e3o gamificada. Os visitantes podem manusear prot\u00f3tipos multifuncionais desenvolvidos pelos t\u00e9cnicos da Coordena\u00e7\u00e3o de Tecnologias Educacionais da Seed-PR e conhecer os kits de rob\u00f3tica da rede estadual.<\/p>\n\n\n\n<p>\u201cPodemos desenvolver in\u00fameros projetos com os componentes do kit de rob\u00f3tica em sala de aula e levamos esses materiais para o Litoral para que esse conhecimento chegue a mais pessoas. Os prot\u00f3tipos apresentados na tenda podem, inclusive, servir de inspira\u00e7\u00e3o ou exemplo para professores e alunos daquilo que \u00e9 poss\u00edvel fazer na escola\u201d, afirma Marcelo Gasparin, coordenador de Tecnologias Educacionais da Seed-PR.<\/p>\n\n\n\n<p>Outro projeto dispon\u00edvel \u00e9 o leitor Esta\u00e7\u00e3o Meteorol\u00f3gica, que usa sensores de umidade e temperatura para medi\u00e7\u00e3o climatol\u00f3gica e verifica\u00e7\u00e3o das condi\u00e7\u00f5es do ambiente. Ele foi desenvolvido de maneira experimental por t\u00e9cnicos da Coordena\u00e7\u00e3o de Tecnologias Educacionais da Seed-PR.<\/p>\n\n\n\n<p>Quem quiser tamb\u00e9m pode controlar rob\u00f4s com o Bra\u00e7o Rob\u00f3tico, que simula movimentos automatizados visando auxiliar na manipula\u00e7\u00e3o de materiais ou equipamentos, e o Rob\u00f4 Seguidor de Linha, cuja fun\u00e7\u00e3o \u00e9 identificar percursos de forma automatizada e locomover-se sozinho, podendo ser usado para realizar servi\u00e7os de carga ou at\u00e9 mesmo auxiliar na locomo\u00e7\u00e3o de pessoas com defici\u00eancia visual, por exemplo.<\/p>\n\n\n\n<p>A plataforma pedag\u00f3gica Quizizz, de fixa\u00e7\u00e3o de conte\u00fado com quizzes, e os Educatrons, compostos por smart TV 43&#8221;, computador, webcam, microfones, teclado com mouse pad e pedestal regul\u00e1vel, onde s\u00e3o exibidos v\u00eddeos, imagens e experi\u00eancias, incluindo exemplos de projetos realizados em sala de aula, proporcionam aos visitantes uma vis\u00e3o abrangente das atividades desenvolvidas para cerca de 1 milh\u00e3o de alunos.<\/p>\n\n\n\n<p>\u201cLevamos a rob\u00f3tica e esses recursos tecnol\u00f3gicos ao Ver\u00e3o Maior Paran\u00e1 para apresentar os avan\u00e7os na educa\u00e7\u00e3o p\u00fablica e tamb\u00e9m conscientizar a popula\u00e7\u00e3o sobre a import\u00e2ncia da tecnologia nas atividades regulares e extracurriculares dos alunos\u201d, destaca o diretor de educa\u00e7\u00e3o da Seed-PR, Anderfabio Oliveira dos Santos.\u00a0A tenda da Seed-PR funciona de ter\u00e7a a domingo, das 8h \u00e0s 12h e das 15h \u00e0s 19h, permanecendo aberto \u00e0 visita\u00e7\u00e3o at\u00e9 domingo, dia 4 de fevereiro.<\/p>\n\n\n\n<p><strong>ROB\u00d3TICA EM EXPANS\u00c3O&nbsp;<\/strong>\u2013 Em 2021, no in\u00edcio da implanta\u00e7\u00e3o do ensino de rob\u00f3tica, a primeira a\u00e7\u00e3o da Secretaria de Estado da Educa\u00e7\u00e3o foi a aquisi\u00e7\u00e3o de 2.577 kits, distribu\u00eddos a 277 escolas, para iniciarem a oferta das aulas naquele mesmo ano. J\u00e1 em 2023, 1.672 escolas e 20.555 estudantes foram atendidos com mais de 18 mil kits distribu\u00eddos ao longo do ano.<\/p>\n\n\n\n<p>De acordo com o secret\u00e1rio Roni Miranda, no ano passado a Seed-PR adquiriu mais de 120 mil equipamentos de inform\u00e1tica, investindo em computadores, tablets e chromebooks, que foram distribu\u00eddos para todas as escolas estaduais. \u201cA qualidade do ensino no Paran\u00e1 \u00e9 reconhecida em todo o Brasil. Nada disso aconteceria se o professor e a professora n\u00e3o encampassem nossas propostas de ensino, inclusive a do curso de Rob\u00f3tica. Os professores presenciam e testemunham o que os nossos meninos e meninas podem fazer, usando a criatividade, a resili\u00eancia e a persist\u00eancia em buscar e realizar trabalhos de qualidade\u201d, ressalta.<\/p>\n\n\n\n<p>Segundo o coordenador de Tecnologias Educacionais da Pasta, Marcelo Gasparin, j\u00e1 est\u00e1 planejada uma nova expans\u00e3o da rob\u00f3tica para o ano de 2024. O programa deve contemplar at\u00e9 200 novas escolas da Educa\u00e7\u00e3o em Tempo Integral e os novos Col\u00e9gios C\u00edvico-Militares. \u201cVamos seguir com o atendimento e poss\u00edvel expans\u00e3o das turmas de ensino m\u00e9dio das escolas optantes pelo itiner\u00e1rio formativo de Matem\u00e1tica e Ci\u00eancias da Natureza. Assim, a Seed-PR pretende aumentar o seu quantitativo de novos kits educacionais de rob\u00f3tica livre em 10 dez mil unidades\u201d, afirma.<\/p>\n\n\n\n<p>AEN\/PR<\/p>\n","protected":false},"excerpt":{"rendered":"<p>A&nbsp;tenda da Secretaria de Estado da Educa\u00e7\u00e3o na&nbsp;Praia Brava de Caiob\u00e1, em Matinhos, tem op\u00e7\u00f5es para todos os gostos neste Ver\u00e3o Maior Paran\u00e1.&nbsp;O p\u00fablico tem acesso a algumas experi\u00eancias e materiais que t\u00eam possibilitado aos estudantes a viv\u00eancia e o aprendizado no campo da rob\u00f3tica e da educa\u00e7\u00e3o gamificada. Os visitantes podem manusear prot\u00f3tipos multifuncionais [&hellip;]<\/p>\n","protected":false},"author":2,"featured_media":57748,"comment_status":"open","ping_status":"open","sticky":false,"template":"","format":"standard","meta":{"advanced_seo_description":"","jetpack_seo_html_title":"","jetpack_seo_noindex":false,"_jetpack_memberships_contains_paid_content":false,"footnotes":""},"categories":[91],"tags":[],"class_list":{"0":"post-57747","1":"post","2":"type-post","3":"status-publish","4":"format-standard","5":"has-post-thumbnail","7":"category-litoral"},"jetpack_featured_media_url":"https:\/\/www.paranapraia.com.br\/wp-content\/uploads\/2024\/01\/dsc03824_0-scaled.jpg","jetpack_sharing_enabled":true,"_links":{"self":[{"href":"https:\/\/www.paranapraia.com.br\/index.php\/wp-json\/wp\/v2\/posts\/57747"}],"collection":[{"href":"https:\/\/www.paranapraia.com.br\/index.php\/wp-json\/wp\/v2\/posts"}],"about":[{"href":"https:\/\/www.paranapraia.com.br\/index.php\/wp-json\/wp\/v2\/types\/post"}],"author":[{"embeddable":true,"href":"https:\/\/www.paranapraia.com.br\/index.php\/wp-json\/wp\/v2\/users\/2"}],"replies":[{"embeddable":true,"href":"https:\/\/www.paranapraia.com.br\/index.php\/wp-json\/wp\/v2\/comments?post=57747"}],"version-history":[{"count":1,"href":"https:\/\/www.paranapraia.com.br\/index.php\/wp-json\/wp\/v2\/posts\/57747\/revisions"}],"predecessor-version":[{"id":57749,"href":"https:\/\/www.paranapraia.com.br\/index.php\/wp-json\/wp\/v2\/posts\/57747\/revisions\/57749"}],"wp:featuredmedia":[{"embeddable":true,"href":"https:\/\/www.paranapraia.com.br\/index.php\/wp-json\/wp\/v2\/media\/57748"}],"wp:attachment":[{"href":"https:\/\/www.paranapraia.com.br\/index.php\/wp-json\/wp\/v2\/media?parent=57747"}],"wp:term":[{"taxonomy":"category","embeddable":true,"href":"https:\/\/www.paranapraia.com.br\/index.php\/wp-json\/wp\/v2\/categories?post=57747"},{"taxonomy":"post_tag","embeddable":true,"href":"https:\/\/www.paranapraia.com.br\/index.php\/wp-json\/wp\/v2\/tags?post=57747"}],"curies":[{"name":"wp","href":"https:\/\/api.w.org\/{rel}","templated":true}]}}