{"id":57741,"date":"2024-01-31T19:54:39","date_gmt":"2024-01-31T22:54:39","guid":{"rendered":"https:\/\/www.paranapraia.com.br\/?p=57741"},"modified":"2024-01-31T19:54:41","modified_gmt":"2024-01-31T22:54:41","slug":"apos-chuvas-shows-dos-palcos-sunset-voltam-a-animar-praias-do-litoral","status":"publish","type":"post","link":"https:\/\/www.paranapraia.com.br\/index.php\/2024\/01\/31\/apos-chuvas-shows-dos-palcos-sunset-voltam-a-animar-praias-do-litoral\/","title":{"rendered":"Ap\u00f3s chuvas, shows dos palcos Sunset voltam a animar praias do Litoral"},"content":{"rendered":"\n<p>Com a volta do sol e do tempo bom ao Litoral do Paran\u00e1, a programa\u00e7\u00e3o de shows dos palcos Sunset foi retomada nesta ter\u00e7a-feira (30). Ao todo, seis apresenta\u00e7\u00f5es aconteceram em Matinhos, Pontal do Paran\u00e1 e Guaratuba, animando os p\u00fablicos ao som de muito samba, sertanejo, reggae e MPB.<\/p>\n\n\n\n<p>Na praia de Caiob\u00e1, em Matinhos, a primeira atra\u00e7\u00e3o foi a Filarm\u00f4nica Orquestra Show de Antonina, que subiu ao palco no final da tarde para embalar veranistas e moradores com seu repert\u00f3rio ecl\u00e9tico e descontra\u00eddo, com vers\u00f5es instrumentais de m\u00fasicas de pagode, ax\u00e9 e outros ritmos.<\/p>\n\n\n\n<p>\u201cH\u00e1 muito tempo que a gente n\u00e3o pisava nas areias do Paran\u00e1, mesmo sendo aqui do Litoral. Tocar na praia \u00e9 sempre interessante, porque s\u00e3o p\u00fablicos variados, de gostos distintos, mas que podem se identificar com as nossas vers\u00f5es instrumentais de m\u00fasicas que eles j\u00e1 conhecem\u201d, afirmou o maestro regente da banda, Cain\u00e3 Alves.<\/p>\n\n\n\n<p>Na sequ\u00eancia, j\u00e1 no come\u00e7o da noite, o som ficou por conta do Juli\u00e3o Bo\u00eamio Quarteto, que apresentou m\u00fasicas autorais e cl\u00e1ssicos do samba, choro e MPB. \u201c\u00c9 uma experi\u00eancia muito legal. As pessoas est\u00e3o em um momento de lazer, na praia, enquanto a gente apresenta a um pouco da nossa cultura, da nossa m\u00fasica. A gente entra no clima e aproveita o ver\u00e3o junto com eles tamb\u00e9m\u201d, disse Bo\u00eamio.<\/p>\n\n\n\n<p>Em Pontal do Paran\u00e1, Tiago Rossatto e a dupla Luccas e Leonardo embalaram o p\u00fablico que estava na praia de Shangri-l\u00e1. Em Guaratuba, as apresenta\u00e7\u00f5es \u00e0 beira-mar foram da banda Namast\u00ea e do artista Jo\u00e3o Triska.<\/p>\n\n\n\n<p><strong>P\u00daBLICO&nbsp;<\/strong>\u2013 Com uma agenda que agrada todos os gostos, os shows dos palcos Sunset t\u00eam chamado a aten\u00e7\u00e3o de veranistas e moradores do Litoral pelo alto astral das apresenta\u00e7\u00f5es e pela estrutura montada pelo Governo do Estado.<\/p>\n\n\n\n<p>A professora Marisa Santi, de Pontal do Paran\u00e1, contou que estava em casa quando come\u00e7ou a ouvir uma das apresenta\u00e7\u00f5es e decidiu ir at\u00e9 a praia para acompanhar os shows mais de perto. &#8220;N\u00f3s est\u00e1vamos no apartamento, na sacada, quando come\u00e7amos a ouvir a melodia. Falei pra todo mundo que n\u00f3s t\u00ednhamos que descer para acompanhar o show de perto. Fomos com toda a fam\u00edlia para prestigiar os m\u00fasicos nestas apresenta\u00e7\u00f5es&#8221;, afirmou.<\/p>\n\n\n\n<p><strong>PROGRAMA\u00c7\u00c3O&nbsp;<\/strong>\u2013 Os shows s\u00e3o gratuitos e contam com uma programa\u00e7\u00e3o que segue at\u00e9 domingo (4), com at\u00e9 tr\u00eas shows por dia em cada um dos palcos. Isso acontece porque algumas apresenta\u00e7\u00f5es foram reagendadas por conta das chuvas que atingiram o litoral na semana passada.<\/p>\n\n\n\n<p>Um dos principais destaques da semana \u00e9 a banda curitibana Blindagem, que se apresenta em Shangri-l\u00e1 nesta quinta-feira (01). Expoentes do rock curitibano, a banda tem quase 50 anos de carreira. A programa\u00e7\u00e3o ainda conta com novas apresenta\u00e7\u00f5es de Namast\u00ea e Tiago Rossato, al\u00e9m de shows de Black Maria, Allan Oliveira, Nikole Gouveia &amp; Funkin\u2019 Minds, Raimundera, Serra Acima Trio e Mestre Zeca &amp; Viola Afinada com Fandango de Encantadas, entre outros.<\/p>\n\n\n\n<p><strong>Confira a programa\u00e7\u00e3o completa:<\/strong><\/p>\n\n\n\n<p><strong>Caiob\u00e1<\/strong><\/p>\n\n\n\n<p>Quarta-feira (31)<\/p>\n\n\n\n<p>18h \u2013 Tiago Rossato<\/p>\n\n\n\n<p>19h30 \u2013 Bananeira Brass Band<\/p>\n\n\n\n<p>Quinta-feira (1)<\/p>\n\n\n\n<p>18h \u2013 Allan Oliveira<\/p>\n\n\n\n<p>19h30 \u2013 Dani e Gabriela<\/p>\n\n\n\n<p>Sexta-feira (2)<\/p>\n\n\n\n<p>18h \u2013 Belas Big Bang<\/p>\n\n\n\n<p>19h30 \u2013 Black Maria<\/p>\n\n\n\n<p>S\u00e1bado (3)<\/p>\n\n\n\n<p>18h \u2013 Cia dos Palha\u00e7os<\/p>\n\n\n\n<p>19h30 \u2013 Nikole Gouveia &amp; Funkin\u2019 Minds<\/p>\n\n\n\n<p>Domingo (4)<\/p>\n\n\n\n<p>16h \u2013 Mestre Zeca &amp; Viola Afinada convidam Fandango de Encantadas<\/p>\n\n\n\n<p>17h30 \u2013 Fam\u00edlia Sapo<\/p>\n\n\n\n<p><strong>Guaratuba<\/strong><\/p>\n\n\n\n<p>Quarta-feira (31)<\/p>\n\n\n\n<p>18h \u2013 Luccas e Leonardo<\/p>\n\n\n\n<p>19h30 \u2013 Allan Oliveira<\/p>\n\n\n\n<p>Quinta-feira (1)<\/p>\n\n\n\n<p>18h \u2013 Raimundera CWB<\/p>\n\n\n\n<p>Sexta-feira (2)<\/p>\n\n\n\n<p>18h \u2013 Canutilho Temperado<\/p>\n\n\n\n<p>19h30 \u2013 Jay de Oy\u00e1<\/p>\n\n\n\n<p>S\u00e1bado (3)<\/p>\n\n\n\n<p>18h \u2013 Serra Acima Trio<\/p>\n\n\n\n<p>19h30 \u2013 Fam\u00edlia Sapo<\/p>\n\n\n\n<p>Domingo (4)<\/p>\n\n\n\n<p>16h &#8211; Big Belas Band<\/p>\n\n\n\n<p>17h30 \u2013 Donna Rosa<\/p>\n\n\n\n<p><strong>Shangri-l\u00e1 (Pontal do Paran\u00e1)<\/strong><\/p>\n\n\n\n<p>Quarta-feira (31)<\/p>\n\n\n\n<p>12h \u2013 Bananeira Brass Band<\/p>\n\n\n\n<p>18h \u2013 M\u00e1rcio Juliano<\/p>\n\n\n\n<p>19h30 \u2013 Namast\u00ea<\/p>\n\n\n\n<p>Quinta-feira (1)<\/p>\n\n\n\n<p>18h \u2013 Blindagem<\/p>\n\n\n\n<p>19h30 \u2013 Black Maria<\/p>\n\n\n\n<p>Sexta-feira (2)<\/p>\n\n\n\n<p>18h30 \u2013 Grupo Fandanguar\u00e1<\/p>\n\n\n\n<p>S\u00e1bado (3)<\/p>\n\n\n\n<p>18h30 \u2013 Fandango da Fam\u00edlia Santos<\/p>\n\n\n\n<p>Domingo (4)<\/p>\n\n\n\n<p>16h \u2013 Domingo da Fam\u00edlia<\/p>\n\n\n\n<p>AEN\/PR<\/p>\n","protected":false},"excerpt":{"rendered":"<p>Com a volta do sol e do tempo bom ao Litoral do Paran\u00e1, a programa\u00e7\u00e3o de shows dos palcos Sunset foi retomada nesta ter\u00e7a-feira (30). Ao todo, seis apresenta\u00e7\u00f5es aconteceram em Matinhos, Pontal do Paran\u00e1 e Guaratuba, animando os p\u00fablicos ao som de muito samba, sertanejo, reggae e MPB. Na praia de Caiob\u00e1, em Matinhos, [&hellip;]<\/p>\n","protected":false},"author":2,"featured_media":57742,"comment_status":"open","ping_status":"open","sticky":false,"template":"","format":"standard","meta":{"advanced_seo_description":"","jetpack_seo_html_title":"","jetpack_seo_noindex":false,"_jetpack_memberships_contains_paid_content":false,"footnotes":""},"categories":[91],"tags":[],"class_list":{"0":"post-57741","1":"post","2":"type-post","3":"status-publish","4":"format-standard","5":"has-post-thumbnail","7":"category-litoral"},"jetpack_featured_media_url":"https:\/\/www.paranapraia.com.br\/wp-content\/uploads\/2024\/01\/filarmonica_antonina_foto_rdziura-5748-scaled.jpg","jetpack_sharing_enabled":true,"_links":{"self":[{"href":"https:\/\/www.paranapraia.com.br\/index.php\/wp-json\/wp\/v2\/posts\/57741"}],"collection":[{"href":"https:\/\/www.paranapraia.com.br\/index.php\/wp-json\/wp\/v2\/posts"}],"about":[{"href":"https:\/\/www.paranapraia.com.br\/index.php\/wp-json\/wp\/v2\/types\/post"}],"author":[{"embeddable":true,"href":"https:\/\/www.paranapraia.com.br\/index.php\/wp-json\/wp\/v2\/users\/2"}],"replies":[{"embeddable":true,"href":"https:\/\/www.paranapraia.com.br\/index.php\/wp-json\/wp\/v2\/comments?post=57741"}],"version-history":[{"count":1,"href":"https:\/\/www.paranapraia.com.br\/index.php\/wp-json\/wp\/v2\/posts\/57741\/revisions"}],"predecessor-version":[{"id":57743,"href":"https:\/\/www.paranapraia.com.br\/index.php\/wp-json\/wp\/v2\/posts\/57741\/revisions\/57743"}],"wp:featuredmedia":[{"embeddable":true,"href":"https:\/\/www.paranapraia.com.br\/index.php\/wp-json\/wp\/v2\/media\/57742"}],"wp:attachment":[{"href":"https:\/\/www.paranapraia.com.br\/index.php\/wp-json\/wp\/v2\/media?parent=57741"}],"wp:term":[{"taxonomy":"category","embeddable":true,"href":"https:\/\/www.paranapraia.com.br\/index.php\/wp-json\/wp\/v2\/categories?post=57741"},{"taxonomy":"post_tag","embeddable":true,"href":"https:\/\/www.paranapraia.com.br\/index.php\/wp-json\/wp\/v2\/tags?post=57741"}],"curies":[{"name":"wp","href":"https:\/\/api.w.org\/{rel}","templated":true}]}}