{"id":57732,"date":"2024-01-31T13:38:00","date_gmt":"2024-01-31T16:38:00","guid":{"rendered":"https:\/\/www.paranapraia.com.br\/?p=57732"},"modified":"2024-01-31T13:38:03","modified_gmt":"2024-01-31T16:38:03","slug":"guaratuba-agentes-de-endemias-e-equipe-do-verao-maior-parana-realizam-acao-contra-a-dengue","status":"publish","type":"post","link":"https:\/\/www.paranapraia.com.br\/index.php\/2024\/01\/31\/guaratuba-agentes-de-endemias-e-equipe-do-verao-maior-parana-realizam-acao-contra-a-dengue\/","title":{"rendered":"Guaratuba: Agentes de Endemias e equipe do Ver\u00e3o Maior Paran\u00e1 realizam a\u00e7\u00e3o contra a Dengue"},"content":{"rendered":"\n<p>A Vigil\u00e2ncia Sanit\u00e1ria e Ambiental (VISA) de Guaratuba realizou no \u00faltimo s\u00e1bado (27), uma a\u00e7\u00e3o conjunta com as equipes da Secretaria de Esporte da Opera\u00e7\u00e3o Ver\u00e3o Maior Paran\u00e1 e da 1\u00aa Regional de Sa\u00fade, acompanhando os Agentes de Combate \u00e0s Endemias de Guaratuba nas vistorias domiciliares, em busca de dep\u00f3sitos h\u00eddricos prop\u00edcios para a prolifera\u00e7\u00e3o do Aedes aegypti e tamb\u00e9m orientando a popula\u00e7\u00e3o.<\/p>\n\n\n\n<p><br>A a\u00e7\u00e3o conjunta aconteceu durante o per\u00edodo de Levantamento de \u00cdndice R\u00e1pido para Aedes aegypti que est\u00e1 sendo realizado na cidade. Atrav\u00e9s dessa pesquisa \u00e9 poss\u00edvel avaliar qual o \u00edndice de infesta\u00e7\u00e3o do mosquito em cada bairro e tra\u00e7ar as estrat\u00e9gias de combate.<\/p>\n\n\n\n<figure class=\"wp-block-image size-large\"><img loading=\"lazy\" decoding=\"async\" width=\"1024\" height=\"1020\" src=\"https:\/\/www.paranapraia.com.br\/wp-content\/uploads\/2024\/01\/FB_IMG_1706718959717-1024x1020.jpg\" alt=\"\" class=\"wp-image-57734\" srcset=\"https:\/\/www.paranapraia.com.br\/wp-content\/uploads\/2024\/01\/FB_IMG_1706718959717-1024x1020.jpg 1024w, https:\/\/www.paranapraia.com.br\/wp-content\/uploads\/2024\/01\/FB_IMG_1706718959717-300x300.jpg 300w, https:\/\/www.paranapraia.com.br\/wp-content\/uploads\/2024\/01\/FB_IMG_1706718959717-150x150.jpg 150w, https:\/\/www.paranapraia.com.br\/wp-content\/uploads\/2024\/01\/FB_IMG_1706718959717-768x765.jpg 768w, https:\/\/www.paranapraia.com.br\/wp-content\/uploads\/2024\/01\/FB_IMG_1706718959717-696x693.jpg 696w, https:\/\/www.paranapraia.com.br\/wp-content\/uploads\/2024\/01\/FB_IMG_1706718959717-scaled.jpg 800w\" sizes=\"(max-width: 1024px) 100vw, 1024px\" \/><\/figure>\n\n\n\n<p><br>Com o objetivo de eliminar o maior n\u00famero poss\u00edvel de criadouros do mosquito, a a\u00e7\u00e3o que aconteceu no bairro Cohapar e parte do centro, contou com a participa\u00e7\u00e3o de aproximadamente 100 pessoas.<\/p>\n\n\n\n<p><br>Para o diretor geral da Vigil\u00e2ncia Sanit\u00e1ria e Ambiental e respons\u00e1vel t\u00e9cnico do Programa Municipal de Controle \u00e0 Dengue e Outras Arboviroses (PMCDA), Herm\u00ednio Molinari, a sensibiliza\u00e7\u00e3o da popula\u00e7\u00e3o \u00e9 fundamental. \u201cEssa a\u00e7\u00e3o \u00e9 de suma import\u00e2ncia para a sensibiliza\u00e7\u00e3o da participa\u00e7\u00e3o da comunidade, o combate \u00e0 dengue requer a participa\u00e7\u00e3o de todos\u201d, completa Molinari.<\/p>\n\n\n\n<h1 class=\"wp-block-heading\">prefsguaratuba #litoralpr #guaratubapr #denguemata #saude<\/h1>\n","protected":false},"excerpt":{"rendered":"<p>A Vigil\u00e2ncia Sanit\u00e1ria e Ambiental (VISA) de Guaratuba realizou no \u00faltimo s\u00e1bado (27), uma a\u00e7\u00e3o conjunta com as equipes da Secretaria de Esporte da Opera\u00e7\u00e3o Ver\u00e3o Maior Paran\u00e1 e da 1\u00aa Regional de Sa\u00fade, acompanhando os Agentes de Combate \u00e0s Endemias de Guaratuba nas vistorias domiciliares, em busca de dep\u00f3sitos h\u00eddricos prop\u00edcios para a prolifera\u00e7\u00e3o [&hellip;]<\/p>\n","protected":false},"author":2,"featured_media":57733,"comment_status":"open","ping_status":"open","sticky":false,"template":"","format":"standard","meta":{"advanced_seo_description":"","jetpack_seo_html_title":"","jetpack_seo_noindex":false,"_jetpack_memberships_contains_paid_content":false,"footnotes":""},"categories":[99],"tags":[],"class_list":{"0":"post-57732","1":"post","2":"type-post","3":"status-publish","4":"format-standard","5":"has-post-thumbnail","7":"category-guaratuba"},"jetpack_featured_media_url":"https:\/\/www.paranapraia.com.br\/wp-content\/uploads\/2024\/01\/FB_IMG_1706718962069-scaled.jpg","jetpack_sharing_enabled":true,"_links":{"self":[{"href":"https:\/\/www.paranapraia.com.br\/index.php\/wp-json\/wp\/v2\/posts\/57732"}],"collection":[{"href":"https:\/\/www.paranapraia.com.br\/index.php\/wp-json\/wp\/v2\/posts"}],"about":[{"href":"https:\/\/www.paranapraia.com.br\/index.php\/wp-json\/wp\/v2\/types\/post"}],"author":[{"embeddable":true,"href":"https:\/\/www.paranapraia.com.br\/index.php\/wp-json\/wp\/v2\/users\/2"}],"replies":[{"embeddable":true,"href":"https:\/\/www.paranapraia.com.br\/index.php\/wp-json\/wp\/v2\/comments?post=57732"}],"version-history":[{"count":1,"href":"https:\/\/www.paranapraia.com.br\/index.php\/wp-json\/wp\/v2\/posts\/57732\/revisions"}],"predecessor-version":[{"id":57735,"href":"https:\/\/www.paranapraia.com.br\/index.php\/wp-json\/wp\/v2\/posts\/57732\/revisions\/57735"}],"wp:featuredmedia":[{"embeddable":true,"href":"https:\/\/www.paranapraia.com.br\/index.php\/wp-json\/wp\/v2\/media\/57733"}],"wp:attachment":[{"href":"https:\/\/www.paranapraia.com.br\/index.php\/wp-json\/wp\/v2\/media?parent=57732"}],"wp:term":[{"taxonomy":"category","embeddable":true,"href":"https:\/\/www.paranapraia.com.br\/index.php\/wp-json\/wp\/v2\/categories?post=57732"},{"taxonomy":"post_tag","embeddable":true,"href":"https:\/\/www.paranapraia.com.br\/index.php\/wp-json\/wp\/v2\/tags?post=57732"}],"curies":[{"name":"wp","href":"https:\/\/api.w.org\/{rel}","templated":true}]}}