{"id":57727,"date":"2024-01-30T15:09:27","date_gmt":"2024-01-30T18:09:27","guid":{"rendered":"https:\/\/www.paranapraia.com.br\/?p=57727"},"modified":"2024-01-30T15:09:30","modified_gmt":"2024-01-30T18:09:30","slug":"guaratuba-cras-recebe-doacao-do-provopar-destinada-as-familias-atingidas-pelas-chuvas","status":"publish","type":"post","link":"https:\/\/www.paranapraia.com.br\/index.php\/2024\/01\/30\/guaratuba-cras-recebe-doacao-do-provopar-destinada-as-familias-atingidas-pelas-chuvas\/","title":{"rendered":"Guaratuba: CRAS recebe doa\u00e7\u00e3o do Provopar destinada \u00e0s fam\u00edlias atingidas pelas chuvas"},"content":{"rendered":"\n<p>Na segunda-feira (29) o Centro de Refer\u00eancia em Assist\u00eancia Social \u2013 CRAS I Novos Horizontes recebeu uma doa\u00e7\u00e3o do Programa do Voluntariado Paranaense \u2013 Provopar. Os recursos arrecadados ser\u00e3o distribu\u00eddos para as fam\u00edlias atingidas pelas chuvas em Guaratuba.<br>O Provopar participa na promo\u00e7\u00e3o da valoriza\u00e7\u00e3o da pessoa humana, atendendo as comunidades carentes do Estado do Paran\u00e1, contribuindo para a melhoria da qualidade de vida da sociedade.<br>Diversos itens foram doados para o CRAS como roupas femininas, masculinas e infantis, materiais de limpeza, cestas b\u00e1sicas, \u00e1gua, itens de higiene pessoal, roupa de cama, travesseiros, cobertores, entre outros.<br>\u201cEsperamos que essa doa\u00e7\u00e3o destinada \u00e0s fam\u00edlias atingidas em Guaratuba, seja de bastante utilidade. N\u00f3s estamos \u00e0 disposi\u00e7\u00e3o\u201d, disse a vice-presidente da Provopar Estadual de Curitiba Elfi Gusava.<br>Segundo a coordenadora do CRAS Luciane Ramos, a a\u00e7\u00e3o \u00e9 muito importante para as fam\u00edlias atingidas em Guaratuba. \u201cRecebemos roupas que chegaram etiquetadas e separadas. Esse cuidado facilita muito o nosso trabalho ao atender as necessidades das fam\u00edlias de Guaratuba. As doa\u00e7\u00f5es foram de itens essenciais para aqueles que tiveram suas casas atingidas\u201d, afirmou.<br>Na ocasi\u00e3o estavam presentes o prefeito Roberto Justus, a coordenadora do CRAS Novos Horizontes Luciane Ramos, a vice-presidente da Provopar Estadual Elfi Gusava, a assessora da presid\u00eancia Zilda Ferreira e o diretor financeiro Nelson Brand\u00e3o.<\/p>\n","protected":false},"excerpt":{"rendered":"<p>Na segunda-feira (29) o Centro de Refer\u00eancia em Assist\u00eancia Social \u2013 CRAS I Novos Horizontes recebeu uma doa\u00e7\u00e3o do Programa do Voluntariado Paranaense \u2013 Provopar. Os recursos arrecadados ser\u00e3o distribu\u00eddos para as fam\u00edlias atingidas pelas chuvas em Guaratuba.O Provopar participa na promo\u00e7\u00e3o da valoriza\u00e7\u00e3o da pessoa humana, atendendo as comunidades carentes do Estado do Paran\u00e1, [&hellip;]<\/p>\n","protected":false},"author":2,"featured_media":57728,"comment_status":"open","ping_status":"open","sticky":false,"template":"","format":"standard","meta":{"advanced_seo_description":"","jetpack_seo_html_title":"","jetpack_seo_noindex":false,"_jetpack_memberships_contains_paid_content":false,"footnotes":""},"categories":[99],"tags":[],"class_list":{"0":"post-57727","1":"post","2":"type-post","3":"status-publish","4":"format-standard","5":"has-post-thumbnail","7":"category-guaratuba"},"jetpack_featured_media_url":"https:\/\/www.paranapraia.com.br\/wp-content\/uploads\/2024\/01\/FB_IMG_1706638076039-scaled.jpg","jetpack_sharing_enabled":true,"_links":{"self":[{"href":"https:\/\/www.paranapraia.com.br\/index.php\/wp-json\/wp\/v2\/posts\/57727"}],"collection":[{"href":"https:\/\/www.paranapraia.com.br\/index.php\/wp-json\/wp\/v2\/posts"}],"about":[{"href":"https:\/\/www.paranapraia.com.br\/index.php\/wp-json\/wp\/v2\/types\/post"}],"author":[{"embeddable":true,"href":"https:\/\/www.paranapraia.com.br\/index.php\/wp-json\/wp\/v2\/users\/2"}],"replies":[{"embeddable":true,"href":"https:\/\/www.paranapraia.com.br\/index.php\/wp-json\/wp\/v2\/comments?post=57727"}],"version-history":[{"count":1,"href":"https:\/\/www.paranapraia.com.br\/index.php\/wp-json\/wp\/v2\/posts\/57727\/revisions"}],"predecessor-version":[{"id":57729,"href":"https:\/\/www.paranapraia.com.br\/index.php\/wp-json\/wp\/v2\/posts\/57727\/revisions\/57729"}],"wp:featuredmedia":[{"embeddable":true,"href":"https:\/\/www.paranapraia.com.br\/index.php\/wp-json\/wp\/v2\/media\/57728"}],"wp:attachment":[{"href":"https:\/\/www.paranapraia.com.br\/index.php\/wp-json\/wp\/v2\/media?parent=57727"}],"wp:term":[{"taxonomy":"category","embeddable":true,"href":"https:\/\/www.paranapraia.com.br\/index.php\/wp-json\/wp\/v2\/categories?post=57727"},{"taxonomy":"post_tag","embeddable":true,"href":"https:\/\/www.paranapraia.com.br\/index.php\/wp-json\/wp\/v2\/tags?post=57727"}],"curies":[{"name":"wp","href":"https:\/\/api.w.org\/{rel}","templated":true}]}}