{"id":57724,"date":"2024-01-30T15:04:00","date_gmt":"2024-01-30T18:04:00","guid":{"rendered":"https:\/\/www.paranapraia.com.br\/?p=57724"},"modified":"2024-01-30T15:04:03","modified_gmt":"2024-01-30T18:04:03","slug":"matinhos-secretaria-do-meio-ambiente-faz-intervencao-para-eliminar-agua-acumulada-na-areia-da-praia-brava","status":"publish","type":"post","link":"https:\/\/www.paranapraia.com.br\/index.php\/2024\/01\/30\/matinhos-secretaria-do-meio-ambiente-faz-intervencao-para-eliminar-agua-acumulada-na-areia-da-praia-brava\/","title":{"rendered":"Matinhos: Secretaria do Meio Ambiente faz interven\u00e7\u00e3o para eliminar \u00e1gua acumulada na areia da Praia Brava"},"content":{"rendered":"\n<p>A Secretaria do Meio Ambiente fez, na manh\u00e3 desta ter\u00e7a-feira (30), uma interven\u00e7\u00e3o na areia da praia em frente \u00e0 Sorveteria D\u2019Vicz, na Avenida Beira-mar. O servi\u00e7o teve o aval do IAT, Instituto \u00c1gua e Terra, e foi feito com o objetivo de retirar a \u00e1gua parada do local.<\/p>\n\n\n\n<p>Foram feitas valas para auxiliar no escoamento da \u00e1gua empossada em dire\u00e7\u00e3o ao mar. De acordo com o secret\u00e1rio S\u00e9rgio Cioli, a \u00e1gua retirada poderia acarretar em focos do mosquito da dengue, o que foi evitado com o servi\u00e7o. Para isso, foi certificado que n\u00e3o se tratava de \u00e1gua de esgoto.<\/p>\n\n\n\n<p>\u201cSolicitamos \u00e0 Sanepar uma an\u00e1lise para ver se a \u00e1gua era ou n\u00e3o de esgoto e foi detectado que n\u00e3o era. Assim, conversamos com o IAT e fizemos uma canaleta de drenagem da \u00e1gua acumulada, a pedido dos ambulantes e moradores da regi\u00e3o\u201d, explicou o secret\u00e1rio.<\/p>\n\n\n\n<p>Departamento de Comunica\u00e7\u00e3o<br>Prefeitura de Matinhos<\/p>\n\n\n\n<p>Acesse o nosso portal: https:\/\/matinhos.atende.net\/cidadao\/noticia\/secretaria-do-meio-ambiente-faz-intervencao-para-eliminar-agua-acumulada-na-areia-da-praia-brava<\/p>\n","protected":false},"excerpt":{"rendered":"<p>A Secretaria do Meio Ambiente fez, na manh\u00e3 desta ter\u00e7a-feira (30), uma interven\u00e7\u00e3o na areia da praia em frente \u00e0 Sorveteria D\u2019Vicz, na Avenida Beira-mar. O servi\u00e7o teve o aval do IAT, Instituto \u00c1gua e Terra, e foi feito com o objetivo de retirar a \u00e1gua parada do local. Foram feitas valas para auxiliar no [&hellip;]<\/p>\n","protected":false},"author":2,"featured_media":57725,"comment_status":"open","ping_status":"open","sticky":false,"template":"","format":"standard","meta":{"advanced_seo_description":"","jetpack_seo_html_title":"","jetpack_seo_noindex":false,"_jetpack_memberships_contains_paid_content":false,"footnotes":""},"categories":[88],"tags":[],"class_list":{"0":"post-57724","1":"post","2":"type-post","3":"status-publish","4":"format-standard","5":"has-post-thumbnail","7":"category-matinhos"},"jetpack_featured_media_url":"https:\/\/www.paranapraia.com.br\/wp-content\/uploads\/2024\/01\/FB_IMG_1706637772191.jpg","jetpack_sharing_enabled":true,"_links":{"self":[{"href":"https:\/\/www.paranapraia.com.br\/index.php\/wp-json\/wp\/v2\/posts\/57724"}],"collection":[{"href":"https:\/\/www.paranapraia.com.br\/index.php\/wp-json\/wp\/v2\/posts"}],"about":[{"href":"https:\/\/www.paranapraia.com.br\/index.php\/wp-json\/wp\/v2\/types\/post"}],"author":[{"embeddable":true,"href":"https:\/\/www.paranapraia.com.br\/index.php\/wp-json\/wp\/v2\/users\/2"}],"replies":[{"embeddable":true,"href":"https:\/\/www.paranapraia.com.br\/index.php\/wp-json\/wp\/v2\/comments?post=57724"}],"version-history":[{"count":1,"href":"https:\/\/www.paranapraia.com.br\/index.php\/wp-json\/wp\/v2\/posts\/57724\/revisions"}],"predecessor-version":[{"id":57726,"href":"https:\/\/www.paranapraia.com.br\/index.php\/wp-json\/wp\/v2\/posts\/57724\/revisions\/57726"}],"wp:featuredmedia":[{"embeddable":true,"href":"https:\/\/www.paranapraia.com.br\/index.php\/wp-json\/wp\/v2\/media\/57725"}],"wp:attachment":[{"href":"https:\/\/www.paranapraia.com.br\/index.php\/wp-json\/wp\/v2\/media?parent=57724"}],"wp:term":[{"taxonomy":"category","embeddable":true,"href":"https:\/\/www.paranapraia.com.br\/index.php\/wp-json\/wp\/v2\/categories?post=57724"},{"taxonomy":"post_tag","embeddable":true,"href":"https:\/\/www.paranapraia.com.br\/index.php\/wp-json\/wp\/v2\/tags?post=57724"}],"curies":[{"name":"wp","href":"https:\/\/api.w.org\/{rel}","templated":true}]}}