{"id":57715,"date":"2024-01-30T12:23:47","date_gmt":"2024-01-30T15:23:47","guid":{"rendered":"https:\/\/www.paranapraia.com.br\/?p=57715"},"modified":"2024-01-30T12:23:49","modified_gmt":"2024-01-30T15:23:49","slug":"matinhos-doacao-de-roupas-usadas-as-vitimas-das-chuvas-acontecem-nos-crass-da-cidade","status":"publish","type":"post","link":"https:\/\/www.paranapraia.com.br\/index.php\/2024\/01\/30\/matinhos-doacao-de-roupas-usadas-as-vitimas-das-chuvas-acontecem-nos-crass-da-cidade\/","title":{"rendered":"Matinhos: Doa\u00e7\u00e3o de roupas usadas \u00e0s v\u00edtimas das chuvas acontecem nos CRAS\u2019s da cidade"},"content":{"rendered":"\n<p>Os CRAS\u2019s (Centros de Refer\u00eancia de Assist\u00eancia Social) do Albatroz e do Mangue Seco vem promovendo a distribui\u00e7\u00e3o de roupas usadas. As doa\u00e7\u00f5es s\u00e3o para as pessoas afetadas pelas fortes chuvas que atingiram Matinhos na \u00faltima semana.<\/p>\n\n\n\n<p>Segundo a secret\u00e1ria de Assist\u00eancia Social, Enelida Ramos de Lima, a distribui\u00e7\u00e3o continuar\u00e1 durante toda essa semana. Ela tamb\u00e9m lembrou que nesta ter\u00e7a (30) e quarta-feira (31), acontece a distribui\u00e7\u00e3o do benef\u00edcio Cesta Vida.<\/p>\n\n\n\n<p>O CRAS Albatroz fica na Rua \u00c1frica, s\/n.\u00ba. E a unidade do Mangue Seco est\u00e1 localizada na Rua E, n.\u00ba 1300. Maiores informa\u00e7\u00f5es pelo telefone 0800-397-1600, ramais 779 e 785 (CRAS Albatroz) e 786 (CRAS Mangue Seco).<\/p>\n\n\n\n<p>Departamento de Comunica\u00e7\u00e3o<br>Prefeitura de Matinhos<\/p>\n\n\n\n<p><\/p>\n","protected":false},"excerpt":{"rendered":"<p>Os CRAS\u2019s (Centros de Refer\u00eancia de Assist\u00eancia Social) do Albatroz e do Mangue Seco vem promovendo a distribui\u00e7\u00e3o de roupas usadas. As doa\u00e7\u00f5es s\u00e3o para as pessoas afetadas pelas fortes chuvas que atingiram Matinhos na \u00faltima semana. Segundo a secret\u00e1ria de Assist\u00eancia Social, Enelida Ramos de Lima, a distribui\u00e7\u00e3o continuar\u00e1 durante toda essa semana. Ela [&hellip;]<\/p>\n","protected":false},"author":2,"featured_media":57716,"comment_status":"open","ping_status":"open","sticky":false,"template":"","format":"standard","meta":{"advanced_seo_description":"","jetpack_seo_html_title":"","jetpack_seo_noindex":false,"_jetpack_memberships_contains_paid_content":false,"footnotes":""},"categories":[88],"tags":[],"class_list":{"0":"post-57715","1":"post","2":"type-post","3":"status-publish","4":"format-standard","5":"has-post-thumbnail","7":"category-matinhos"},"jetpack_featured_media_url":"https:\/\/www.paranapraia.com.br\/wp-content\/uploads\/2024\/01\/FB_IMG_1706628135485-scaled.jpg","jetpack_sharing_enabled":true,"_links":{"self":[{"href":"https:\/\/www.paranapraia.com.br\/index.php\/wp-json\/wp\/v2\/posts\/57715"}],"collection":[{"href":"https:\/\/www.paranapraia.com.br\/index.php\/wp-json\/wp\/v2\/posts"}],"about":[{"href":"https:\/\/www.paranapraia.com.br\/index.php\/wp-json\/wp\/v2\/types\/post"}],"author":[{"embeddable":true,"href":"https:\/\/www.paranapraia.com.br\/index.php\/wp-json\/wp\/v2\/users\/2"}],"replies":[{"embeddable":true,"href":"https:\/\/www.paranapraia.com.br\/index.php\/wp-json\/wp\/v2\/comments?post=57715"}],"version-history":[{"count":1,"href":"https:\/\/www.paranapraia.com.br\/index.php\/wp-json\/wp\/v2\/posts\/57715\/revisions"}],"predecessor-version":[{"id":57717,"href":"https:\/\/www.paranapraia.com.br\/index.php\/wp-json\/wp\/v2\/posts\/57715\/revisions\/57717"}],"wp:featuredmedia":[{"embeddable":true,"href":"https:\/\/www.paranapraia.com.br\/index.php\/wp-json\/wp\/v2\/media\/57716"}],"wp:attachment":[{"href":"https:\/\/www.paranapraia.com.br\/index.php\/wp-json\/wp\/v2\/media?parent=57715"}],"wp:term":[{"taxonomy":"category","embeddable":true,"href":"https:\/\/www.paranapraia.com.br\/index.php\/wp-json\/wp\/v2\/categories?post=57715"},{"taxonomy":"post_tag","embeddable":true,"href":"https:\/\/www.paranapraia.com.br\/index.php\/wp-json\/wp\/v2\/tags?post=57715"}],"curies":[{"name":"wp","href":"https:\/\/api.w.org\/{rel}","templated":true}]}}