{"id":57706,"date":"2024-01-30T12:10:04","date_gmt":"2024-01-30T15:10:04","guid":{"rendered":"https:\/\/www.paranapraia.com.br\/?p=57706"},"modified":"2024-01-30T12:10:07","modified_gmt":"2024-01-30T15:10:07","slug":"verao-maior-parana-recebe-etapa-do-mundial-de-beach-tennis-disputada-por-700-atletas","status":"publish","type":"post","link":"https:\/\/www.paranapraia.com.br\/index.php\/2024\/01\/30\/verao-maior-parana-recebe-etapa-do-mundial-de-beach-tennis-disputada-por-700-atletas\/","title":{"rendered":"Ver\u00e3o Maior Paran\u00e1 recebe etapa do Mundial de Beach Tennis disputada por 700 atletas"},"content":{"rendered":"\n<p>O Paran\u00e1 recebe a partir desta ter\u00e7a-feira (30), em Matinhos, no Litoral, uma etapa do circuito mundial de Beach Tennis chancelado pela Federa\u00e7\u00e3o Internacional de T\u00eanis (ITF). S\u00e3o cerca de 700 atletas inscritos, entre competidores brasileiros e estrangeiros, que disputar\u00e3o at\u00e9 o pr\u00f3ximo domingo (4) trof\u00e9us e posi\u00e7\u00e3o no ranking mundial da modalidade. O torneio integra tamb\u00e9m os Jogos de Aventura e Natureza, que t\u00eam sua primeira etapa da edi\u00e7\u00e3o 2024 disputada durante a temporada.&nbsp;<\/p>\n\n\n\n<p>As disputas re\u00fanem mais de 200 duplas de atletas de Curitiba, Interior do Paran\u00e1 e de outras cidades do Litoral, al\u00e9m de competidores estrangeiros, divididas nas categorias Amador (A, B, C e D) e Profissional (BT 10 e BT 200). Todas as classes foram subdivididas entre masculino, feminino e duplas mistas, com in\u00edcio dos jogos \u00e0s 8h desta ter\u00e7a-feira e t\u00e9rmino no domingo, ap\u00f3s cerca de 450 partidas. A competi\u00e7\u00e3o profissional tamb\u00e9m vai oferecer \u00e0 dupla vencedora premia\u00e7\u00e3o no valor de US$ 15 mil.<\/p>\n\n\n\n<p>\u201cO beach tennis \u00e9 um esporte que vem ganhando muitos adeptos no Brasil e por isso conquistou um campeonato pr\u00f3prio dentro do Ver\u00e3o Maior Paran\u00e1. Nada mais justo do que trazer os melhores atletas do pa\u00eds e do mundo para participar de competi\u00e7\u00e3o nessa grande estrutura montada pelo Governo do Estado no Litoral\u201d, disse o diretor de Inova\u00e7\u00e3o e Desenvolvimento do Esporte da Secretaria do Esporte, Tiago Campos.<\/p>\n\n\n\n<p><strong>SONHO&nbsp;<\/strong>\u2013 O torneio nas areias da praia de Caiob\u00e1 \u00e9 uma parceria do Governo do Estado com a Federa\u00e7\u00e3o Internacional de T\u00eanis, Federa\u00e7\u00e3o Paranaense de Tenis (FPT), Federa\u00e7\u00e3o do Desporto Escolar do Paran\u00e1 (FDE-PR), Sesc, Fecom\u00e9rcio e Copel.<\/p>\n\n\n\n<p>O esporte mistura conceitos do v\u00f4lei e do t\u00eanis de praia. Ana Guaita, de Cascavel, e Ana Rampazzo, de Curitiba, ambas com 14 anos, formam, pela primeira vez, dupla para jogar no campeonato profissional. At\u00e9 agora, elas participavam de campeonatos amadores e a partir deste evento ter\u00e3o a oportunidade de rankear mundialmente.<\/p>\n\n\n\n<p>\u201cJ\u00e1 ganhamos o primeiro jogo nesta manh\u00e3 e a experi\u00eancia foi incr\u00edvel. Estamos nos divertindo e aproveitando ao m\u00e1ximo essa oportunidade. Estava muito ansiosa para jogar no profissional, \u00e9 a realiza\u00e7\u00e3o de um sonho pontuar no ranking mundial e em uma competi\u00e7\u00e3o promovida no meu estado\u201d, ressaltou Ana Guaita.<\/p>\n\n\n\n<p>Ana Rampazzo tamb\u00e9m falou da alegria em poder participar de uma etapa mundial profissional perto de sua casa e com a fam\u00edlia na plateia. \u201c\u00c9 a realiza\u00e7\u00e3o de um sonho ingressar no campeonato profissional, estou muito feliz\u201d, disse.<\/p>\n\n\n\n<p>Segundo o vice-presidente da Federa\u00e7\u00e3o Paranaense de T\u00eanis, Silvio Pinheiro de Souza, o torneio ajuda a ampliar o alcance do esporte, que tem se tornado cada vez mais popular no Pa\u00eds. Ele explicou que, ao todo, s\u00e3o tr\u00eas torneios profissionais: dois da categoria BT 10, que oportunizam a conquista de 10 pontos no ranking profissional, e um na categoria BT 200, que oferece 200 pontos para os atletas, al\u00e9m de premia\u00e7\u00e3o em dinheiro. Paralelo \u00e0 competi\u00e7\u00e3o profissional acontecem, a partir de quinta-feira (1), as competi\u00e7\u00f5es amadoras.<\/p>\n\n\n\n<p>\u201c\u00c9 muito importante para n\u00f3s termos um campeonato dessa magnitude dentro do espa\u00e7o do Ver\u00e3o Maior. Isso ajuda a divulgar o esporte e atrai a curiosidade das pessoas. Aqui na arena a todo momento passam pessoas que perguntam como fazer para participar do campeonato. \u00c9 espetacular ter a competi\u00e7\u00e3o nesta \u00e9poca do ano aqui nas praias do Paran\u00e1\u201d, ressaltou Souza.<\/p>\n\n\n\n<p><strong>REFER\u00caNCIA&nbsp;<\/strong>\u2013 O coordenador de Esportes do Ver\u00e3o Maior Paran\u00e1 2023\/24, Jackson de Almeida, aponta que o torneio \u00e9 uma demonstra\u00e7\u00e3o de que o Paran\u00e1 se torna cada vez mais um estado refer\u00eancia na pr\u00e1tica e desenvolvimento do esporte, com atletas renomados no mundo. \u201cEssa \u00e9 a terceira vez que recebemos o torneio de beach tennis a n\u00edvel internacional. Isso d\u00e1 visibilidade ao Paran\u00e1 e ao esporte no Estado\u201d, disse.<\/p>\n\n\n\n<p>No Ver\u00e3o Maior Paran\u00e1, as quadras de beach tennis chamam a aten\u00e7\u00e3o de milhares de banhistas que v\u00e3o \u00e0s praias do Litoral. Entre outras atividades dispon\u00edveis, os veranistas podem utilizar as quadras espalhadas pelos balne\u00e1rios de Matinhos, Guaratuba e Pontal do Paran\u00e1 gratuitamente.<\/p>\n\n\n\n<p>A competi\u00e7\u00e3o de beach tennis marca a \u00faltima semana esportiva da programa\u00e7\u00e3o do Ver\u00e3o Maior Paran\u00e1, realizado pelo Governo do Estado, projeto que movimenta as praias paranaenses nesta temporada. Desde o fim de dezembro, esportistas de diversas categorias puderam mostrar as suas habilidades nas areias do Estado, ampliando as op\u00e7\u00f5es de lazer de milhares de turistas e moradores.<\/p>\n\n\n\n<p>Os shows nacionais ter\u00e3o continuidade at\u00e9 o \u00faltimo final de semana de fevereiro, todos os finais de semana, exceto o Carnaval.<\/p>\n\n\n\n<p>AEN\/PR<\/p>\n","protected":false},"excerpt":{"rendered":"<p>O Paran\u00e1 recebe a partir desta ter\u00e7a-feira (30), em Matinhos, no Litoral, uma etapa do circuito mundial de Beach Tennis chancelado pela Federa\u00e7\u00e3o Internacional de T\u00eanis (ITF). S\u00e3o cerca de 700 atletas inscritos, entre competidores brasileiros e estrangeiros, que disputar\u00e3o at\u00e9 o pr\u00f3ximo domingo (4) trof\u00e9us e posi\u00e7\u00e3o no ranking mundial da modalidade. O torneio [&hellip;]<\/p>\n","protected":false},"author":2,"featured_media":57707,"comment_status":"open","ping_status":"open","sticky":false,"template":"","format":"standard","meta":{"advanced_seo_description":"","jetpack_seo_html_title":"","jetpack_seo_noindex":false,"_jetpack_memberships_contains_paid_content":false,"footnotes":""},"categories":[91],"tags":[],"class_list":{"0":"post-57706","1":"post","2":"type-post","3":"status-publish","4":"format-standard","5":"has-post-thumbnail","7":"category-litoral"},"jetpack_featured_media_url":"https:\/\/www.paranapraia.com.br\/wp-content\/uploads\/2024\/01\/beach_tennis_foto_rdziura-0600-scaled.jpg","jetpack_sharing_enabled":true,"_links":{"self":[{"href":"https:\/\/www.paranapraia.com.br\/index.php\/wp-json\/wp\/v2\/posts\/57706"}],"collection":[{"href":"https:\/\/www.paranapraia.com.br\/index.php\/wp-json\/wp\/v2\/posts"}],"about":[{"href":"https:\/\/www.paranapraia.com.br\/index.php\/wp-json\/wp\/v2\/types\/post"}],"author":[{"embeddable":true,"href":"https:\/\/www.paranapraia.com.br\/index.php\/wp-json\/wp\/v2\/users\/2"}],"replies":[{"embeddable":true,"href":"https:\/\/www.paranapraia.com.br\/index.php\/wp-json\/wp\/v2\/comments?post=57706"}],"version-history":[{"count":1,"href":"https:\/\/www.paranapraia.com.br\/index.php\/wp-json\/wp\/v2\/posts\/57706\/revisions"}],"predecessor-version":[{"id":57708,"href":"https:\/\/www.paranapraia.com.br\/index.php\/wp-json\/wp\/v2\/posts\/57706\/revisions\/57708"}],"wp:featuredmedia":[{"embeddable":true,"href":"https:\/\/www.paranapraia.com.br\/index.php\/wp-json\/wp\/v2\/media\/57707"}],"wp:attachment":[{"href":"https:\/\/www.paranapraia.com.br\/index.php\/wp-json\/wp\/v2\/media?parent=57706"}],"wp:term":[{"taxonomy":"category","embeddable":true,"href":"https:\/\/www.paranapraia.com.br\/index.php\/wp-json\/wp\/v2\/categories?post=57706"},{"taxonomy":"post_tag","embeddable":true,"href":"https:\/\/www.paranapraia.com.br\/index.php\/wp-json\/wp\/v2\/tags?post=57706"}],"curies":[{"name":"wp","href":"https:\/\/api.w.org\/{rel}","templated":true}]}}