{"id":57701,"date":"2024-01-30T10:30:22","date_gmt":"2024-01-30T13:30:22","guid":{"rendered":"https:\/\/www.paranapraia.com.br\/?p=57701"},"modified":"2024-01-30T10:30:25","modified_gmt":"2024-01-30T13:30:25","slug":"pontal-do-parana-tecidos-para-uniformes-escolares-ja-estao-nas-oficinas-para-iniciar-producao","status":"publish","type":"post","link":"https:\/\/www.paranapraia.com.br\/index.php\/2024\/01\/30\/pontal-do-parana-tecidos-para-uniformes-escolares-ja-estao-nas-oficinas-para-iniciar-producao\/","title":{"rendered":"Pontal do Paran\u00e1: Tecidos para uniformes escolares j\u00e1 est\u00e3o nas oficinas para iniciar produ\u00e7\u00e3o"},"content":{"rendered":"\n<p>Mais um passo para produzir no pr\u00f3prio munic\u00edpio os uniformes escolares do ano letivo 2024 foi dado na sexta (26) quando foi entregue um lote de tecidos para abastecer as duas oficinas de costura industriais instaladas em Pontal do Paran\u00e1.<\/p>\n\n\n\n<p>A entrega foi na sede do Provopar (Programa do Voluntariado Paranaense, Rua No\u00eamio Gabriel Simas, 87-135) em Praia de Leste, que abriga uma das oficinas. A outra foi montada no Centro Praia (Travessa Lord Dorschester, 152, pr\u00f3ximo ao CMEI Peixinho Sapeca), no Jardim Canad\u00e1.<\/p>\n\n\n\n<figure class=\"wp-block-image size-large\"><img loading=\"lazy\" decoding=\"async\" width=\"1024\" height=\"768\" src=\"https:\/\/www.paranapraia.com.br\/wp-content\/uploads\/2024\/01\/FB_IMG_1706621325148-1024x768.jpg\" alt=\"\" class=\"wp-image-57703\" srcset=\"https:\/\/www.paranapraia.com.br\/wp-content\/uploads\/2024\/01\/FB_IMG_1706621325148-1024x768.jpg 1024w, https:\/\/www.paranapraia.com.br\/wp-content\/uploads\/2024\/01\/FB_IMG_1706621325148-300x225.jpg 300w, https:\/\/www.paranapraia.com.br\/wp-content\/uploads\/2024\/01\/FB_IMG_1706621325148-768x576.jpg 768w, https:\/\/www.paranapraia.com.br\/wp-content\/uploads\/2024\/01\/FB_IMG_1706621325148-696x522.jpg 696w, https:\/\/www.paranapraia.com.br\/wp-content\/uploads\/2024\/01\/FB_IMG_1706621325148-1068x801.jpg 1068w, https:\/\/www.paranapraia.com.br\/wp-content\/uploads\/2024\/01\/FB_IMG_1706621325148-scaled.jpg 800w\" sizes=\"(max-width: 1024px) 100vw, 1024px\" \/><\/figure>\n\n\n\n<p>O prefeito Rud\u00e3o Gimenes fez quest\u00e3o de conferir a qualidade dos tecidos (nas cores branco e azul royal) e at\u00e9 ajudou a descarregar, junto com a equipe do Provopar e do Escrit\u00f3rio de Compras P\u00fablicas. (Fotos: prefeito Rud\u00e3o, Francisca Kaminski, Beto Silva, S\u00f4nia Toko e turmas de costura).<\/p>\n\n\n\n<p>?UNIFORMES 2024: O Projeto Costurando Sonhos contempla, al\u00e9m da montagem conclu\u00edda das duas salas de costura, a produ\u00e7\u00e3o dos uniformes na cidade que visa gerar emprego e renda, manter dinheiro circulando na economia local e ofertar uniformes de qualidade aos alunos. O programa foi implantado em etapas por determina\u00e7\u00e3o do prefeito.<\/p>\n\n\n\n<figure class=\"wp-block-image size-large\"><img loading=\"lazy\" decoding=\"async\" width=\"1024\" height=\"768\" src=\"https:\/\/www.paranapraia.com.br\/wp-content\/uploads\/2024\/01\/FB_IMG_1706621331780-1024x768.jpg\" alt=\"\" class=\"wp-image-57704\" srcset=\"https:\/\/www.paranapraia.com.br\/wp-content\/uploads\/2024\/01\/FB_IMG_1706621331780-1024x768.jpg 1024w, https:\/\/www.paranapraia.com.br\/wp-content\/uploads\/2024\/01\/FB_IMG_1706621331780-300x225.jpg 300w, https:\/\/www.paranapraia.com.br\/wp-content\/uploads\/2024\/01\/FB_IMG_1706621331780-768x576.jpg 768w, https:\/\/www.paranapraia.com.br\/wp-content\/uploads\/2024\/01\/FB_IMG_1706621331780-696x522.jpg 696w, https:\/\/www.paranapraia.com.br\/wp-content\/uploads\/2024\/01\/FB_IMG_1706621331780-1068x801.jpg 1068w, https:\/\/www.paranapraia.com.br\/wp-content\/uploads\/2024\/01\/FB_IMG_1706621331780-scaled.jpg 800w\" sizes=\"(max-width: 1024px) 100vw, 1024px\" \/><\/figure>\n\n\n\n<p>O munic\u00edpio ofertou tamb\u00e9m cursos de capacita\u00e7\u00e3o b\u00e1sicos e avan\u00e7ados, por meio da Secretaria de Assist\u00eancia Social e Provopar, ampliando habilidades e dando apoio total \u00e0 formaliza\u00e7\u00e3o do neg\u00f3cio de 80 costureiras (os), que se tornaram microempreendedores individuais (MEI\u2019s). As capacita\u00e7\u00f5es e a formaliza\u00e7\u00e3o se deram por meio de parceria envolvendo Ag\u00eancia do Trabalhador, Sala do Empreendedor e Escrit\u00f3rio de Compras.<\/p>\n\n\n\n<p>Os tecidos, linhas e aviamentos s\u00e3o fornecidos pela prefeitura e o processo se completar\u00e1 em breve com a confec\u00e7\u00e3o dos uniformes, quando os profissionais receber\u00e3o pelos servi\u00e7os de corte e costura. Ao final, haver\u00e1 a distribui\u00e7\u00e3o dos uniformes diretamente nas escolas pela Secretaria Municipal de Educa\u00e7\u00e3o (Smed).<\/p>\n\n\n\n<h1 class=\"wp-block-heading\">pontalquecresce<\/h1>\n\n\n\n<h1 class=\"wp-block-heading\">pontalquecuida<\/h1>\n\n\n\n<h1 class=\"wp-block-heading\">pontalasuapraia<\/h1>\n\n\n\n<h1 class=\"wp-block-heading\">pontaldoparana<\/h1>\n\n\n\n<h1 class=\"wp-block-heading\">PrefeituradePontaldoParan\u00e1<\/h1>\n\n\n\n<h1 class=\"wp-block-heading\">smed<\/h1>\n\n\n\n<h1 class=\"wp-block-heading\">assist\u00eanciasocialpontaldoparana<\/h1>\n\n\n\n<h1 class=\"wp-block-heading\">escrit\u00f3riodecomprasp\u00fablicaspontaldoparana<\/h1>\n\n\n\n<h1 class=\"wp-block-heading\">litoralpr<\/h1>\n\n\n\n<h1 class=\"wp-block-heading\">litoralparanaense<\/h1>\n","protected":false},"excerpt":{"rendered":"<p>Mais um passo para produzir no pr\u00f3prio munic\u00edpio os uniformes escolares do ano letivo 2024 foi dado na sexta (26) quando foi entregue um lote de tecidos para abastecer as duas oficinas de costura industriais instaladas em Pontal do Paran\u00e1. A entrega foi na sede do Provopar (Programa do Voluntariado Paranaense, Rua No\u00eamio Gabriel Simas, [&hellip;]<\/p>\n","protected":false},"author":2,"featured_media":57702,"comment_status":"open","ping_status":"open","sticky":false,"template":"","format":"standard","meta":{"advanced_seo_description":"","jetpack_seo_html_title":"","jetpack_seo_noindex":false,"_jetpack_memberships_contains_paid_content":false,"footnotes":""},"categories":[65],"tags":[],"class_list":{"0":"post-57701","1":"post","2":"type-post","3":"status-publish","4":"format-standard","5":"has-post-thumbnail","7":"category-pontal-do-parana"},"jetpack_featured_media_url":"https:\/\/www.paranapraia.com.br\/wp-content\/uploads\/2024\/01\/FB_IMG_1706621341426-scaled.jpg","jetpack_sharing_enabled":true,"_links":{"self":[{"href":"https:\/\/www.paranapraia.com.br\/index.php\/wp-json\/wp\/v2\/posts\/57701"}],"collection":[{"href":"https:\/\/www.paranapraia.com.br\/index.php\/wp-json\/wp\/v2\/posts"}],"about":[{"href":"https:\/\/www.paranapraia.com.br\/index.php\/wp-json\/wp\/v2\/types\/post"}],"author":[{"embeddable":true,"href":"https:\/\/www.paranapraia.com.br\/index.php\/wp-json\/wp\/v2\/users\/2"}],"replies":[{"embeddable":true,"href":"https:\/\/www.paranapraia.com.br\/index.php\/wp-json\/wp\/v2\/comments?post=57701"}],"version-history":[{"count":1,"href":"https:\/\/www.paranapraia.com.br\/index.php\/wp-json\/wp\/v2\/posts\/57701\/revisions"}],"predecessor-version":[{"id":57705,"href":"https:\/\/www.paranapraia.com.br\/index.php\/wp-json\/wp\/v2\/posts\/57701\/revisions\/57705"}],"wp:featuredmedia":[{"embeddable":true,"href":"https:\/\/www.paranapraia.com.br\/index.php\/wp-json\/wp\/v2\/media\/57702"}],"wp:attachment":[{"href":"https:\/\/www.paranapraia.com.br\/index.php\/wp-json\/wp\/v2\/media?parent=57701"}],"wp:term":[{"taxonomy":"category","embeddable":true,"href":"https:\/\/www.paranapraia.com.br\/index.php\/wp-json\/wp\/v2\/categories?post=57701"},{"taxonomy":"post_tag","embeddable":true,"href":"https:\/\/www.paranapraia.com.br\/index.php\/wp-json\/wp\/v2\/tags?post=57701"}],"curies":[{"name":"wp","href":"https:\/\/api.w.org\/{rel}","templated":true}]}}