{"id":57698,"date":"2024-01-29T19:23:03","date_gmt":"2024-01-29T22:23:03","guid":{"rendered":"https:\/\/www.paranapraia.com.br\/?p=57698"},"modified":"2024-01-29T19:23:06","modified_gmt":"2024-01-29T22:23:06","slug":"com-a-tregua-proporcionada-pela-chuva-matinhos-continua-prestando-assistencia-as-familias-afetadas-pelas-enchentes","status":"publish","type":"post","link":"https:\/\/www.paranapraia.com.br\/index.php\/2024\/01\/29\/com-a-tregua-proporcionada-pela-chuva-matinhos-continua-prestando-assistencia-as-familias-afetadas-pelas-enchentes\/","title":{"rendered":"Com a tr\u00e9gua proporcionada pela chuva, Matinhos continua prestando assist\u00eancia \u00e0s fam\u00edlias afetadas pelas enchentes"},"content":{"rendered":"\n<p>At\u00e9 o final da tarde desta segunda-feira (29), a Secretaria Municipal de Assist\u00eancia Social promoveu o retorno de 14 fam\u00edlias que estavam acomodadas no abrigo CREAS Bom Samaritano. Essas fam\u00edlias foram for\u00e7adas a deixar suas casas, que foram inundadas devido ao excesso de chuvas que castigou Matinhos na semana passada.<\/p>\n\n\n\n<p>Equipes das Secretarias de Sa\u00fade, Assist\u00eancia Social, Defesa Social com o aux\u00edlio da Defesa Civil e Provopar de Matinhos, al\u00e9m de repassarem doa\u00e7\u00f5es como colch\u00f5es, produtos de limpeza, roupas e alimentos \u00e0s fam\u00edlias, proporcionaram todo o conforto poss\u00edvel no CREAS Bom Samaritano.<\/p>\n\n\n\n<p>Gradualmente, \u00e0 medida que a \u00e1gua foi baixando, essas fam\u00edlias come\u00e7aram a retomar suas vidas em suas resid\u00eancias. As \u00faltimas fam\u00edlias retornaram no final da tarde desta segunda-feira, todas levando para casa, pelo menos, uma cesta b\u00e1sica e um kit de limpeza.<\/p>\n\n\n\n<p>A mobiliza\u00e7\u00e3o agora se volta para outro problema, que \u00e9 o p\u00f3s enchente., Uma preocupa\u00e7\u00e3o antiga que merece mais aten\u00e7\u00e3o a partir de agora que \u00e9 a Dengue, a \u00e1gua parada favorece a prolifera\u00e7\u00e3o de novos focos do mosquito transmissor da doen\u00e7a e a partir de agora, as campanhas j\u00e1 em andamento, ser\u00e3o intensificadas.<\/p>\n\n\n\n<p>Desde s\u00e1bado (28), as a\u00e7\u00f5es se concentraram nos bairros mais afetados pelo ac\u00famulo de \u00e1gua. Servidores do munic\u00edpio, em parceria com agentes do estado, visitaram resid\u00eancias no Mangue Seco, distribuindo panfletos educativos e orientando as pessoas sobre os cuidados com o mosquito. Nas praias, os postos volantes tiveram a mesma fun\u00e7\u00e3o de esclarecer e alertar a popula\u00e7\u00e3o sobre a doen\u00e7a. A principal orienta\u00e7\u00e3o visa \u00e0 elimina\u00e7\u00e3o de poss\u00edveis criadouros do mosquito Aedes aegypti em locais onde h\u00e1 \u00e1gua e lixo acumulados.<\/p>\n\n\n\n<p>Diva Kosti, 70 anos, moradora do bairro Rio da On\u00e7a em Matinhos h\u00e1 10 anos, um dos bairros mais afetados pelas chuvas, compreende a import\u00e2ncia de manter os locais limpos, secos e sem \u00e1gua parada que possa contribuir para a prolifera\u00e7\u00e3o da dengue. &#8220;N\u00e3o podemos permitir \u00e1gua parada e lugares sujos, s\u00f3 assim vamos acabar com essa doen\u00e7a. Vemos tanta \u00e1gua e lixo acumulados que fico horrorizada. As pessoas precisam compreender as orienta\u00e7\u00f5es e segui-las, caso contr\u00e1rio, n\u00e3o adiantar\u00e1 nada. A preven\u00e7\u00e3o \u00e9 muito melhor do que contrair uma doen\u00e7a&#8221;, afirmou.<\/p>\n\n\n\n<p>Departamento de Comunica\u00e7\u00e3o<br>Prefeitura de Matinhos<\/p>\n\n\n\n<p><\/p>\n","protected":false},"excerpt":{"rendered":"<p>At\u00e9 o final da tarde desta segunda-feira (29), a Secretaria Municipal de Assist\u00eancia Social promoveu o retorno de 14 fam\u00edlias que estavam acomodadas no abrigo CREAS Bom Samaritano. Essas fam\u00edlias foram for\u00e7adas a deixar suas casas, que foram inundadas devido ao excesso de chuvas que castigou Matinhos na semana passada. Equipes das Secretarias de Sa\u00fade, [&hellip;]<\/p>\n","protected":false},"author":2,"featured_media":57699,"comment_status":"open","ping_status":"open","sticky":false,"template":"","format":"standard","meta":{"advanced_seo_description":"","jetpack_seo_html_title":"","jetpack_seo_noindex":false,"_jetpack_memberships_contains_paid_content":false,"footnotes":""},"categories":[88],"tags":[],"class_list":{"0":"post-57698","1":"post","2":"type-post","3":"status-publish","4":"format-standard","5":"has-post-thumbnail","7":"category-matinhos"},"jetpack_featured_media_url":"https:\/\/www.paranapraia.com.br\/wp-content\/uploads\/2024\/01\/FB_IMG_1706566876875-scaled.jpg","jetpack_sharing_enabled":true,"_links":{"self":[{"href":"https:\/\/www.paranapraia.com.br\/index.php\/wp-json\/wp\/v2\/posts\/57698"}],"collection":[{"href":"https:\/\/www.paranapraia.com.br\/index.php\/wp-json\/wp\/v2\/posts"}],"about":[{"href":"https:\/\/www.paranapraia.com.br\/index.php\/wp-json\/wp\/v2\/types\/post"}],"author":[{"embeddable":true,"href":"https:\/\/www.paranapraia.com.br\/index.php\/wp-json\/wp\/v2\/users\/2"}],"replies":[{"embeddable":true,"href":"https:\/\/www.paranapraia.com.br\/index.php\/wp-json\/wp\/v2\/comments?post=57698"}],"version-history":[{"count":1,"href":"https:\/\/www.paranapraia.com.br\/index.php\/wp-json\/wp\/v2\/posts\/57698\/revisions"}],"predecessor-version":[{"id":57700,"href":"https:\/\/www.paranapraia.com.br\/index.php\/wp-json\/wp\/v2\/posts\/57698\/revisions\/57700"}],"wp:featuredmedia":[{"embeddable":true,"href":"https:\/\/www.paranapraia.com.br\/index.php\/wp-json\/wp\/v2\/media\/57699"}],"wp:attachment":[{"href":"https:\/\/www.paranapraia.com.br\/index.php\/wp-json\/wp\/v2\/media?parent=57698"}],"wp:term":[{"taxonomy":"category","embeddable":true,"href":"https:\/\/www.paranapraia.com.br\/index.php\/wp-json\/wp\/v2\/categories?post=57698"},{"taxonomy":"post_tag","embeddable":true,"href":"https:\/\/www.paranapraia.com.br\/index.php\/wp-json\/wp\/v2\/tags?post=57698"}],"curies":[{"name":"wp","href":"https:\/\/api.w.org\/{rel}","templated":true}]}}