{"id":57695,"date":"2024-01-29T19:19:43","date_gmt":"2024-01-29T22:19:43","guid":{"rendered":"https:\/\/www.paranapraia.com.br\/?p=57695"},"modified":"2024-01-29T19:19:45","modified_gmt":"2024-01-29T22:19:45","slug":"provopar-estadual-repassa-doacoes-a-entidade-de-matinhos-para-as-vitimas-das-chuvas","status":"publish","type":"post","link":"https:\/\/www.paranapraia.com.br\/index.php\/2024\/01\/29\/provopar-estadual-repassa-doacoes-a-entidade-de-matinhos-para-as-vitimas-das-chuvas\/","title":{"rendered":"Provopar Estadual repassa doa\u00e7\u00f5es \u00e0 entidade de Matinhos para as v\u00edtimas das chuvas"},"content":{"rendered":"\n<p>O Provopar  Matinhos recebeu uma doa\u00e7\u00e3o que ser\u00e1 destinada \u00e0s v\u00edtimas das enchentes que afetaram o munic\u00edpio na \u00faltima semana. Os donativos foram repassados pelo Provopar Estadual e entregues na sede da Secretaria Municipal de Assist\u00eancia Social na manh\u00e3 desta segunda-feira (29).<\/p>\n\n\n\n<p>\u201cComp\u00f5em essa doa\u00e7\u00e3o roupas e produtos de limpeza para fortalecer a uni\u00e3o dos moradores, em prol as fam\u00edlias que sofreram com as chuva. Eu agrade\u00e7o ao Provopar por este aux\u00edlio ao povo matinhense prejudicado pela for\u00e7a das \u00e1guas\u201d, disse a presidente do Provopar Matinhos, a primeira-dama Regina Viana.<\/p>\n\n\n\n<p style=\"max-width:1945px\">O material advindo do Provopar do Estado foi repassado pela vice-presidente da entidade, Elfi Gusava; o diretor financeiro Nelson Roberto Rios Brand\u00e3o; e a assessora da Presid\u00eancia, Zilda Ferreira. A primeira-dama recebeu os representantes do Provopar Estadual acompanhada da presidente do Conselho Municipal de Assist\u00eancia Social, Virginia Maria Santana.<\/p>\n\n\n\n<p>Departamento de Comunica\u00e7\u00e3o<br>Prefeitura de Matinhos<\/p>\n","protected":false},"excerpt":{"rendered":"<p>O Provopar Matinhos recebeu uma doa\u00e7\u00e3o que ser\u00e1 destinada \u00e0s v\u00edtimas das enchentes que afetaram o munic\u00edpio na \u00faltima semana. Os donativos foram repassados pelo Provopar Estadual e entregues na sede da Secretaria Municipal de Assist\u00eancia Social na manh\u00e3 desta segunda-feira (29). \u201cComp\u00f5em essa doa\u00e7\u00e3o roupas e produtos de limpeza para fortalecer a uni\u00e3o dos [&hellip;]<\/p>\n","protected":false},"author":2,"featured_media":57696,"comment_status":"open","ping_status":"open","sticky":false,"template":"","format":"standard","meta":{"advanced_seo_description":"","jetpack_seo_html_title":"","jetpack_seo_noindex":false,"_jetpack_memberships_contains_paid_content":false,"footnotes":""},"categories":[88],"tags":[],"class_list":{"0":"post-57695","1":"post","2":"type-post","3":"status-publish","4":"format-standard","5":"has-post-thumbnail","7":"category-matinhos"},"jetpack_featured_media_url":"https:\/\/www.paranapraia.com.br\/wp-content\/uploads\/2024\/01\/FB_IMG_1706566556885-scaled.jpg","jetpack_sharing_enabled":true,"_links":{"self":[{"href":"https:\/\/www.paranapraia.com.br\/index.php\/wp-json\/wp\/v2\/posts\/57695"}],"collection":[{"href":"https:\/\/www.paranapraia.com.br\/index.php\/wp-json\/wp\/v2\/posts"}],"about":[{"href":"https:\/\/www.paranapraia.com.br\/index.php\/wp-json\/wp\/v2\/types\/post"}],"author":[{"embeddable":true,"href":"https:\/\/www.paranapraia.com.br\/index.php\/wp-json\/wp\/v2\/users\/2"}],"replies":[{"embeddable":true,"href":"https:\/\/www.paranapraia.com.br\/index.php\/wp-json\/wp\/v2\/comments?post=57695"}],"version-history":[{"count":1,"href":"https:\/\/www.paranapraia.com.br\/index.php\/wp-json\/wp\/v2\/posts\/57695\/revisions"}],"predecessor-version":[{"id":57697,"href":"https:\/\/www.paranapraia.com.br\/index.php\/wp-json\/wp\/v2\/posts\/57695\/revisions\/57697"}],"wp:featuredmedia":[{"embeddable":true,"href":"https:\/\/www.paranapraia.com.br\/index.php\/wp-json\/wp\/v2\/media\/57696"}],"wp:attachment":[{"href":"https:\/\/www.paranapraia.com.br\/index.php\/wp-json\/wp\/v2\/media?parent=57695"}],"wp:term":[{"taxonomy":"category","embeddable":true,"href":"https:\/\/www.paranapraia.com.br\/index.php\/wp-json\/wp\/v2\/categories?post=57695"},{"taxonomy":"post_tag","embeddable":true,"href":"https:\/\/www.paranapraia.com.br\/index.php\/wp-json\/wp\/v2\/tags?post=57695"}],"curies":[{"name":"wp","href":"https:\/\/api.w.org\/{rel}","templated":true}]}}