{"id":57686,"date":"2024-01-29T18:47:24","date_gmt":"2024-01-29T21:47:24","guid":{"rendered":"https:\/\/www.paranapraia.com.br\/?p=57686"},"modified":"2024-01-29T18:47:26","modified_gmt":"2024-01-29T21:47:26","slug":"prefeitura-de-pontal-do-parana-convoca-15-gcms-para-integracao-ao-servico-publico","status":"publish","type":"post","link":"https:\/\/www.paranapraia.com.br\/index.php\/2024\/01\/29\/prefeitura-de-pontal-do-parana-convoca-15-gcms-para-integracao-ao-servico-publico\/","title":{"rendered":"Prefeitura de Pontal do Paran\u00e1 convoca 15 GCM\u2019s para integra\u00e7\u00e3o ao servi\u00e7o p\u00fablico"},"content":{"rendered":"\n<p>Os 15 novos Guardas Civis Municipais (GCM\u2019s) aprovados no concurso p\u00fablico 001\/2022, e que conclu\u00edram o curso de forma\u00e7\u00e3o realizado em 2023, foram oficialmente convocados na tarde desta segunda (29 de janeiro) pelo prefeito de Pontal do Paran\u00e1, Rud\u00e3o Gimenes, para imediata integra\u00e7\u00e3o ao servi\u00e7o p\u00fablico, com lota\u00e7\u00e3o na Secretaria Municipal de Seguran\u00e7a P\u00fablica. Participaram do ato realizado no gabinete, al\u00e9m do prefeito, a secret\u00e1ria municipal de Seguran\u00e7a P\u00fablica, Any Brasil Messina, o comandante da GCM de Pontal, Giovani Ros\u00e1rio, e o GCM Batista.<\/p>\n\n\n\n<p>Os candidatos convocados dever\u00e3o comparecer ao Departamento de Recursos Humanos (RH) da Prefeitura Municipal de Pontal do Paran\u00e1, no hor\u00e1rio das 8h30 \u00e0s 11h30 e das 14 \u00e0s 16h30, para apresenta\u00e7\u00e3o da documenta\u00e7\u00e3o comprobat\u00f3ria exigida no edital 001\/2024. Os candidatos convocados t\u00eam o prazo de 15 (quinze) dias para apresentar a documenta\u00e7\u00e3o.<\/p>\n\n\n\n<p>O edital pode ser consultado acessando o link:<br><a href=\"https:\/\/www.controlemunicipal.com.br\/inga\/sistema\/arquivos\/12183\/290124120422_edital_0012024__convocacao_smsp_29_01_2024_pdf.pdf\">https:\/\/www.controlemunicipal.com.br\/inga\/sistema\/arquivos\/12183\/290124120422_edital_0012024__convocacao_smsp_29_01_2024_pdf.pdf<\/a><\/p>\n\n\n\n<p>Os GCM\u2019s convocados s\u00e3o:<\/p>\n\n\n\n<p>RUBENS FARIAS DOS SANTOS NETO<br>LEONARDO CANDIDO<br>CLOVI SANTOS DA ROSA<br>KELVIN MENDES FORTE<br>RAFAEL HEBER OLIVEIRA DE MORAIS<br>AMANDA DA CRUZ LEINIOSKI<br>ANDRE LUIS ALVES MANFIOLETE<br>LUSIN\u00c1 DA SILVA BEZERRA FILHO<br>ANDERSON FALSARELLI<br>THIAGO LUIZ ZONTA<br>ANA PAULA MAZUROSKI SOUZA<br>GABRIEL ELIAS PORTELA DO COUTO<br>EVERSON FARIA DOS SANTOS<br>DIOGO CONSTANTINO BONVAKIADES CARVALHO<br>WALDENBERG MARQUES GOMES (&#8220;sub judice&#8221;).<\/p>\n\n\n\n<p>Prefeitura de Pontal do Paran\u00e1 <\/p>\n","protected":false},"excerpt":{"rendered":"<p>Os 15 novos Guardas Civis Municipais (GCM\u2019s) aprovados no concurso p\u00fablico 001\/2022, e que conclu\u00edram o curso de forma\u00e7\u00e3o realizado em 2023, foram oficialmente convocados na tarde desta segunda (29 de janeiro) pelo prefeito de Pontal do Paran\u00e1, Rud\u00e3o Gimenes, para imediata integra\u00e7\u00e3o ao servi\u00e7o p\u00fablico, com lota\u00e7\u00e3o na Secretaria Municipal de Seguran\u00e7a P\u00fablica. Participaram [&hellip;]<\/p>\n","protected":false},"author":2,"featured_media":57687,"comment_status":"open","ping_status":"open","sticky":false,"template":"","format":"standard","meta":{"advanced_seo_description":"","jetpack_seo_html_title":"","jetpack_seo_noindex":false,"_jetpack_memberships_contains_paid_content":false,"footnotes":""},"categories":[65],"tags":[],"class_list":{"0":"post-57686","1":"post","2":"type-post","3":"status-publish","4":"format-standard","5":"has-post-thumbnail","7":"category-pontal-do-parana"},"jetpack_featured_media_url":"https:\/\/www.paranapraia.com.br\/wp-content\/uploads\/2024\/01\/FB_IMG_1706564711635-scaled.jpg","jetpack_sharing_enabled":true,"_links":{"self":[{"href":"https:\/\/www.paranapraia.com.br\/index.php\/wp-json\/wp\/v2\/posts\/57686"}],"collection":[{"href":"https:\/\/www.paranapraia.com.br\/index.php\/wp-json\/wp\/v2\/posts"}],"about":[{"href":"https:\/\/www.paranapraia.com.br\/index.php\/wp-json\/wp\/v2\/types\/post"}],"author":[{"embeddable":true,"href":"https:\/\/www.paranapraia.com.br\/index.php\/wp-json\/wp\/v2\/users\/2"}],"replies":[{"embeddable":true,"href":"https:\/\/www.paranapraia.com.br\/index.php\/wp-json\/wp\/v2\/comments?post=57686"}],"version-history":[{"count":1,"href":"https:\/\/www.paranapraia.com.br\/index.php\/wp-json\/wp\/v2\/posts\/57686\/revisions"}],"predecessor-version":[{"id":57688,"href":"https:\/\/www.paranapraia.com.br\/index.php\/wp-json\/wp\/v2\/posts\/57686\/revisions\/57688"}],"wp:featuredmedia":[{"embeddable":true,"href":"https:\/\/www.paranapraia.com.br\/index.php\/wp-json\/wp\/v2\/media\/57687"}],"wp:attachment":[{"href":"https:\/\/www.paranapraia.com.br\/index.php\/wp-json\/wp\/v2\/media?parent=57686"}],"wp:term":[{"taxonomy":"category","embeddable":true,"href":"https:\/\/www.paranapraia.com.br\/index.php\/wp-json\/wp\/v2\/categories?post=57686"},{"taxonomy":"post_tag","embeddable":true,"href":"https:\/\/www.paranapraia.com.br\/index.php\/wp-json\/wp\/v2\/tags?post=57686"}],"curies":[{"name":"wp","href":"https:\/\/api.w.org\/{rel}","templated":true}]}}