{"id":57680,"date":"2024-01-29T18:39:42","date_gmt":"2024-01-29T21:39:42","guid":{"rendered":"https:\/\/www.paranapraia.com.br\/?p=57680"},"modified":"2024-01-29T18:39:45","modified_gmt":"2024-01-29T21:39:45","slug":"603-pessoas-com-deficiencia-ou-mobilidade-reduzida-ja-usaram-as-cadeiras-especiais-no-litoral","status":"publish","type":"post","link":"https:\/\/www.paranapraia.com.br\/index.php\/2024\/01\/29\/603-pessoas-com-deficiencia-ou-mobilidade-reduzida-ja-usaram-as-cadeiras-especiais-no-litoral\/","title":{"rendered":"603 pessoas com defici\u00eancia ou mobilidade reduzida j\u00e1 usaram as cadeiras especiais no Litoral"},"content":{"rendered":"\n<p>Em um m\u00eas de atendimentos no Litoral do Paran\u00e1, o programa Praia Acess\u00edvel j\u00e1 registrou 603 atendimentos nos pontos que disponibilizam as cadeiras anf\u00edbias. Esses equipamentos disponbilizados pelo Governo do Estado fazem a alegria de veranistas e moradores com defici\u00eancia ou mobilidade reduzida porque tornam poss\u00edvel um banho de mar ou passeios na areia. O n\u00famero deste ano j\u00e1 \u00e9 58,6% maior que toda a temporada anterior, que teve 380 atendimentos.<\/p>\n\n\n\n<p>Executado por meio de parceria entre a Secretaria do Desenvolvimento Social e Fam\u00edlia e a Sanepar, ele est\u00e1 em atividade desde o in\u00edcio do Ver\u00e3o Maior Paran\u00e1 2023\/2024, em 28 de dezembro. Essa a\u00e7\u00e3o segue nas praias at\u00e9 o dia 5 de fevereiro.<\/p>\n\n\n\n<p>Bernardo Dalazoana Denck, de 10 anos, tem distrofia muscular e autismo. Ele mora com a m\u00e3e, Caroline Emanuelle Dalazoana, em Ipiranga, nos Campos Gerais. Segundo a m\u00e3e, ele esperou por muito tempo para que esse momento chegasse. \u201cO Bernardo adorou o fim de semana, esperou muito por esse momento e foi perfeito, com acessibilidade, aten\u00e7\u00e3o e cuidado\u201d, disse. &#8220;Meu filho aproveitou como qualquer crian\u00e7a\u201d.<\/p>\n\n\n\n<p>As cadeiras tamb\u00e9m transportaram pessoas com baixa mobilidade, como Davina Bueno de Oliveira, de 101 anos. Segundo ela, h\u00e1 muito tempo n\u00e3o entrava na \u00e1gua e desta vez aproveitou com seguran\u00e7a. \u201cEu achei uma del\u00edcia entrar na \u00e1gua sentada, com seguran\u00e7a na cadeira, eu adorei. Gosto de vir pra praia, comer, olhar a \u00e1gua e passear\u201d, relatou.<\/p>\n\n\n\n<p>As cadeiras anf\u00edbias s\u00e3o encontradas em praias de Guaratuba, Matinhos e Pontal do Paran\u00e1. Os profissionais que levam as pessoas com defici\u00eancia ou mobilidade reduzida e os acompanham no mar s\u00e3o educadores f\u00edsicos formados ou estudantes da \u00e1rea. Em cada posto de atendimento, \u00e9 poss\u00edvel encontrar de dois a tr\u00eas profissionais que ficam \u00e0 disposi\u00e7\u00e3o das 09h \u00e0s 12h e das 15h \u00e0s 19h. As praias com maior fluxo de atendimento s\u00e3o Shangri-l\u00e1 e Caiob\u00e1, com 167 e 141 atendimentos, respectivamente.<\/p>\n\n\n\n<p>Para o secret\u00e1rio do Desenvolvimento Social e Fam\u00edlia, Rog\u00e9rio Carboni, os n\u00fameros demonstram a import\u00e2ncia de promover um ver\u00e3o inclusivo. \u201cEstamos batendo recordes n\u00e3o apenas da temporada passada, mas de outras edi\u00e7\u00f5es. Al\u00e9m da cadeira, tivemos outras a\u00e7\u00f5es no Litoral e em todas elas pensamos nas pessoas com defici\u00eancia ou mobilidade reduzida\u201d, contou.<\/p>\n\n\n\n<p>\u201cA Sanepar est\u00e1 presente no Litoral com v\u00e1rias a\u00e7\u00f5es, como a de limpeza das praias e o projeto de acessibilidade. Esta \u00e9 mais uma forma de integrar a popula\u00e7\u00e3o do Paran\u00e1 ao momento de lazer\u201d, complementou o diretor adjunto de Comunica\u00e7\u00e3o e Marketing da Sanepar, Hudson Jos\u00e9.<\/p>\n\n\n\n<p><strong>CADEIRAS ANF\u00cdBIAS&nbsp;<\/strong>\u2013<strong>&nbsp;<\/strong>O equipamento tem rodas especiais que permitem o deslocamento na areia e no mar. As cadeiras possuem cinto de seguran\u00e7a regul\u00e1vel, encosto, assento, apoio cervical para a cabe\u00e7a e apoio para os p\u00e9s em tecido emborrachado, remov\u00edvel e lav\u00e1vel. S\u00e3o flutuantes e confeccionadas em material leve, resistente e inoxid\u00e1vel.<\/p>\n\n\n\n<p>Por serem mais altas, elas permitem que o usu\u00e1rio entre no mar ou em rios em uma profundidade segura. O uso \u00e9 orientado por profissionais qualificados, que explicam a forma correta para condu\u00e7\u00e3o das pessoas com defici\u00eancia at\u00e9 a cadeira e auxiliam em seu uso.<\/p>\n\n\n\n<p><strong>Confira os pontos onde ficam os equipamentos:<\/strong><\/p>\n\n\n\n<p>Equipamentos disponibilizados de ter\u00e7a-feira a domingo, das 9h \u00e0s 12 e das 15 \u00e0s 19h.<\/p>\n\n\n\n<p><strong>Guaratuba<\/strong><\/p>\n\n\n\n<p>Praia do Cristo \u2013 Final da Avenida Atl\u00e2ntica s\/n<\/p>\n\n\n\n<p><strong>Matinhos<\/strong><\/p>\n\n\n\n<p>Balne\u00e1rio Caiob\u00e1 \u2013 Av. Atl\u00e2ntica, entre as ruas Londrina, Apucarana e Ponta Grossa<\/p>\n\n\n\n<p>Final da Travessa Morena e in\u00edcio da Rua das Sereia<\/p>\n\n\n\n<p><strong>Pontal do Paran\u00e1<\/strong><\/p>\n\n\n\n<p>Ipanema \u2013 Av. Dep Anibal Khury, no final da Av. S\u00e3o Lu\u00eds<\/p>\n\n\n\n<p>Shangri-l\u00e1 \u2013 Av. Dep. Anibal Khury, no final da Av. Edo Puhl<\/p>\n\n\n\n<p>Praia de Leste \u2013 Avenida Dep. Anibal Khury, no final da Rua Rio Grande do Norte<\/p>\n\n\n\n<p><strong>Ilha do Mel &#8211; at\u00e9 o dia 13 de fevereiro<\/strong><\/p>\n\n\n\n<p>Praia Nova Bras\u00edlia<\/p>\n\n\n\n<p>Praia Encantadas<\/p>\n\n\n\n<p><strong>ILHA DO MEL\u00a0<\/strong>\u2013<strong>\u00a0<\/strong>Al\u00e9m da parceria do Praia Acess\u00edvel, o\u00a0Estado tamb\u00e9m disponibiliza outro sistema de cadeiras anf\u00edbias na Ilha do Mel.\u00a0Os equipamentos s\u00e3o do Instituto \u00c1gua e Terra (IAT) e tamb\u00e9m atendem pessoas com defici\u00eancias e idosos.\u00a0S\u00e3o quatro cadeiras, que t\u00eam as rodas mais grossas que o normal, feitas com material pr\u00f3prio para o uso na praia. Duas delas ficam \u00e0 disposi\u00e7\u00e3o dos veranistas na praia de Encantadas e outras duas em Nova Bras\u00edlia. Podem utilizar as cadeiras todas as pessoas asseguradas pela\u00a0Lei Brasileira de Inclus\u00e3o da Pessoa com Defici\u00eancia. As reservas devem ser feitas antecipadamente pelo n\u00famero (41) 99554-0313.<\/p>\n\n\n\n<p>AEN\/PR<\/p>\n","protected":false},"excerpt":{"rendered":"<p>Em um m\u00eas de atendimentos no Litoral do Paran\u00e1, o programa Praia Acess\u00edvel j\u00e1 registrou 603 atendimentos nos pontos que disponibilizam as cadeiras anf\u00edbias. Esses equipamentos disponbilizados pelo Governo do Estado fazem a alegria de veranistas e moradores com defici\u00eancia ou mobilidade reduzida porque tornam poss\u00edvel um banho de mar ou passeios na areia. O [&hellip;]<\/p>\n","protected":false},"author":2,"featured_media":57681,"comment_status":"open","ping_status":"open","sticky":false,"template":"","format":"standard","meta":{"advanced_seo_description":"","jetpack_seo_html_title":"","jetpack_seo_noindex":false,"_jetpack_memberships_contains_paid_content":false,"footnotes":""},"categories":[91],"tags":[],"class_list":{"0":"post-57680","1":"post","2":"type-post","3":"status-publish","4":"format-standard","5":"has-post-thumbnail","7":"category-litoral"},"jetpack_featured_media_url":"https:\/\/www.paranapraia.com.br\/wp-content\/uploads\/2024\/01\/dalvina-scaled.jpg","jetpack_sharing_enabled":true,"_links":{"self":[{"href":"https:\/\/www.paranapraia.com.br\/index.php\/wp-json\/wp\/v2\/posts\/57680"}],"collection":[{"href":"https:\/\/www.paranapraia.com.br\/index.php\/wp-json\/wp\/v2\/posts"}],"about":[{"href":"https:\/\/www.paranapraia.com.br\/index.php\/wp-json\/wp\/v2\/types\/post"}],"author":[{"embeddable":true,"href":"https:\/\/www.paranapraia.com.br\/index.php\/wp-json\/wp\/v2\/users\/2"}],"replies":[{"embeddable":true,"href":"https:\/\/www.paranapraia.com.br\/index.php\/wp-json\/wp\/v2\/comments?post=57680"}],"version-history":[{"count":1,"href":"https:\/\/www.paranapraia.com.br\/index.php\/wp-json\/wp\/v2\/posts\/57680\/revisions"}],"predecessor-version":[{"id":57682,"href":"https:\/\/www.paranapraia.com.br\/index.php\/wp-json\/wp\/v2\/posts\/57680\/revisions\/57682"}],"wp:featuredmedia":[{"embeddable":true,"href":"https:\/\/www.paranapraia.com.br\/index.php\/wp-json\/wp\/v2\/media\/57681"}],"wp:attachment":[{"href":"https:\/\/www.paranapraia.com.br\/index.php\/wp-json\/wp\/v2\/media?parent=57680"}],"wp:term":[{"taxonomy":"category","embeddable":true,"href":"https:\/\/www.paranapraia.com.br\/index.php\/wp-json\/wp\/v2\/categories?post=57680"},{"taxonomy":"post_tag","embeddable":true,"href":"https:\/\/www.paranapraia.com.br\/index.php\/wp-json\/wp\/v2\/tags?post=57680"}],"curies":[{"name":"wp","href":"https:\/\/api.w.org\/{rel}","templated":true}]}}