{"id":57674,"date":"2024-01-29T11:51:28","date_gmt":"2024-01-29T14:51:28","guid":{"rendered":"https:\/\/www.paranapraia.com.br\/?p=57674"},"modified":"2024-01-29T11:51:30","modified_gmt":"2024-01-29T14:51:30","slug":"o-retorno-da-ave-guara-e-um-lembrete-de-resiliencia-e-renovacao-durante-a-pandemia","status":"publish","type":"post","link":"https:\/\/www.paranapraia.com.br\/index.php\/2024\/01\/29\/o-retorno-da-ave-guara-e-um-lembrete-de-resiliencia-e-renovacao-durante-a-pandemia\/","title":{"rendered":"O retorno da ave Guar\u00e1 \u00e9 um lembrete de resili\u00eancia e renova\u00e7\u00e3o durante a pandemia"},"content":{"rendered":"\n<p>Entre 2020 e 2021, essa esp\u00e9cie, antes considerada em extin\u00e7\u00e3o, ressurgiu, trazendo consigo a vibrante plumagem vermelha que a torna t\u00e3o \u00fanica. Sua jornada, da colora\u00e7\u00e3o cinzenta ao vermelho intenso atrav\u00e9s do leucismo e da dieta de caranguejos, \u00e9 um testemunho da incr\u00edvel diversidade da natureza.<\/p>\n\n\n\n<p>Ao preservar os manguezais e \u00e1reas costeiras, estamos protegendo n\u00e3o apenas a beleza visual, mas tamb\u00e9m o ciclo de vida dessa ave not\u00e1vel.<br>Juntos, cultivamos um futuro onde o vermelho intenso dos guar\u00e1s continua a pintar nossos c\u00e9us. ??<\/p>\n\n\n\n<p>Prefeitura de Matinhos <\/p>\n","protected":false},"excerpt":{"rendered":"<p>Entre 2020 e 2021, essa esp\u00e9cie, antes considerada em extin\u00e7\u00e3o, ressurgiu, trazendo consigo a vibrante plumagem vermelha que a torna t\u00e3o \u00fanica. Sua jornada, da colora\u00e7\u00e3o cinzenta ao vermelho intenso atrav\u00e9s do leucismo e da dieta de caranguejos, \u00e9 um testemunho da incr\u00edvel diversidade da natureza. Ao preservar os manguezais e \u00e1reas costeiras, estamos protegendo [&hellip;]<\/p>\n","protected":false},"author":2,"featured_media":57675,"comment_status":"open","ping_status":"open","sticky":false,"template":"","format":"standard","meta":{"advanced_seo_description":"","jetpack_seo_html_title":"","jetpack_seo_noindex":false,"_jetpack_memberships_contains_paid_content":false,"footnotes":""},"categories":[91],"tags":[],"class_list":{"0":"post-57674","1":"post","2":"type-post","3":"status-publish","4":"format-standard","5":"has-post-thumbnail","7":"category-litoral"},"jetpack_featured_media_url":"https:\/\/www.paranapraia.com.br\/wp-content\/uploads\/2024\/01\/FB_IMG_1706539806713-scaled.jpg","jetpack_sharing_enabled":true,"_links":{"self":[{"href":"https:\/\/www.paranapraia.com.br\/index.php\/wp-json\/wp\/v2\/posts\/57674"}],"collection":[{"href":"https:\/\/www.paranapraia.com.br\/index.php\/wp-json\/wp\/v2\/posts"}],"about":[{"href":"https:\/\/www.paranapraia.com.br\/index.php\/wp-json\/wp\/v2\/types\/post"}],"author":[{"embeddable":true,"href":"https:\/\/www.paranapraia.com.br\/index.php\/wp-json\/wp\/v2\/users\/2"}],"replies":[{"embeddable":true,"href":"https:\/\/www.paranapraia.com.br\/index.php\/wp-json\/wp\/v2\/comments?post=57674"}],"version-history":[{"count":1,"href":"https:\/\/www.paranapraia.com.br\/index.php\/wp-json\/wp\/v2\/posts\/57674\/revisions"}],"predecessor-version":[{"id":57676,"href":"https:\/\/www.paranapraia.com.br\/index.php\/wp-json\/wp\/v2\/posts\/57674\/revisions\/57676"}],"wp:featuredmedia":[{"embeddable":true,"href":"https:\/\/www.paranapraia.com.br\/index.php\/wp-json\/wp\/v2\/media\/57675"}],"wp:attachment":[{"href":"https:\/\/www.paranapraia.com.br\/index.php\/wp-json\/wp\/v2\/media?parent=57674"}],"wp:term":[{"taxonomy":"category","embeddable":true,"href":"https:\/\/www.paranapraia.com.br\/index.php\/wp-json\/wp\/v2\/categories?post=57674"},{"taxonomy":"post_tag","embeddable":true,"href":"https:\/\/www.paranapraia.com.br\/index.php\/wp-json\/wp\/v2\/tags?post=57674"}],"curies":[{"name":"wp","href":"https:\/\/api.w.org\/{rel}","templated":true}]}}