{"id":57668,"date":"2024-01-29T11:44:57","date_gmt":"2024-01-29T14:44:57","guid":{"rendered":"https:\/\/www.paranapraia.com.br\/?p=57668"},"modified":"2024-01-29T11:44:59","modified_gmt":"2024-01-29T14:44:59","slug":"a-festa-do-sesc-triathlon-caioba-sera-realizada-no-dia-3-de-marco","status":"publish","type":"post","link":"https:\/\/www.paranapraia.com.br\/index.php\/2024\/01\/29\/a-festa-do-sesc-triathlon-caioba-sera-realizada-no-dia-3-de-marco\/","title":{"rendered":"A festa do Sesc Triathlon\/Caiob\u00e1 ser\u00e1 realizada no dia 3 de mar\u00e7o"},"content":{"rendered":"\n<p>O Sesc Paran\u00e1 tem se dedicado desde o in\u00edcio do ano na prepara\u00e7\u00e3o da principal prova de Triathlon do estado, que j\u00e1 se tornou uma das mais charmosas e tradicionais do pa\u00eds, mantendo sempre um padr\u00e3o de organiza\u00e7\u00e3o impec\u00e1vel.<\/p>\n\n\n\n<p>Neste ano, a prova est\u00e1 agendada para o dia 3 de mar\u00e7o, prometendo trazer uma nova e significativa movimenta\u00e7\u00e3o em Matinhos ap\u00f3s o encerramento da temporada de ver\u00e3o. Isso se deve \u00e0 participa\u00e7\u00e3o de aproximadamente 1.500 atletas inscritos, juntamente com suas fam\u00edlias, proporcionando um novo impulso ao com\u00e9rcio local.<\/p>\n\n\n\n<p>Na manh\u00e3 de hoje, a organiza\u00e7\u00e3o da prova realizou uma reuni\u00e3o no Sesc Caiob\u00e1, reunindo os principais envolvidos na realiza\u00e7\u00e3o do evento, que faz parte da tradi\u00e7\u00e3o da nossa cidade desde 1989.<\/p>\n\n\n\n<p>Estiveram presentes representantes da entidade, Prefeitura de Matinhos, Pol\u00edcia Militar e Rodovi\u00e1ria, Guarda Municipal, Corpo de Bombeiros e Governo do Estado.<\/p>\n\n\n\n<p>Departamento de Comunica\u00e7\u00e3o<br>Prefeitura de Matinhos<\/p>\n\n\n\n<p>Foto: Divulga\u00e7\u00e3o<\/p>\n\n\n\n<p>Acesse o nosso portal: https:\/\/matinhos.atende.net\/cidadao\/noticia\/a-festa-do-sesc-triathloncaioba-sera-realizada-no-dia-3-de-marco<\/p>\n\n\n\n<h1 class=\"wp-block-heading\"><\/h1>\n","protected":false},"excerpt":{"rendered":"<p>O Sesc Paran\u00e1 tem se dedicado desde o in\u00edcio do ano na prepara\u00e7\u00e3o da principal prova de Triathlon do estado, que j\u00e1 se tornou uma das mais charmosas e tradicionais do pa\u00eds, mantendo sempre um padr\u00e3o de organiza\u00e7\u00e3o impec\u00e1vel. Neste ano, a prova est\u00e1 agendada para o dia 3 de mar\u00e7o, prometendo trazer uma nova [&hellip;]<\/p>\n","protected":false},"author":2,"featured_media":57669,"comment_status":"open","ping_status":"open","sticky":false,"template":"","format":"standard","meta":{"advanced_seo_description":"","jetpack_seo_html_title":"","jetpack_seo_noindex":false,"_jetpack_memberships_contains_paid_content":false,"footnotes":""},"categories":[88],"tags":[],"class_list":{"0":"post-57668","1":"post","2":"type-post","3":"status-publish","4":"format-standard","5":"has-post-thumbnail","7":"category-matinhos"},"jetpack_featured_media_url":"https:\/\/www.paranapraia.com.br\/wp-content\/uploads\/2024\/01\/FB_IMG_1706539414531-scaled.jpg","jetpack_sharing_enabled":true,"_links":{"self":[{"href":"https:\/\/www.paranapraia.com.br\/index.php\/wp-json\/wp\/v2\/posts\/57668"}],"collection":[{"href":"https:\/\/www.paranapraia.com.br\/index.php\/wp-json\/wp\/v2\/posts"}],"about":[{"href":"https:\/\/www.paranapraia.com.br\/index.php\/wp-json\/wp\/v2\/types\/post"}],"author":[{"embeddable":true,"href":"https:\/\/www.paranapraia.com.br\/index.php\/wp-json\/wp\/v2\/users\/2"}],"replies":[{"embeddable":true,"href":"https:\/\/www.paranapraia.com.br\/index.php\/wp-json\/wp\/v2\/comments?post=57668"}],"version-history":[{"count":1,"href":"https:\/\/www.paranapraia.com.br\/index.php\/wp-json\/wp\/v2\/posts\/57668\/revisions"}],"predecessor-version":[{"id":57670,"href":"https:\/\/www.paranapraia.com.br\/index.php\/wp-json\/wp\/v2\/posts\/57668\/revisions\/57670"}],"wp:featuredmedia":[{"embeddable":true,"href":"https:\/\/www.paranapraia.com.br\/index.php\/wp-json\/wp\/v2\/media\/57669"}],"wp:attachment":[{"href":"https:\/\/www.paranapraia.com.br\/index.php\/wp-json\/wp\/v2\/media?parent=57668"}],"wp:term":[{"taxonomy":"category","embeddable":true,"href":"https:\/\/www.paranapraia.com.br\/index.php\/wp-json\/wp\/v2\/categories?post=57668"},{"taxonomy":"post_tag","embeddable":true,"href":"https:\/\/www.paranapraia.com.br\/index.php\/wp-json\/wp\/v2\/tags?post=57668"}],"curies":[{"name":"wp","href":"https:\/\/api.w.org\/{rel}","templated":true}]}}