{"id":57634,"date":"2024-01-27T19:03:46","date_gmt":"2024-01-27T22:03:46","guid":{"rendered":"https:\/\/www.paranapraia.com.br\/?p=57634"},"modified":"2024-01-27T19:03:48","modified_gmt":"2024-01-27T22:03:48","slug":"mais-de-300-profissionais-trabalham-na-conscientizacao-contra-a-dengue-no-litoral","status":"publish","type":"post","link":"https:\/\/www.paranapraia.com.br\/index.php\/2024\/01\/27\/mais-de-300-profissionais-trabalham-na-conscientizacao-contra-a-dengue-no-litoral\/","title":{"rendered":"Mais de 300 profissionais trabalham na conscientiza\u00e7\u00e3o contra a dengue no Litoral"},"content":{"rendered":"\n<p>Sob orienta\u00e7\u00e3o da Secretaria de Estado da Sa\u00fade, profissionais contratados pelo Governo do Paran\u00e1 para trabalhar na temporada de ver\u00e3o no Litoral realizaram, na manh\u00e3 deste s\u00e1bado (27), a\u00e7\u00f5es de conscientiza\u00e7\u00e3o e combate a dengue, em Matinhos, Pontal do Paran\u00e1 e Guaratuba. Cerca de 300 pessoas estiveram envolvidas na atividade.<\/p>\n\n\n\n<p>Agentes da Secretaria de Estado da Sa\u00fade (Sesa) treinaram esses profissionais, que foram a campo para levar informa\u00e7\u00e3o sobre preven\u00e7\u00e3o da dengue e de outras doen\u00e7as propagadas pelas enchentes, como leptospirose e diarreia. Mais de 80 pessoas se deslocaram at\u00e9 bairros dos tr\u00eas munic\u00edpios, e em torno de 220 ficaram nos postos montados nas praias, distribuindo materiais educativos e informando as pessoas.<\/p>\n\n\n\n<p>O foco \u00e9 a elimina\u00e7\u00e3o de poss\u00edveis criadouros do mosquito Aedes aegypti em locais onde h\u00e1 \u00e1gua e lixo acumulados.<\/p>\n\n\n\n<p>\u201cRealizamos busca ativa, visando apoiar a popula\u00e7\u00e3o afetada pelas enchentes no Litoral. Levamos informa\u00e7\u00e3o sobre os cuidados em rela\u00e7\u00e3o \u00e0 dengue e orientamos sobre a necessidade de remover os criadouros do mosquito transmissor da doen\u00e7a\u201d, explicou Carmen Cristina Moura dos Santos, diretora da 1\u00aa Regional de Sa\u00fade da Sesa.<\/p>\n\n\n\n<p><strong>CONSCIENTIZA\u00c7\u00c3O<\/strong>&nbsp;&#8211; Diva Kosti, 70 anos, mora no bairro Rio da On\u00e7a em Matinhos h\u00e1 10 anos, um dos mais afetados pelas chuvas. Ela sabe a import\u00e2ncia de manter os locais limpos e secos, sem \u00e1gua parada que possa ajudar na prolifera\u00e7\u00e3o da dengue.<\/p>\n\n\n\n<p>\u201cN\u00e3o podemos manter \u00e1gua parada e nem os lugares sujos, s\u00f3 assim vamos acabar com essa doen\u00e7a. A gente v\u00ea tanta \u00e1gua e lixo acumulados que fico horrorizada. O povo precisa entender as orienta\u00e7\u00f5es e segui-las ou ent\u00e3o n\u00e3o adianta nada. \u00c9 muito melhor a preven\u00e7\u00e3o do que pegar uma doen\u00e7a\u201d, disse Kosti.<\/p>\n\n\n\n<p>V\u00e2nia Gon\u00e7alves da Silva de Oliveira, 59 anos, \u00e9 de Curitiba, mas mant\u00e9m casa no Litoral. Ela recebeu os agentes de sa\u00fade e recebeu orienta\u00e7\u00f5es para n\u00e3o deixar piscina aberta, pratinhos de plantas expostas ao tempo ou potes que possam acumular \u00e1gua.<\/p>\n\n\n\n<p>\u201cEu sempre deixo tudo bem limpinho antes de voltar para Curitiba. Da \u00faltima vez que estive aqui na casa deixei uma piscina de pl\u00e1stico descoberta e me arrependi. Agora aprendi e j\u00e1 vou recolher. Nada de \u00e1gua parada\u201d, refor\u00e7ou.<\/p>\n\n\n\n<p><strong>ESTRUTURA<\/strong>&nbsp;\u2013 A a\u00e7\u00e3o de conscientiza\u00e7\u00e3o \u00e9 resultado da decis\u00e3o do Governo de colocar toda a estrutura do Ver\u00e3o Maior Paran\u00e1 \u00e0 servi\u00e7o do atendimento \u00e0 popula\u00e7\u00e3o atingida pelas fortes chuvas que ca\u00edram no Litoral ao longo da \u00faltima semana. S\u00e3o cerca de 400 profissionais contratados pela Secretaria de Estado do Esporte \u00e0 disposi\u00e7\u00e3o da Defesa Civil, do Corpo de Bombeiros, das secretarias estaduais e dos munic\u00edpios para auxiliar no que for preciso.<\/p>\n\n\n\n<p>Os profissionais tamb\u00e9m v\u00e3o ajudar na distribui\u00e7\u00e3o de lonas, telhas e kits de limpeza. Para amenizar a situa\u00e7\u00e3o das fam\u00edlias atingidas, a Defesa Civil do Estado est\u00e1 atuando em parceria com os munic\u00edpios e j\u00e1 enviou caminh\u00f5es com ajuda humanit\u00e1ria, contendo colch\u00f5es, cestas b\u00e1sicas e kits dormit\u00f3rio, higiene e limpeza a Guaratuba, Matinhos e Pontal do Paran\u00e1.<\/p>\n\n\n\n<p>Os temporais fizeram com que as atividades do Ver\u00e3o Maior fossem suspensas temporariamente. Com o avan\u00e7o dos trabalhos de limpeza, preven\u00e7\u00e3o e o atendimento das fam\u00edlias afetadas, e com a mudan\u00e7a prevista nas condi\u00e7\u00f5es do tempo, a previs\u00e3o \u00e9 que as atividades esportivas e culturais do Ver\u00e3o Maior retornem na pr\u00f3xima ter\u00e7a-feira (30).<\/p>\n\n\n\n<p>AEN\/PR<\/p>\n","protected":false},"excerpt":{"rendered":"<p>Sob orienta\u00e7\u00e3o da Secretaria de Estado da Sa\u00fade, profissionais contratados pelo Governo do Paran\u00e1 para trabalhar na temporada de ver\u00e3o no Litoral realizaram, na manh\u00e3 deste s\u00e1bado (27), a\u00e7\u00f5es de conscientiza\u00e7\u00e3o e combate a dengue, em Matinhos, Pontal do Paran\u00e1 e Guaratuba. Cerca de 300 pessoas estiveram envolvidas na atividade. Agentes da Secretaria de Estado [&hellip;]<\/p>\n","protected":false},"author":2,"featured_media":57635,"comment_status":"open","ping_status":"open","sticky":false,"template":"","format":"standard","meta":{"advanced_seo_description":"","jetpack_seo_html_title":"","jetpack_seo_noindex":false,"_jetpack_memberships_contains_paid_content":false,"footnotes":""},"categories":[50],"tags":[],"class_list":{"0":"post-57634","1":"post","2":"type-post","3":"status-publish","4":"format-standard","5":"has-post-thumbnail","7":"category-saude"},"jetpack_featured_media_url":"https:\/\/www.paranapraia.com.br\/wp-content\/uploads\/2024\/01\/acao_dengue_foto_rdziura-5344-scaled.jpg","jetpack_sharing_enabled":true,"_links":{"self":[{"href":"https:\/\/www.paranapraia.com.br\/index.php\/wp-json\/wp\/v2\/posts\/57634"}],"collection":[{"href":"https:\/\/www.paranapraia.com.br\/index.php\/wp-json\/wp\/v2\/posts"}],"about":[{"href":"https:\/\/www.paranapraia.com.br\/index.php\/wp-json\/wp\/v2\/types\/post"}],"author":[{"embeddable":true,"href":"https:\/\/www.paranapraia.com.br\/index.php\/wp-json\/wp\/v2\/users\/2"}],"replies":[{"embeddable":true,"href":"https:\/\/www.paranapraia.com.br\/index.php\/wp-json\/wp\/v2\/comments?post=57634"}],"version-history":[{"count":1,"href":"https:\/\/www.paranapraia.com.br\/index.php\/wp-json\/wp\/v2\/posts\/57634\/revisions"}],"predecessor-version":[{"id":57636,"href":"https:\/\/www.paranapraia.com.br\/index.php\/wp-json\/wp\/v2\/posts\/57634\/revisions\/57636"}],"wp:featuredmedia":[{"embeddable":true,"href":"https:\/\/www.paranapraia.com.br\/index.php\/wp-json\/wp\/v2\/media\/57635"}],"wp:attachment":[{"href":"https:\/\/www.paranapraia.com.br\/index.php\/wp-json\/wp\/v2\/media?parent=57634"}],"wp:term":[{"taxonomy":"category","embeddable":true,"href":"https:\/\/www.paranapraia.com.br\/index.php\/wp-json\/wp\/v2\/categories?post=57634"},{"taxonomy":"post_tag","embeddable":true,"href":"https:\/\/www.paranapraia.com.br\/index.php\/wp-json\/wp\/v2\/tags?post=57634"}],"curies":[{"name":"wp","href":"https:\/\/api.w.org\/{rel}","templated":true}]}}