{"id":57631,"date":"2024-01-27T19:00:53","date_gmt":"2024-01-27T22:00:53","guid":{"rendered":"https:\/\/www.paranapraia.com.br\/?p=57631"},"modified":"2024-01-27T19:00:55","modified_gmt":"2024-01-27T22:00:55","slug":"perda-de-placa-de-veiculo-em-alagamento-deve-ser-registrada-na-policia-civil","status":"publish","type":"post","link":"https:\/\/www.paranapraia.com.br\/index.php\/2024\/01\/27\/perda-de-placa-de-veiculo-em-alagamento-deve-ser-registrada-na-policia-civil\/","title":{"rendered":"Perda de placa de ve\u00edculo em alagamento deve ser registrada na Pol\u00edcia Civil"},"content":{"rendered":"\n<p>A Pol\u00edcia Civil do Paran\u00e1 (PCPR) orienta a quem perdeu ou extraviou a placa do ve\u00edculo que registre boletim de ocorr\u00eancia pela internet, caso isso tenha ocorrido dentro dos limites do estado. Durante essa \u00e9poca do ano, com chuvas intensas e alagamentos, aumenta a possibilidade deste tipo de ocorr\u00eancia.<\/p>\n\n\n\n<p>Ao notar a aus\u00eancia da placa, \u00e9 importante que o propriet\u00e1rio registre a ocorr\u00eancia, desta forma evita problemas com a apropria\u00e7\u00e3o e uso indevido por terceiros. De acordo com o delegado e coordenador do Ver\u00e3o Maior Paran\u00e1 pela PCPR, F\u00e1bio Amaro, com o registro boletim de ocorr\u00eancias, em caso de localiza\u00e7\u00e3o da placa seja poss\u00edvel realizar a restitui\u00e7\u00e3o.<\/p>\n\n\n\n<p>\u201c\u00c9 importante que a pessoa registre boletim de ocorr\u00eancia de extravio de placa. At\u00e9 para que a gente possa, caso a popula\u00e7\u00e3o nos leve os objetos, restituir a placa para que ent\u00e3o os ofendidos n\u00e3o tenham aquele dificultador de ir ao despachante para refazer a placa\u201d, diz Amaro.<\/p>\n\n\n\n<p>O morador de Guaratuba, Darci Silva Le\u00e3o, perdeu a placa de seu autom\u00f3vel durante um alagamento no Litoral. \u201cPerdemos a placa durante um alagamento em Guaratuba e quando percebemos a falta dela fomos a delegacia fazer um boletim e a placa estava l\u00e1. Isso nos poupou o transtorno enorme de ter que confeccionar outra placa\u201d, conta Silva.<\/p>\n\n\n\n<p>O delegado orienta que caso seja localizada uma placa perdida, ela seja entregue em uma das delegacias. \u201cH\u00e1 um local espec\u00edfico em que essas placas de identifica\u00e7\u00e3o dos ve\u00edculos s\u00e3o acondicionadas. Caso haja necessidade, vamos entrar em contato com os condutores dos autom\u00f3veis atrav\u00e9s de uma checagem nos nossos sistemas e eventualmente, se o telefone estiver atualizado, a gente faz a devolu\u00e7\u00e3o e a restitui\u00e7\u00e3o do objeto\u201d.<\/p>\n\n\n\n<p>COMO REGISTRAR &#8211; O registro online \u00e9 r\u00e1pido e evita deslocamentos desnecess\u00e1rios. Basta acessar o site da PCPR, em www.policiacivil.pr.gov.br\/BO. H\u00e1 uma op\u00e7\u00e3o espec\u00edfica para o registro de extravio, perda ou furto de placas veiculares.<\/p>\n\n\n\n<p>O cidad\u00e3o que n\u00e3o tiver acesso \u00e0 internet ou deseje atendimento presencial pode fazer seu boletim de ocorr\u00eancia em qualquer delegacia da PCPR em todo o Paran\u00e1.<\/p>\n\n\n\n<p>NOVO EMPLACAMENTO \u2013 No caso de perda ou extravio, o Detran orienta que as placas padr\u00e3o Mercosul podem ser solicitadas direto numa estampadora, com o documento do ve\u00edculo e o boletim de ocorr\u00eancia. O endere\u00e7o dos estabelecimentos pode ser consultado no site do Detran. Se for uma placa antiga anterior ao padr\u00e3o Mercosul, ele precisa comparecer ao Detran, para emiss\u00e3o de um novo documento e trocar para o padr\u00e3o Mercosul.<\/p>\n\n\n\n<p>Se a placa for recuperada, caso seja padr\u00e3o Mercosul ele poder\u00e1 coloc\u00e1-la por conta pr\u00f3pria.<\/p>\n\n\n\n<p>AEN\/PR<\/p>\n","protected":false},"excerpt":{"rendered":"<p>A Pol\u00edcia Civil do Paran\u00e1 (PCPR) orienta a quem perdeu ou extraviou a placa do ve\u00edculo que registre boletim de ocorr\u00eancia pela internet, caso isso tenha ocorrido dentro dos limites do estado. Durante essa \u00e9poca do ano, com chuvas intensas e alagamentos, aumenta a possibilidade deste tipo de ocorr\u00eancia. Ao notar a aus\u00eancia da placa, [&hellip;]<\/p>\n","protected":false},"author":2,"featured_media":57632,"comment_status":"open","ping_status":"open","sticky":false,"template":"","format":"standard","meta":{"advanced_seo_description":"","jetpack_seo_html_title":"","jetpack_seo_noindex":false,"_jetpack_memberships_contains_paid_content":false,"footnotes":""},"categories":[42,33],"tags":[],"class_list":{"0":"post-57631","1":"post","2":"type-post","3":"status-publish","4":"format-standard","5":"has-post-thumbnail","7":"category-cidades","8":"category-policia"},"jetpack_featured_media_url":"https:\/\/www.paranapraia.com.br\/wp-content\/uploads\/2024\/01\/raphaela_dybas.jpg","jetpack_sharing_enabled":true,"_links":{"self":[{"href":"https:\/\/www.paranapraia.com.br\/index.php\/wp-json\/wp\/v2\/posts\/57631"}],"collection":[{"href":"https:\/\/www.paranapraia.com.br\/index.php\/wp-json\/wp\/v2\/posts"}],"about":[{"href":"https:\/\/www.paranapraia.com.br\/index.php\/wp-json\/wp\/v2\/types\/post"}],"author":[{"embeddable":true,"href":"https:\/\/www.paranapraia.com.br\/index.php\/wp-json\/wp\/v2\/users\/2"}],"replies":[{"embeddable":true,"href":"https:\/\/www.paranapraia.com.br\/index.php\/wp-json\/wp\/v2\/comments?post=57631"}],"version-history":[{"count":1,"href":"https:\/\/www.paranapraia.com.br\/index.php\/wp-json\/wp\/v2\/posts\/57631\/revisions"}],"predecessor-version":[{"id":57633,"href":"https:\/\/www.paranapraia.com.br\/index.php\/wp-json\/wp\/v2\/posts\/57631\/revisions\/57633"}],"wp:featuredmedia":[{"embeddable":true,"href":"https:\/\/www.paranapraia.com.br\/index.php\/wp-json\/wp\/v2\/media\/57632"}],"wp:attachment":[{"href":"https:\/\/www.paranapraia.com.br\/index.php\/wp-json\/wp\/v2\/media?parent=57631"}],"wp:term":[{"taxonomy":"category","embeddable":true,"href":"https:\/\/www.paranapraia.com.br\/index.php\/wp-json\/wp\/v2\/categories?post=57631"},{"taxonomy":"post_tag","embeddable":true,"href":"https:\/\/www.paranapraia.com.br\/index.php\/wp-json\/wp\/v2\/tags?post=57631"}],"curies":[{"name":"wp","href":"https:\/\/api.w.org\/{rel}","templated":true}]}}