{"id":57619,"date":"2024-01-26T16:02:01","date_gmt":"2024-01-26T19:02:01","guid":{"rendered":"https:\/\/www.paranapraia.com.br\/?p=57619"},"modified":"2024-01-26T16:02:13","modified_gmt":"2024-01-26T19:02:13","slug":"apos-chuvas-intensas-iat-alerta-sobre-riscos-da-trilha-do-parque-estadual-pico-parana","status":"publish","type":"post","link":"https:\/\/www.paranapraia.com.br\/index.php\/2024\/01\/26\/apos-chuvas-intensas-iat-alerta-sobre-riscos-da-trilha-do-parque-estadual-pico-parana\/","title":{"rendered":"Ap\u00f3s chuvas intensas, IAT alerta sobre riscos da trilha do Parque Estadual Pico Paran\u00e1"},"content":{"rendered":"\n<p>A partir deste s\u00e1bado (27), os visitantes do Parque Estadual Pico Paran\u00e1, localizado entre Antonina e Campina Grande do Sul, no Litoral, dever\u00e3o assinar um&nbsp;<a href=\"https:\/\/www.aen.pr.gov.br\/sites\/default\/arquivos_restritos\/files\/documento\/2024-01\/termo_de_conhecimento_de_riscos_pico_parana.pdf\" target=\"_blank\" rel=\"noreferrer noopener\">termo de conhecimento de risco<\/a>&nbsp;antes de percorrer a Trilha de Acesso ao Pico Paran\u00e1, de 10 quil\u00f4metros. Houve o deslizamento de uma rocha no local, causando estragos na trilha.&nbsp;Al\u00e9m disso, as chuvas fortes que assolaram a regi\u00e3o nas \u00faltimas semanas tamb\u00e9m tornaram o trajeto mais perigoso.<\/p>\n\n\n\n<p>A medida educativa adotada pelo Instituto \u00c1gua e Terra (IAT) alerta os frequentadores sobre os poss\u00edveis riscos na execu\u00e7\u00e3o da atividade, desaconselhando a pr\u00e1tica nesse momento. O documento tamb\u00e9m indica que \u00e9 proibido utilizar atalhos e\/ou \u00e1reas interditadas, levar animais dom\u00e9sticos, consumir bebida alco\u00f3lica, jogar lixo no interior da unidade de conserva\u00e7\u00e3o e nos locais de acampamento, utilizar ve\u00edculos automotores nas trilhas, e ca\u00e7ar, capturar, molestar ou perseguir animais silvestres, bem como aliment\u00e1-los.<\/p>\n\n\n\n<p>&#8220;Por conta do deslizamento e do tempo incerto, aconselhamos que os visitantes optem neste momento por outras trilhas como a do Pico Caratuva (5 quil\u00f4metros aproximados) ou do Pico do Itapiroca (5,5 quil\u00f4metros)&#8221;, afirma a chefe da Unidade de Conserva\u00e7\u00e3o do IAT, Marina Rampim.<\/p>\n\n\n\n<p>Ap\u00f3s a estabiliza\u00e7\u00e3o do clima, a administra\u00e7\u00e3o da unidade prev\u00ea a realiza\u00e7\u00e3o de incurs\u00f5es para a elabora\u00e7\u00e3o de uma an\u00e1lise de risco da regi\u00e3o afetada, e assim definir quais ser\u00e3o as novas medidas e orienta\u00e7\u00f5es aos visitantes. A atividade ser\u00e1 realizada com o acompanhamento de dois ge\u00f3logos.<\/p>\n\n\n\n<p>AEN\/PR<\/p>\n","protected":false},"excerpt":{"rendered":"<p>A partir deste s\u00e1bado (27), os visitantes do Parque Estadual Pico Paran\u00e1, localizado entre Antonina e Campina Grande do Sul, no Litoral, dever\u00e3o assinar um&nbsp;termo de conhecimento de risco&nbsp;antes de percorrer a Trilha de Acesso ao Pico Paran\u00e1, de 10 quil\u00f4metros. Houve o deslizamento de uma rocha no local, causando estragos na trilha.&nbsp;Al\u00e9m disso, as [&hellip;]<\/p>\n","protected":false},"author":2,"featured_media":57620,"comment_status":"open","ping_status":"open","sticky":false,"template":"","format":"standard","meta":{"advanced_seo_description":"","jetpack_seo_html_title":"","jetpack_seo_noindex":false,"_jetpack_memberships_contains_paid_content":false,"footnotes":""},"categories":[85],"tags":[],"class_list":{"0":"post-57619","1":"post","2":"type-post","3":"status-publish","4":"format-standard","5":"has-post-thumbnail","7":"category-natureza"},"jetpack_featured_media_url":"https:\/\/www.paranapraia.com.br\/wp-content\/uploads\/2024\/01\/img_pe_p_parana_01_0.jpg","jetpack_sharing_enabled":true,"_links":{"self":[{"href":"https:\/\/www.paranapraia.com.br\/index.php\/wp-json\/wp\/v2\/posts\/57619"}],"collection":[{"href":"https:\/\/www.paranapraia.com.br\/index.php\/wp-json\/wp\/v2\/posts"}],"about":[{"href":"https:\/\/www.paranapraia.com.br\/index.php\/wp-json\/wp\/v2\/types\/post"}],"author":[{"embeddable":true,"href":"https:\/\/www.paranapraia.com.br\/index.php\/wp-json\/wp\/v2\/users\/2"}],"replies":[{"embeddable":true,"href":"https:\/\/www.paranapraia.com.br\/index.php\/wp-json\/wp\/v2\/comments?post=57619"}],"version-history":[{"count":1,"href":"https:\/\/www.paranapraia.com.br\/index.php\/wp-json\/wp\/v2\/posts\/57619\/revisions"}],"predecessor-version":[{"id":57621,"href":"https:\/\/www.paranapraia.com.br\/index.php\/wp-json\/wp\/v2\/posts\/57619\/revisions\/57621"}],"wp:featuredmedia":[{"embeddable":true,"href":"https:\/\/www.paranapraia.com.br\/index.php\/wp-json\/wp\/v2\/media\/57620"}],"wp:attachment":[{"href":"https:\/\/www.paranapraia.com.br\/index.php\/wp-json\/wp\/v2\/media?parent=57619"}],"wp:term":[{"taxonomy":"category","embeddable":true,"href":"https:\/\/www.paranapraia.com.br\/index.php\/wp-json\/wp\/v2\/categories?post=57619"},{"taxonomy":"post_tag","embeddable":true,"href":"https:\/\/www.paranapraia.com.br\/index.php\/wp-json\/wp\/v2\/tags?post=57619"}],"curies":[{"name":"wp","href":"https:\/\/api.w.org\/{rel}","templated":true}]}}