{"id":57613,"date":"2024-01-26T14:07:41","date_gmt":"2024-01-26T17:07:41","guid":{"rendered":"https:\/\/www.paranapraia.com.br\/?p=57613"},"modified":"2024-01-26T14:07:43","modified_gmt":"2024-01-26T17:07:43","slug":"secretaria-do-bem-estar-recebe-4-toneladas-de-alimentos-do-cafe-curacao","status":"publish","type":"post","link":"https:\/\/www.paranapraia.com.br\/index.php\/2024\/01\/26\/secretaria-do-bem-estar-recebe-4-toneladas-de-alimentos-do-cafe-curacao\/","title":{"rendered":"Secretaria do Bem Estar recebe 4 toneladas de alimentos do Caf\u00e9 Cura\u00e7ao"},"content":{"rendered":"\n<p>Na quarta-feira (24) a secret\u00e1ria Municipal do Bem Estar e da Promo\u00e7\u00e3o Social Maricel Auer, acompanhada da secret\u00e1ria Municipal da Cultura e do Turismo Adriana Fontes, receberam aproximadamente 4 toneladas que ser\u00e3o destinadas as fam\u00edlias que foram atingidas pelo grande volume de chuvas que iniciou na semana passada.<br>Os alimentos foram arrecadados atrav\u00e9s da meia entrada solid\u00e1ria (ingresso de meia entrada + 1kg de alimento n\u00e3o perec\u00edvel) dos shows realizados pela empresa.<br>A equipe da Secretaria do Bem Estar ir\u00e1 realizar o cadastro das fam\u00edlias e a montagem das cestas b\u00e1sicas. As fam\u00edlias que est\u00e3o alojadas na Igreja S\u00e3o Francisco ser\u00e3o atendidas com prioridade e em seguida ser\u00e3o atendidas as demais pessoas cadastradas nos Centros de Refer\u00eancia em Assist\u00eancia Social CRAS II que atende os bairros Pi\u00e7arras e Mirim e CRAS I Novos Horizontes que atende os demais bairros.<\/p>\n\n\n\n<p>Mais informa\u00e7\u00f5es<br>Endere\u00e7os:<br>CRAS I Novos Horizontes: Rua Jos\u00e9 Nicolau Abagge n\u00b01330.<br>CRAS II: Avenida Dami\u00e3o Botelho de Souza, 2010 &#8211; Pi\u00e7arras<\/p>\n\n\n\n<p>Prefeitura de Guaratuba <\/p>\n","protected":false},"excerpt":{"rendered":"<p>Na quarta-feira (24) a secret\u00e1ria Municipal do Bem Estar e da Promo\u00e7\u00e3o Social Maricel Auer, acompanhada da secret\u00e1ria Municipal da Cultura e do Turismo Adriana Fontes, receberam aproximadamente 4 toneladas que ser\u00e3o destinadas as fam\u00edlias que foram atingidas pelo grande volume de chuvas que iniciou na semana passada.Os alimentos foram arrecadados atrav\u00e9s da meia entrada [&hellip;]<\/p>\n","protected":false},"author":2,"featured_media":57614,"comment_status":"open","ping_status":"open","sticky":false,"template":"","format":"standard","meta":{"advanced_seo_description":"","jetpack_seo_html_title":"","jetpack_seo_noindex":false,"_jetpack_memberships_contains_paid_content":false,"footnotes":""},"categories":[99],"tags":[],"class_list":{"0":"post-57613","1":"post","2":"type-post","3":"status-publish","4":"format-standard","5":"has-post-thumbnail","7":"category-guaratuba"},"jetpack_featured_media_url":"https:\/\/www.paranapraia.com.br\/wp-content\/uploads\/2024\/01\/FB_IMG_1706288802664-scaled.jpg","jetpack_sharing_enabled":true,"_links":{"self":[{"href":"https:\/\/www.paranapraia.com.br\/index.php\/wp-json\/wp\/v2\/posts\/57613"}],"collection":[{"href":"https:\/\/www.paranapraia.com.br\/index.php\/wp-json\/wp\/v2\/posts"}],"about":[{"href":"https:\/\/www.paranapraia.com.br\/index.php\/wp-json\/wp\/v2\/types\/post"}],"author":[{"embeddable":true,"href":"https:\/\/www.paranapraia.com.br\/index.php\/wp-json\/wp\/v2\/users\/2"}],"replies":[{"embeddable":true,"href":"https:\/\/www.paranapraia.com.br\/index.php\/wp-json\/wp\/v2\/comments?post=57613"}],"version-history":[{"count":1,"href":"https:\/\/www.paranapraia.com.br\/index.php\/wp-json\/wp\/v2\/posts\/57613\/revisions"}],"predecessor-version":[{"id":57615,"href":"https:\/\/www.paranapraia.com.br\/index.php\/wp-json\/wp\/v2\/posts\/57613\/revisions\/57615"}],"wp:featuredmedia":[{"embeddable":true,"href":"https:\/\/www.paranapraia.com.br\/index.php\/wp-json\/wp\/v2\/media\/57614"}],"wp:attachment":[{"href":"https:\/\/www.paranapraia.com.br\/index.php\/wp-json\/wp\/v2\/media?parent=57613"}],"wp:term":[{"taxonomy":"category","embeddable":true,"href":"https:\/\/www.paranapraia.com.br\/index.php\/wp-json\/wp\/v2\/categories?post=57613"},{"taxonomy":"post_tag","embeddable":true,"href":"https:\/\/www.paranapraia.com.br\/index.php\/wp-json\/wp\/v2\/tags?post=57613"}],"curies":[{"name":"wp","href":"https:\/\/api.w.org\/{rel}","templated":true}]}}