{"id":57601,"date":"2024-01-26T13:22:38","date_gmt":"2024-01-26T16:22:38","guid":{"rendered":"https:\/\/www.paranapraia.com.br\/?p=57601"},"modified":"2024-01-26T13:22:41","modified_gmt":"2024-01-26T16:22:41","slug":"profissionais-contratados-para-o-verao-maior-parana-vao-auxiliar-populacao-afetada-pelas-chuvas","status":"publish","type":"post","link":"https:\/\/www.paranapraia.com.br\/index.php\/2024\/01\/26\/profissionais-contratados-para-o-verao-maior-parana-vao-auxiliar-populacao-afetada-pelas-chuvas\/","title":{"rendered":"Profissionais contratados para o Ver\u00e3o Maior Paran\u00e1 v\u00e3o auxiliar popula\u00e7\u00e3o afetada pelas chuvas"},"content":{"rendered":"\n<p>Com as fortes chuvas que atingiram o Litoral ao longo desta semana, a estrutura do Ver\u00e3o Maior Paran\u00e1 agora se volta para o atendimento da popula\u00e7\u00e3o atingida. Os cerca de 400 profissionais contratados pela Secretaria de Estado do Esporte para trabalhar na temporada v\u00e3o ficar \u00e0 disposi\u00e7\u00e3o da Defesa Civil, do Corpo de Bombeiros, das secretarias estaduais e dos munic\u00edpios para auxiliar no que for preciso.&nbsp;<\/p>\n\n\n\n<p>A a\u00e7\u00e3o foi definida nesta sexta-feira (26) em uma reuni\u00e3o de alinhamento entre os \u00f3rg\u00e3os estaduais e os prefeitos do Litoral. Os profissionais v\u00e3o ajudar, por exemplo, na distribui\u00e7\u00e3o de lonas, telhas e kits de limpeza pela Defesa Civil e Corpo de Bombeiros. Eles tamb\u00e9m estar\u00e3o \u00e0 disposi\u00e7\u00e3o dos agentes da Secretaria da Sa\u00fade, que v\u00e3o focar na preven\u00e7\u00e3o de doen\u00e7as que podem ser causadas pelas enchentes, como leptospirose e diarreia.&nbsp;<\/p>\n\n\n\n<p>Os temporais fizeram com que as atividades do Ver\u00e3o Maior fossem suspensas durante esta semana, inclusive os shows que ocorreriam em Matinhos e Pontal do Paran\u00e1 neste fim de semana. \u201cA ideia agora \u00e9 transformar o Ver\u00e3o Maior em uma a\u00e7\u00e3o de solidariedade, com todo mundo que estava trabalhando na opera\u00e7\u00e3o focado no aux\u00edlio aos munic\u00edpios\u201d, explicou o secret\u00e1rio estadual do Esporte, Helio Wirbiski, que tamb\u00e9m coordena o Ver\u00e3o Maior Paran\u00e1.&nbsp;<\/p>\n\n\n\n<p>Com o avan\u00e7o dos trabalhos de limpeza, preven\u00e7\u00e3o e o atendimento das fam\u00edlias afetadas, e com a mudan\u00e7a prevista nas condi\u00e7\u00f5es do tempo, a previs\u00e3o \u00e9 que as atividades esportivas e culturais do Ver\u00e3o Maior retornem na pr\u00f3xima ter\u00e7a-feira (30). \u201cN\u00f3s cancelamos os shows e eventos esportivos porque ainda estava previsto chuva para este fim de semana. Assim, todos podem se dedicar a essa for\u00e7a-tarefa para que possamos passar por essa situa\u00e7\u00e3o o mais rapidamente poss\u00edvel\u201d, disse Wirbiski.<\/p>\n\n\n\n<p>\u201cO Governo do Estado est\u00e1 preparado para atender as necessidades da popula\u00e7\u00e3o. Atuamos fortemente na distribui\u00e7\u00e3o de kits dormit\u00f3rio, higiene e limpeza; na limpeza das ruas, com coleta de res\u00edduos; e na orienta\u00e7\u00e3o preventiva da popula\u00e7\u00e3o contra a dengue e a leptospirose\u201d, salientou a primeira-dama Luciana Saito Massa. Os mantimentos j\u00e1 foram enviados a\u00a0<a href=\"https:\/\/www.aen.pr.gov.br\/Noticia\/Defesa-Civil-envia-caminhoes-com-mantimentos-para-Matinhos-e-Pontal-do-Parana\" target=\"_blank\" rel=\"noreferrer noopener\">Matinhos, Pontal do Paran\u00e1<\/a>\u00a0e\u00a0<a href=\"https:\/\/www.aen.pr.gov.br\/Noticia\/Defesa-Civil-do-Parana-manda-caminhao-com-150-colchoes-e-cestas-basicas-para-Guaratuba\" target=\"_blank\" rel=\"noreferrer noopener\">Guaratuba<\/a>.<\/p>\n\n\n\n<p><strong>CHUVAS E ATENDIMENTOS&nbsp;<\/strong>\u2013 Segundo o Simepar, o volume de chuvas acumulado no Litoral em menos de uma semana ultrapassou o esperado para todo o m\u00eas de janeiro. Desde o \u00faltimo s\u00e1bado (20) at\u00e9 a noite de quinta-feira (25), o volume chegou a 519,2 mil\u00edmetros em Guaratuba, sendo que a m\u00e9dia prevista para o m\u00eas era de 386,4 mil\u00edmetros na cidade. Em Matinhos e Pontal do Paran\u00e1, a precipita\u00e7\u00e3o acumulada foi de 355,2 mm e 466,8 mm, respectivamente.&nbsp;<\/p>\n\n\n\n<p>\u201cEstamos com uma previs\u00e3o de um acumulado de mais 100 mil\u00edmetros pelo menos at\u00e9 o dia 30, o que requer aten\u00e7\u00e3o de todos os \u00f3rg\u00e3os para que possamos dar uma resposta para que menos pessoas sofram nesse momento\u201d, afirmou o coordenador estadual da Defesa Civil, coronel Fernando Schunig. \u201cO foco agora \u00e9 no atendimento \u00e0s fam\u00edlias desabrigadas e no aux\u00edlio aos munic\u00edpios. As equipes de emerg\u00eancia tamb\u00e9m est\u00e3o a postos caso seja necess\u00e1rio\u201d.&nbsp;<\/p>\n\n\n\n<p>Segundo a Defesa Civil Estadual, 11.592 pessoas foram afetadas pelos temporais em Matinhos, Guaratuba, Ponta do Paran\u00e1 e Guaraque\u00e7aba. At\u00e9 agora, 92 pessoas est\u00e3o desalojadas (50 em Matinhos, 36 em Guaratuba e seis em Ponta do Paran\u00e1) e 62 est\u00e3o desabrigadas (61 em Guaratuba e uma em Matinhos).<\/p>\n\n\n\n<p>Para amenizar a situa\u00e7\u00e3o das fam\u00edlias atingidas, o \u00f3rg\u00e3o est\u00e1 atuando em parceria com os munic\u00edpios e j\u00e1 enviou caminh\u00f5es com ajuda humanit\u00e1ria, contendo colch\u00f5es, cestas b\u00e1sicas e kits dormit\u00f3rio, higiene e limpeza. Al\u00e9m disso, desde o in\u00edcio das ocorr\u00eancias, no \u00faltimo s\u00e1bado, a Defesa Civil encaminhou 25 alertas de temporais \u00e0 popula\u00e7\u00e3o. No come\u00e7o da temporada tamb\u00e9m foi feito um&nbsp;<a href=\"https:\/\/www.aen.pr.gov.br\/Noticia\/Defesa-Civil-Estadual-instrui-municipios-do-Litoral-atuarem-em-situacoes-criticas\" target=\"_blank\" rel=\"noreferrer noopener\">treinamento com as equipes municipais<\/a>&nbsp;para atendimentos emergenciais.<\/p>\n\n\n\n<p>J\u00e1 o Corpo de Bombeiros atendeu 91 ocorr\u00eancias ao longo desta semana, incluindo alagamentos, deslizamentos, quedas de \u00e1rvore e tamb\u00e9m o desmoronamento de uma resid\u00eancia. Eles auxiliaram, por exemplo, na remo\u00e7\u00e3o de fam\u00edlias que estava em \u00e1reas ilhadas e no transporte de pessoas aos abrigos municipais, hospitais ou outros locais onde elas pudessem ficar em seguran\u00e7a.\u00a0<\/p>\n\n\n\n<p><strong>LIMPEZA E PREVEN\u00c7\u00c3O<\/strong>&nbsp;\u2013 Outro foco de a\u00e7\u00e3o das equipes do Governo do Estado \u00e9 na limpeza das vias p\u00fablicas e na coleta de res\u00edduos no Litoral. O Instituto \u00c1gua e Terra (IAT) tamb\u00e9m est\u00e1 dando suporte \u00e0s cidades no desassoreamento e limpeza dos canais para melhorar o escoamento das \u00e1guas, para evitar novos riscos de enchente. Cerca de&nbsp;<a href=\"https:\/\/www.aen.pr.gov.br\/Noticia\/Estado-investe-R-263-milhoes-para-apoiar-municipios-com-coleta-de-residuos-no-Litoral\" target=\"_blank\" rel=\"noreferrer noopener\">R$ 26 milh\u00f5es foram destinados para esse trabalho nesta temporada<\/a>. Seis equipes do \u00f3rg\u00e3o est\u00e3o trabalhando na parte de desassoreamento e limpeza.<\/p>\n\n\n\n<p>A preocupa\u00e7\u00e3o da Secretaria da Sa\u00fade \u00e9 com rela\u00e7\u00e3o \u00e0s doen\u00e7as que podem ser causadas em consequ\u00eancia das enchentes e alagamentos, como a leptospirose, diarreia, hepatite A ou mesmo o avan\u00e7o nos casos de dengue. Por isso, com aux\u00edlio dos profissionais do Ver\u00e3o Maior, a pasta vai fortalecer as a\u00e7\u00f5es de preven\u00e7\u00e3o de doen\u00e7as, dando apoio aos munic\u00edpios \u2013 desde o in\u00edcio da temporada, mais de&nbsp;<a href=\"https:\/\/www.aen.pr.gov.br\/Noticia\/Com-apoio-do-Estado-cidades-do-Litoral-ja-fizeram-55-mil-atendimentos-de-saude-no-verao\" target=\"_blank\" rel=\"noreferrer noopener\">55 mil atendimentos em sa\u00fade<\/a>&nbsp;j\u00e1 foram realizados no Litoral.&nbsp;<\/p>\n\n\n\n<p>Um dos focos \u00e9 na elimina\u00e7\u00e3o de poss\u00edveis criadouros do mosquito&nbsp;<em>Aedes aegypti<\/em>, como em locais onde h\u00e1 lixo acumulado. Tamb\u00e9m ser\u00e3o feitas recomenda\u00e7\u00f5es \u00e0 popula\u00e7\u00e3o que est\u00e1 exposta aos riscos das enchentes, com a orienta\u00e7\u00e3o das pessoas que vivem nessas \u00e1reas e distribui\u00e7\u00e3o de materiais educativos em suas casas. Ser\u00e3o distribu\u00eddos, ainda, sacos de lixo para que as pessoas removam os potenciais criadouros de seus domic\u00edlios.<\/p>\n\n\n\n<p><strong>PRESEN\u00c7AS\u00a0<\/strong>\u2013 Tamb\u00e9m acompanharam a reuni\u00e3o o secret\u00e1rio estadual da Seguran\u00e7a P\u00fablica, Hudson Teixeira; o diretor-geral da Secretaria da Sa\u00fade, C\u00e9sar Neves; os comandantes-gerais da Pol\u00edcia Militar do Paran\u00e1, coronel Jefferson Silva; e do Corpo de Bombeiros, coronel Manoel Vasco de Figueiredo; o coordenador da Pol\u00edcia Civil no Ver\u00e3o Maior Paran\u00e1, delegado F\u00e1bio Amaro; o diretor de Saneamento Ambiental e Recursos H\u00eddricos do IAT, Jos\u00e9 Luiz Scroccaro; e os prefeitos de Guaratuba, Roberto Justus; de Matinhos, Z\u00e9 da Ecler; de Morretes, J\u00fanior Brindarolli; e de Pontal do Paran\u00e1, Rud\u00e3o Gimenes.<\/p>\n\n\n\n<p>AEN\/PR<\/p>\n","protected":false},"excerpt":{"rendered":"<p>Com as fortes chuvas que atingiram o Litoral ao longo desta semana, a estrutura do Ver\u00e3o Maior Paran\u00e1 agora se volta para o atendimento da popula\u00e7\u00e3o atingida. Os cerca de 400 profissionais contratados pela Secretaria de Estado do Esporte para trabalhar na temporada v\u00e3o ficar \u00e0 disposi\u00e7\u00e3o da Defesa Civil, do Corpo de Bombeiros, das [&hellip;]<\/p>\n","protected":false},"author":2,"featured_media":57602,"comment_status":"open","ping_status":"open","sticky":false,"template":"","format":"standard","meta":{"advanced_seo_description":"","jetpack_seo_html_title":"","jetpack_seo_noindex":false,"_jetpack_memberships_contains_paid_content":false,"footnotes":""},"categories":[91],"tags":[],"class_list":{"0":"post-57601","1":"post","2":"type-post","3":"status-publish","4":"format-standard","5":"has-post-thumbnail","7":"category-litoral"},"jetpack_featured_media_url":"https:\/\/www.paranapraia.com.br\/wp-content\/uploads\/2024\/01\/20240126112954_mg_4993-scaled.jpg","jetpack_sharing_enabled":true,"_links":{"self":[{"href":"https:\/\/www.paranapraia.com.br\/index.php\/wp-json\/wp\/v2\/posts\/57601"}],"collection":[{"href":"https:\/\/www.paranapraia.com.br\/index.php\/wp-json\/wp\/v2\/posts"}],"about":[{"href":"https:\/\/www.paranapraia.com.br\/index.php\/wp-json\/wp\/v2\/types\/post"}],"author":[{"embeddable":true,"href":"https:\/\/www.paranapraia.com.br\/index.php\/wp-json\/wp\/v2\/users\/2"}],"replies":[{"embeddable":true,"href":"https:\/\/www.paranapraia.com.br\/index.php\/wp-json\/wp\/v2\/comments?post=57601"}],"version-history":[{"count":1,"href":"https:\/\/www.paranapraia.com.br\/index.php\/wp-json\/wp\/v2\/posts\/57601\/revisions"}],"predecessor-version":[{"id":57603,"href":"https:\/\/www.paranapraia.com.br\/index.php\/wp-json\/wp\/v2\/posts\/57601\/revisions\/57603"}],"wp:featuredmedia":[{"embeddable":true,"href":"https:\/\/www.paranapraia.com.br\/index.php\/wp-json\/wp\/v2\/media\/57602"}],"wp:attachment":[{"href":"https:\/\/www.paranapraia.com.br\/index.php\/wp-json\/wp\/v2\/media?parent=57601"}],"wp:term":[{"taxonomy":"category","embeddable":true,"href":"https:\/\/www.paranapraia.com.br\/index.php\/wp-json\/wp\/v2\/categories?post=57601"},{"taxonomy":"post_tag","embeddable":true,"href":"https:\/\/www.paranapraia.com.br\/index.php\/wp-json\/wp\/v2\/tags?post=57601"}],"curies":[{"name":"wp","href":"https:\/\/api.w.org\/{rel}","templated":true}]}}