{"id":57595,"date":"2024-01-26T13:13:59","date_gmt":"2024-01-26T16:13:59","guid":{"rendered":"https:\/\/www.paranapraia.com.br\/?p=57595"},"modified":"2024-01-26T13:14:03","modified_gmt":"2024-01-26T16:14:03","slug":"circuito-paranaense-de-volei-de-praia-define-campeoes-apos-final-no-verao-maior-parana","status":"publish","type":"post","link":"https:\/\/www.paranapraia.com.br\/index.php\/2024\/01\/26\/circuito-paranaense-de-volei-de-praia-define-campeoes-apos-final-no-verao-maior-parana\/","title":{"rendered":"Circuito Paranaense de V\u00f4lei de Praia define campe\u00f5es ap\u00f3s final no Ver\u00e3o Maior Paran\u00e1"},"content":{"rendered":"\n<p>O Circuito Paranaense de V\u00f4lei de Praia, que integra dos Jogos de Aventura e Natureza, definiu os campe\u00f5es da edi\u00e7\u00e3o 2023 nesta quinta-feira (25), na Arena Caiob\u00e1, em Matinhos. O circuito foi uma das atra\u00e7\u00f5es do Ver\u00e3o Maior Paran\u00e1, no Litoral do Estado.<\/p>\n\n\n\n<p>Os campe\u00f5es foram premiados logo ap\u00f3s as disputas finais. O torneio reuniu as oito melhores duplas do Paran\u00e1 nas categorias sub-15, sub-17, sub-19 e adulto, feminino e masculino. A competi\u00e7\u00e3o tamb\u00e9m marcou o fim do calend\u00e1rio 2023.<\/p>\n\n\n\n<p>O diretor de inova\u00e7\u00e3o da Secretaria de Estado do Esporte (SEES), Tiago Campos, explica que a competi\u00e7\u00e3o ocorreu normalmente e coroou os grandes nomes de 2023. \u201cSubiram ao p\u00f3dio os melhores atletas do Paran\u00e1 nesta modalidade, em um evento que nos acompanhou em todas as etapas dos Jogos de Aventura e Natureza no ano passado\u201d, disse.<\/p>\n\n\n\n<p><strong>Confira as duplas campe\u00e3s:<\/strong><\/p>\n\n\n\n<p><strong>ADULTO<\/strong><\/p>\n\n\n\n<p><strong>MASCULINO<\/strong><\/p>\n\n\n\n<p>1\u00ba Guerezi e Jos\u00e9 (Dois Vizinhos)<\/p>\n\n\n\n<p>2\u00ba Patrick e Gabriel (Maring\u00e1)<\/p>\n\n\n\n<p>3\u00ba Domiciano e Arthur (Curitiba)<\/p>\n\n\n\n<p><strong>FEMININO<\/strong><\/p>\n\n\n\n<p>1\u00ba Duda e Gabi (Dois Vizinhos)<\/p>\n\n\n\n<p>2\u00ba Ana Lis e Lorena (Londrina)<\/p>\n\n\n\n<p>3\u00ba Grazi e Julinha (Londrina)<\/p>\n\n\n\n<p><strong>SUB-19<\/strong><\/p>\n\n\n\n<p><strong>MASCULINO<\/strong><\/p>\n\n\n\n<p>1\u00ba Guerezi e Jos\u00e9 (Dois Vizinhos)<\/p>\n\n\n\n<p>2\u00ba Pedro e Cabelo (Curitiba)<\/p>\n\n\n\n<p>3\u00ba Vinicius e Arthur (Curitiba)<\/p>\n\n\n\n<p><strong>FEMININO<\/strong><\/p>\n\n\n\n<p>1\u00ba Ana Lis e Lorena (Londrina)<\/p>\n\n\n\n<p>2\u00ba Sabrina e Nath (Maring\u00e1)<\/p>\n\n\n\n<p>3\u00ba Eduarda e Pabliny (Dois Vizinhos)<\/p>\n\n\n\n<p><strong>SUB-17<\/strong><\/p>\n\n\n\n<p><strong>MASCULINO<\/strong><\/p>\n\n\n\n<p>1\u00ba Guilherme e Luiz (Maring\u00e1)<\/p>\n\n\n\n<p>2\u00ba Mateus e Gabriel (Dois Vizinhos)<\/p>\n\n\n\n<p>3\u00ba Davi e Fabr\u00edcio (Londrina)<\/p>\n\n\n\n<p><strong>FEMININO<\/strong><\/p>\n\n\n\n<p>1\u00ba Bia e Clarinha (Curitiba)<\/p>\n\n\n\n<p>2\u00ba Eduarda e Gabriela (Dois Vizinhos)<\/p>\n\n\n\n<p>3\u00ba Carol e Aninha (Londrina)<\/p>\n\n\n\n<p><strong>SUB-15<\/strong><\/p>\n\n\n\n<p><strong>MASCULINO<\/strong><\/p>\n\n\n\n<p>1\u00ba Davi e Gabriel (Dois Vizinhos)<\/p>\n\n\n\n<p>2\u00ba Felipe e Davi (Curitiba)<\/p>\n\n\n\n<p>3\u00ba Enzo e Luiz (Dois Vizinhos)<\/p>\n\n\n\n<p><strong>FEMININO<\/strong><\/p>\n\n\n\n<p>1\u00ba Bia e Clarinha (Curitiba)<\/p>\n\n\n\n<p>2\u00ba Beatriz e Larissa (Londrina)<\/p>\n\n\n\n<p>3\u00ba Stefani e Ana Julia (Dois Vizinhos)<\/p>\n\n\n\n<p>AEN\/PR<\/p>\n","protected":false},"excerpt":{"rendered":"<p>O Circuito Paranaense de V\u00f4lei de Praia, que integra dos Jogos de Aventura e Natureza, definiu os campe\u00f5es da edi\u00e7\u00e3o 2023 nesta quinta-feira (25), na Arena Caiob\u00e1, em Matinhos. O circuito foi uma das atra\u00e7\u00f5es do Ver\u00e3o Maior Paran\u00e1, no Litoral do Estado. Os campe\u00f5es foram premiados logo ap\u00f3s as disputas finais. O torneio reuniu [&hellip;]<\/p>\n","protected":false},"author":2,"featured_media":57596,"comment_status":"open","ping_status":"open","sticky":false,"template":"","format":"standard","meta":{"advanced_seo_description":"","jetpack_seo_html_title":"","jetpack_seo_noindex":false,"_jetpack_memberships_contains_paid_content":false,"footnotes":""},"categories":[91],"tags":[],"class_list":{"0":"post-57595","1":"post","2":"type-post","3":"status-publish","4":"format-standard","5":"has-post-thumbnail","7":"category-litoral"},"jetpack_featured_media_url":"https:\/\/www.paranapraia.com.br\/wp-content\/uploads\/2024\/01\/image00002_6-scaled.jpg","jetpack_sharing_enabled":true,"_links":{"self":[{"href":"https:\/\/www.paranapraia.com.br\/index.php\/wp-json\/wp\/v2\/posts\/57595"}],"collection":[{"href":"https:\/\/www.paranapraia.com.br\/index.php\/wp-json\/wp\/v2\/posts"}],"about":[{"href":"https:\/\/www.paranapraia.com.br\/index.php\/wp-json\/wp\/v2\/types\/post"}],"author":[{"embeddable":true,"href":"https:\/\/www.paranapraia.com.br\/index.php\/wp-json\/wp\/v2\/users\/2"}],"replies":[{"embeddable":true,"href":"https:\/\/www.paranapraia.com.br\/index.php\/wp-json\/wp\/v2\/comments?post=57595"}],"version-history":[{"count":1,"href":"https:\/\/www.paranapraia.com.br\/index.php\/wp-json\/wp\/v2\/posts\/57595\/revisions"}],"predecessor-version":[{"id":57597,"href":"https:\/\/www.paranapraia.com.br\/index.php\/wp-json\/wp\/v2\/posts\/57595\/revisions\/57597"}],"wp:featuredmedia":[{"embeddable":true,"href":"https:\/\/www.paranapraia.com.br\/index.php\/wp-json\/wp\/v2\/media\/57596"}],"wp:attachment":[{"href":"https:\/\/www.paranapraia.com.br\/index.php\/wp-json\/wp\/v2\/media?parent=57595"}],"wp:term":[{"taxonomy":"category","embeddable":true,"href":"https:\/\/www.paranapraia.com.br\/index.php\/wp-json\/wp\/v2\/categories?post=57595"},{"taxonomy":"post_tag","embeddable":true,"href":"https:\/\/www.paranapraia.com.br\/index.php\/wp-json\/wp\/v2\/tags?post=57595"}],"curies":[{"name":"wp","href":"https:\/\/api.w.org\/{rel}","templated":true}]}}