{"id":57565,"date":"2024-01-26T11:33:20","date_gmt":"2024-01-26T14:33:20","guid":{"rendered":"https:\/\/www.paranapraia.com.br\/?p=57565"},"modified":"2024-01-26T11:33:22","modified_gmt":"2024-01-26T14:33:22","slug":"viveiro-de-morretes-ajudou-a-expandir-educacao-ambiental-durante-o-verao-maior-parana","status":"publish","type":"post","link":"https:\/\/www.paranapraia.com.br\/index.php\/2024\/01\/26\/viveiro-de-morretes-ajudou-a-expandir-educacao-ambiental-durante-o-verao-maior-parana\/","title":{"rendered":"Viveiro de Morretes ajudou a expandir educa\u00e7\u00e3o ambiental durante o Ver\u00e3o Maior Paran\u00e1"},"content":{"rendered":"\n<p>Para incentivar o interesse do cidad\u00e3o e o conhecimento sobre produ\u00e7\u00e3o de mudas nativas, o Instituto \u00c1gua e Terra (IAT) promoveu nesta temporada visita\u00e7\u00e3o ao viveiro florestal de Morretes, no Litoral. A unidade \u00e9 a \u00fanica do IAT a produzir, al\u00e9m de mudas nativas, tamb\u00e9m&nbsp;<strong><a href=\"https:\/\/www.aen.pr.gov.br\/Noticia\/IAT-promove-atividade-ambiental-gratuita-em-fabrica-de-restinga-do-Litoral-do-Parana\" target=\"_blank\" rel=\"noreferrer noopener\">mudas de esp\u00e9cies de restinga<\/a><\/strong>, vegeta\u00e7\u00e3o importante para a prote\u00e7\u00e3o das praias em casos de enchentes e processos erosivos e tamb\u00e9m para abrigo da biodiversidade local.<\/p>\n\n\n\n<p>O projeto \u201cUm dia no Viveiro\u201d integrou o Ver\u00e3o Maior Paran\u00e1 como mais uma op\u00e7\u00e3o de passeio, lazer e educa\u00e7\u00e3o ambiental aos veranistas e moradores da regi\u00e3o. O IAT abriu a visita\u00e7\u00e3o do local no dia 10 e 24 de janeiro, com 10 vagas para o p\u00fablico em cada dia, o que garantiu uma din\u00e2mica mais produtiva entre os veranistas e os viveiristas. As atividades proporcionaram o conhecimento te\u00f3rico e pr\u00e1tico sobre a produ\u00e7\u00e3o e cuidados de mudas nativas do Paran\u00e1.<\/p>\n\n\n\n<p>\u201cBuscamos proporcionar aos visitantes que n\u00e3o conhecem as atividades do IAT algumas das a\u00e7\u00f5es que a gente faz e a sua import\u00e2ncia\u201d, explica a bi\u00f3loga do IAT, Roberta Scheidt Gibertoni. \u201c\u00c0s vezes o cidad\u00e3o solicita mudas, mas desconhece quais os processos complexos para a sua produ\u00e7\u00e3o. Ent\u00e3o ensinamos as etapas necess\u00e1rias, desde a coleta da semente, o trato, que chamamos de beneficiamento, e por fim, o plantio para futuramente se transformarem em mudas\u201d,<\/p>\n\n\n\n<p>O tour pelo local contou com dicas sobre manuseio de plantas e o dia a dia das pessoas respons\u00e1veis pela produ\u00e7\u00e3o de aproximadamente 20 esp\u00e9cies diferentes no Viveiro de Morretes, como o Ara\u00e7\u00e1 (<em>Psidium cattleyanum<\/em>), Palmito-Ju\u00e7ara (<em>Euterpe edulis<\/em>) e Guabiroba (<em>Campomanesia xanthocarpa<\/em>), que auxiliam na restaura\u00e7\u00e3o ambiental.<\/p>\n\n\n\n<p>Genivaldo Ten\u00f3rio Pereira, de 61 anos, \u00e9 morador de Campina Grande do Sul, na Regi\u00e3o Metropolitana de Curitiba, onde possui uma ch\u00e1cara. \u201cEu tenho o costume de plantar mudas de diversas esp\u00e9cies frut\u00edferas nativas em minha ch\u00e1cara. No viveiro eu aprendi algumas coisas que nunca tinha ouvido falar, e pude tirar d\u00favidas do que eu j\u00e1 tinha um certo conhecimento\u201d, disse. \u201cComo por exemplo, a cata\u00e7\u00e3o de sementes, todo o processo at\u00e9 levar a planta germinada para o campo. Foi muito bom e destaco a aten\u00e7\u00e3o especial do pessoal que atua no local\u201d.<\/p>\n\n\n\n<p><strong>VIVEIROS&nbsp;<\/strong>\u2013<strong>&nbsp;<\/strong>O Instituto \u00c1gua e Terra possui dois laborat\u00f3rios de sementes e 19 viveiros florestais para a produ\u00e7\u00e3o de mais de 100 esp\u00e9cies florestais nativas, distribu\u00eddas gratuitamente por todo o Estado.<\/p>\n\n\n\n<p>Esses viveiros est\u00e3o \u00e0 disposi\u00e7\u00e3o da popula\u00e7\u00e3o paranaense para recupera\u00e7\u00e3o dos processos ecol\u00f3gicos de \u00e1reas degradadas e alteradas. Al\u00e9m disso, com a oferta das mudas nativas os produtores rurais recebem o apoio que necessitam para recuperar suas \u00c1reas de Preserva\u00e7\u00e3o Permanente (APP) e Reserva Legal (RL), a fim de se adequarem \u00e0 legisla\u00e7\u00e3o ambiental.<\/p>\n\n\n\n<p>Para adquirir as plantas nativas do Paran\u00e1, os interessados podem fazer a solicita\u00e7\u00e3o de mudas por meios digitais, como aplicativo Paran\u00e1 Mais Verde, dispon\u00edvel na Play Store e Apple Store. Ao fazer a solicita\u00e7\u00e3o para at\u00e9 100 mudas\/ano, o requerimento \u00e9 aprovado automaticamente e elas j\u00e1 poder\u00e3o ser retiradas no viveiro selecionado. Basta ligar para o viveiro e agendar.<\/p>\n\n\n\n<p>Para mais de 100 mudas, o requerimento seguir\u00e1 para an\u00e1lise e aprova\u00e7\u00e3o de um t\u00e9cnico do IAT. O interessado poder\u00e1 acompanhar a solicita\u00e7\u00e3o e ser\u00e1 informado quando for aprovada ou reprovada. Ap\u00f3s a libera\u00e7\u00e3o, poder\u00e1 retirar as mudas no viveiro selecionado.<\/p>\n\n\n\n<p>Outro caminho \u00e9 via Sistema de Gest\u00e3o Ambiental (SGA) pelo endere\u00e7o\u00a0<a href=\"https:\/\/auth-cs.identidadedigital.pr.gov.br\/centralautenticacao\/login.html?response_type=code&amp;client_id=19f3cd308f1455b3fa09a282e0d496f4&amp;redirect_uri=http%3A%2F%2Fwww.sga.pr.gov.br%2Fsga-iap&amp;scope=&amp;state=1706213575222&amp;urlCert=https:\/\/certauth-cs.identidadedigital.pr.gov.br&amp;dnsCidadao=https:\/\/cidadao-cs.identidadedigital.pr.gov.br\/centralcidadao&amp;loginPadrao=btnCentral&amp;labelCentral=CPF,E-Mail,Login%20Sentinela&amp;modulosDeAutenticacao=btnSentinela,btnExpresso,btnCertificado,btnSms,btnCpf,btnToken,btnEmail,btnCentral&amp;urlLogo=http%3A%2F%2Fwww.sga.pr.gov.br%2Fsga-iap%2Fimages%2Flogo_sga.png&amp;acesso=2078&amp;tokenFormat=jwt&amp;exibirLinkAutoCadastro=true&amp;exibirLinkRecuperarSenha=true&amp;exibirLinkAutoCadastroCertificado=false&amp;captcha=false\" target=\"_blank\" rel=\"noreferrer noopener\">www.sga.pr.gov.br<\/a>. Ap\u00f3s a solicita\u00e7\u00e3o, o pedido passar\u00e1 por uma an\u00e1lise do IAT. Caso seja aprovado, ser\u00e1 encaminhado um e-mail ao requerente, com as informa\u00e7\u00f5es do local de retirada das mudas e a documenta\u00e7\u00e3o necess\u00e1ria.<\/p>\n\n\n\n<p>AEN\/PR<\/p>\n","protected":false},"excerpt":{"rendered":"<p>Para incentivar o interesse do cidad\u00e3o e o conhecimento sobre produ\u00e7\u00e3o de mudas nativas, o Instituto \u00c1gua e Terra (IAT) promoveu nesta temporada visita\u00e7\u00e3o ao viveiro florestal de Morretes, no Litoral. A unidade \u00e9 a \u00fanica do IAT a produzir, al\u00e9m de mudas nativas, tamb\u00e9m&nbsp;mudas de esp\u00e9cies de restinga, vegeta\u00e7\u00e3o importante para a prote\u00e7\u00e3o das [&hellip;]<\/p>\n","protected":false},"author":2,"featured_media":57566,"comment_status":"open","ping_status":"open","sticky":false,"template":"","format":"standard","meta":{"advanced_seo_description":"","jetpack_seo_html_title":"","jetpack_seo_noindex":false,"_jetpack_memberships_contains_paid_content":false,"footnotes":""},"categories":[125],"tags":[],"class_list":{"0":"post-57565","1":"post","2":"type-post","3":"status-publish","4":"format-standard","5":"has-post-thumbnail","7":"category-morretes"},"jetpack_featured_media_url":"https:\/\/www.paranapraia.com.br\/wp-content\/uploads\/2024\/01\/whatsapp_image_2024-01-24_at_21.11.21_2-scaled.jpg","jetpack_sharing_enabled":true,"_links":{"self":[{"href":"https:\/\/www.paranapraia.com.br\/index.php\/wp-json\/wp\/v2\/posts\/57565"}],"collection":[{"href":"https:\/\/www.paranapraia.com.br\/index.php\/wp-json\/wp\/v2\/posts"}],"about":[{"href":"https:\/\/www.paranapraia.com.br\/index.php\/wp-json\/wp\/v2\/types\/post"}],"author":[{"embeddable":true,"href":"https:\/\/www.paranapraia.com.br\/index.php\/wp-json\/wp\/v2\/users\/2"}],"replies":[{"embeddable":true,"href":"https:\/\/www.paranapraia.com.br\/index.php\/wp-json\/wp\/v2\/comments?post=57565"}],"version-history":[{"count":1,"href":"https:\/\/www.paranapraia.com.br\/index.php\/wp-json\/wp\/v2\/posts\/57565\/revisions"}],"predecessor-version":[{"id":57567,"href":"https:\/\/www.paranapraia.com.br\/index.php\/wp-json\/wp\/v2\/posts\/57565\/revisions\/57567"}],"wp:featuredmedia":[{"embeddable":true,"href":"https:\/\/www.paranapraia.com.br\/index.php\/wp-json\/wp\/v2\/media\/57566"}],"wp:attachment":[{"href":"https:\/\/www.paranapraia.com.br\/index.php\/wp-json\/wp\/v2\/media?parent=57565"}],"wp:term":[{"taxonomy":"category","embeddable":true,"href":"https:\/\/www.paranapraia.com.br\/index.php\/wp-json\/wp\/v2\/categories?post=57565"},{"taxonomy":"post_tag","embeddable":true,"href":"https:\/\/www.paranapraia.com.br\/index.php\/wp-json\/wp\/v2\/tags?post=57565"}],"curies":[{"name":"wp","href":"https:\/\/api.w.org\/{rel}","templated":true}]}}