{"id":57556,"date":"2024-01-25T19:20:22","date_gmt":"2024-01-25T22:20:22","guid":{"rendered":"https:\/\/www.paranapraia.com.br\/?p=57556"},"modified":"2024-01-25T19:20:23","modified_gmt":"2024-01-25T22:20:23","slug":"decreto-de-horario-diferenciado-e-revogado-e-reparticoes-municipais-voltam-ao-horario-normal","status":"publish","type":"post","link":"https:\/\/www.paranapraia.com.br\/index.php\/2024\/01\/25\/decreto-de-horario-diferenciado-e-revogado-e-reparticoes-municipais-voltam-ao-horario-normal\/","title":{"rendered":"Decreto de hor\u00e1rio diferenciado \u00e9 revogado e reparti\u00e7\u00f5es municipais voltam ao hor\u00e1rio normal"},"content":{"rendered":"\n<p>As reparti\u00e7\u00f5es p\u00fablicas municipais que estavam com hor\u00e1rio de atendimento ao p\u00fablico e de funcionamento diferenciado desde o dia 18 de dezembro retornar\u00e3o ao hor\u00e1rio normal na pr\u00f3xima segunda-feira (29). O Decreto Municipal n.\u00ba 2541\/2023, que estabelecia hor\u00e1rio de funcionamento das 8h \u00e0s 14h, foi revogado.<\/p>\n\n\n\n<p>A decis\u00e3o est\u00e1 disposta no Decreto Municipal n.\u00ba 2604, editado nesta quinta-feira (25). Com isso, as reparti\u00e7\u00f5es p\u00fablicas municipais voltam ao hor\u00e1rio das 8h \u00e0s 11h30 e das 13h \u00e0s 17h. O decreto publicado nesta quinta tamb\u00e9m revoga os decretos n.\u00ba 2548\/2023 e 2550\/2023.<\/p>\n\n\n\n<p>Departamento de Comunica\u00e7\u00e3o<br>Prefeitura de Matinhos<\/p>\n\n\n\n<h1 class=\"wp-block-heading\"><\/h1>\n","protected":false},"excerpt":{"rendered":"<p>As reparti\u00e7\u00f5es p\u00fablicas municipais que estavam com hor\u00e1rio de atendimento ao p\u00fablico e de funcionamento diferenciado desde o dia 18 de dezembro retornar\u00e3o ao hor\u00e1rio normal na pr\u00f3xima segunda-feira (29). O Decreto Municipal n.\u00ba 2541\/2023, que estabelecia hor\u00e1rio de funcionamento das 8h \u00e0s 14h, foi revogado. A decis\u00e3o est\u00e1 disposta no Decreto Municipal n.\u00ba 2604, [&hellip;]<\/p>\n","protected":false},"author":2,"featured_media":57557,"comment_status":"open","ping_status":"open","sticky":false,"template":"","format":"standard","meta":{"advanced_seo_description":"","jetpack_seo_html_title":"","jetpack_seo_noindex":false,"_jetpack_memberships_contains_paid_content":false,"footnotes":""},"categories":[88],"tags":[],"class_list":{"0":"post-57556","1":"post","2":"type-post","3":"status-publish","4":"format-standard","5":"has-post-thumbnail","7":"category-matinhos"},"jetpack_featured_media_url":"https:\/\/www.paranapraia.com.br\/wp-content\/uploads\/2024\/01\/FB_IMG_1706221074658-scaled.jpg","jetpack_sharing_enabled":true,"_links":{"self":[{"href":"https:\/\/www.paranapraia.com.br\/index.php\/wp-json\/wp\/v2\/posts\/57556"}],"collection":[{"href":"https:\/\/www.paranapraia.com.br\/index.php\/wp-json\/wp\/v2\/posts"}],"about":[{"href":"https:\/\/www.paranapraia.com.br\/index.php\/wp-json\/wp\/v2\/types\/post"}],"author":[{"embeddable":true,"href":"https:\/\/www.paranapraia.com.br\/index.php\/wp-json\/wp\/v2\/users\/2"}],"replies":[{"embeddable":true,"href":"https:\/\/www.paranapraia.com.br\/index.php\/wp-json\/wp\/v2\/comments?post=57556"}],"version-history":[{"count":1,"href":"https:\/\/www.paranapraia.com.br\/index.php\/wp-json\/wp\/v2\/posts\/57556\/revisions"}],"predecessor-version":[{"id":57558,"href":"https:\/\/www.paranapraia.com.br\/index.php\/wp-json\/wp\/v2\/posts\/57556\/revisions\/57558"}],"wp:featuredmedia":[{"embeddable":true,"href":"https:\/\/www.paranapraia.com.br\/index.php\/wp-json\/wp\/v2\/media\/57557"}],"wp:attachment":[{"href":"https:\/\/www.paranapraia.com.br\/index.php\/wp-json\/wp\/v2\/media?parent=57556"}],"wp:term":[{"taxonomy":"category","embeddable":true,"href":"https:\/\/www.paranapraia.com.br\/index.php\/wp-json\/wp\/v2\/categories?post=57556"},{"taxonomy":"post_tag","embeddable":true,"href":"https:\/\/www.paranapraia.com.br\/index.php\/wp-json\/wp\/v2\/tags?post=57556"}],"curies":[{"name":"wp","href":"https:\/\/api.w.org\/{rel}","templated":true}]}}