{"id":57553,"date":"2024-01-25T19:16:30","date_gmt":"2024-01-25T22:16:30","guid":{"rendered":"https:\/\/www.paranapraia.com.br\/?p=57553"},"modified":"2024-01-25T19:16:32","modified_gmt":"2024-01-25T22:16:32","slug":"para-conter-diminuir-danos-causados-pelas-chuvas-canais-de-matinhos-passam-por-limpeza","status":"publish","type":"post","link":"https:\/\/www.paranapraia.com.br\/index.php\/2024\/01\/25\/para-conter-diminuir-danos-causados-pelas-chuvas-canais-de-matinhos-passam-por-limpeza\/","title":{"rendered":"Para conter diminuir danos causados pelas chuvas, canais de Matinhos passam por limpeza"},"content":{"rendered":"\n<p>A Secretaria do Meio Ambiente segue com a limpeza dos canais de Matinhos. O servi\u00e7o busca conter os impactos causados pelas fortes chuvas que atingem a cidade nos \u00faltimos dias. O secret\u00e1rio S\u00e9rgio Cioli lembrou que o servi\u00e7o j\u00e1 vem sendo feito desde o in\u00edcio do ano, e que ser\u00e1 estendido gradativamente para todo o munic\u00edpio.<\/p>\n\n\n\n<p>\u201cIniciamos o processo de limpeza e manuten\u00e7\u00e3o em alguns canais de Caiob\u00e1, Tabuleiro, Vila Nova, Mangue Seco, Sert\u00e3ozinho e Cohapar. Essa limpeza gera a vaz\u00e3o mais r\u00e1pida da \u00e1gua, pois n\u00e3o h\u00e1 nada que venha a reter a sua sa\u00edda. Os canais agora est\u00e3o menos assoreados que antes. Isso porque no ano passado n\u00f3s fizemos a primeira limpeza\u201d, explicou.<\/p>\n\n\n\n<p>A Secretaria do Meio Ambiente segue um cronograma iniciado em 2023. O servi\u00e7o teve in\u00edcio no Tabuleiro e segue em dire\u00e7\u00e3o aos balne\u00e1rios. Com a situa\u00e7\u00e3o emergencial causada pelas chuvas, a prioridade foi dada aos pontos que exigiam uma dragagem mais r\u00e1pida, para conter alagamentos.<\/p>\n\n\n\n<p>Os canais dos balne\u00e1rios Albatroz, Saint Etienne, Inaj\u00e1 e Praia Grande receberam o servi\u00e7o nesta quarta e quinta-feira (24 e 25). \u201cCom a diminui\u00e7\u00e3o das chuvas, retornaremos ao cronograma estabelecido\u201d, finalizou Cioli.<\/p>\n\n\n\n<p>Departamento de Comunica\u00e7\u00e3o<br>Prefeitura de Matinhos<\/p>\n\n\n\n<p><\/p>\n\n\n\n<h1 class=\"wp-block-heading\"><\/h1>\n","protected":false},"excerpt":{"rendered":"<p>A Secretaria do Meio Ambiente segue com a limpeza dos canais de Matinhos. O servi\u00e7o busca conter os impactos causados pelas fortes chuvas que atingem a cidade nos \u00faltimos dias. O secret\u00e1rio S\u00e9rgio Cioli lembrou que o servi\u00e7o j\u00e1 vem sendo feito desde o in\u00edcio do ano, e que ser\u00e1 estendido gradativamente para todo o [&hellip;]<\/p>\n","protected":false},"author":2,"featured_media":57554,"comment_status":"open","ping_status":"open","sticky":false,"template":"","format":"standard","meta":{"advanced_seo_description":"","jetpack_seo_html_title":"","jetpack_seo_noindex":false,"_jetpack_memberships_contains_paid_content":false,"footnotes":""},"categories":[88],"tags":[],"class_list":{"0":"post-57553","1":"post","2":"type-post","3":"status-publish","4":"format-standard","5":"has-post-thumbnail","7":"category-matinhos"},"jetpack_featured_media_url":"https:\/\/www.paranapraia.com.br\/wp-content\/uploads\/2024\/01\/FB_IMG_1706220921220-scaled.jpg","jetpack_sharing_enabled":true,"_links":{"self":[{"href":"https:\/\/www.paranapraia.com.br\/index.php\/wp-json\/wp\/v2\/posts\/57553"}],"collection":[{"href":"https:\/\/www.paranapraia.com.br\/index.php\/wp-json\/wp\/v2\/posts"}],"about":[{"href":"https:\/\/www.paranapraia.com.br\/index.php\/wp-json\/wp\/v2\/types\/post"}],"author":[{"embeddable":true,"href":"https:\/\/www.paranapraia.com.br\/index.php\/wp-json\/wp\/v2\/users\/2"}],"replies":[{"embeddable":true,"href":"https:\/\/www.paranapraia.com.br\/index.php\/wp-json\/wp\/v2\/comments?post=57553"}],"version-history":[{"count":1,"href":"https:\/\/www.paranapraia.com.br\/index.php\/wp-json\/wp\/v2\/posts\/57553\/revisions"}],"predecessor-version":[{"id":57555,"href":"https:\/\/www.paranapraia.com.br\/index.php\/wp-json\/wp\/v2\/posts\/57553\/revisions\/57555"}],"wp:featuredmedia":[{"embeddable":true,"href":"https:\/\/www.paranapraia.com.br\/index.php\/wp-json\/wp\/v2\/media\/57554"}],"wp:attachment":[{"href":"https:\/\/www.paranapraia.com.br\/index.php\/wp-json\/wp\/v2\/media?parent=57553"}],"wp:term":[{"taxonomy":"category","embeddable":true,"href":"https:\/\/www.paranapraia.com.br\/index.php\/wp-json\/wp\/v2\/categories?post=57553"},{"taxonomy":"post_tag","embeddable":true,"href":"https:\/\/www.paranapraia.com.br\/index.php\/wp-json\/wp\/v2\/tags?post=57553"}],"curies":[{"name":"wp","href":"https:\/\/api.w.org\/{rel}","templated":true}]}}