{"id":57550,"date":"2024-01-25T19:12:55","date_gmt":"2024-01-25T22:12:55","guid":{"rendered":"https:\/\/www.paranapraia.com.br\/?p=57550"},"modified":"2024-01-25T19:12:57","modified_gmt":"2024-01-25T22:12:57","slug":"prefeito-recebe-chefe-da-defesa-civil-estadual-para-falar-de-distribuicao-de-assistencia-humanitaria-para-moradores-afetados-pelas-chuvas","status":"publish","type":"post","link":"https:\/\/www.paranapraia.com.br\/index.php\/2024\/01\/25\/prefeito-recebe-chefe-da-defesa-civil-estadual-para-falar-de-distribuicao-de-assistencia-humanitaria-para-moradores-afetados-pelas-chuvas\/","title":{"rendered":"Prefeito recebe chefe da Defesa Civil Estadual para falar de distribui\u00e7\u00e3o de assist\u00eancia humanit\u00e1ria para moradores afetados pelas chuvas"},"content":{"rendered":"\n<p>O prefeito Z\u00e9 da Ecler, acompanhado de seu secretariado, esteve reunido na tarde desta quinta-feira (25) com o chefe do Centro Estadual de Gerenciamento de Riscos e Desastres (Cegerd), Capit\u00e3o Anderson Gomes. O encontro foi o primeiro com a Defesa Civil Estadual que tratou das provid\u00eancias a serem tomadas para atendimento \u00e0 popula\u00e7\u00e3o de Matinhos, v\u00edtima das enchentes que afetam o munic\u00edpio desde o \u00faltimo s\u00e1bado (20).<\/p>\n\n\n\n<p>Na reuni\u00e3o, a Defesa Civil Estadual se prontificou a dar apoio \u00e0 distribui\u00e7\u00e3o de materiais de assist\u00eancia humanit\u00e1ria para as v\u00edtimas das chuvas. Isso deve ser formalizado nesta sexta-feira (26), com Estado e Munic\u00edpio providenciando a documenta\u00e7\u00e3o necess\u00e1ria para a compra de kits de medicamentos e materiais de higiene e limpeza.<\/p>\n\n\n\n<p>Al\u00e9m do apoio estadual, a Secretaria Municipal de Assist\u00eancia Social j\u00e1 est\u00e1 recebendo dos moradores doa\u00e7\u00f5es de colch\u00f5es, roupas, cobertores, toalhas de banho e materiais de higiene pessoal. Segundo dados divulgados pela Administra\u00e7\u00e3o Municipal, Matinhos tem 11 pessoas desabrigadas &#8211; que est\u00e3o no CREAS Bom Samaritano &#8211; e 10 pessoas desalojadas.<\/p>\n\n\n\n<p>Acompanharam a reuni\u00e3o a primeira-dama Regina Viana; o procurador-geral do Munic\u00edpio, Ronysson Pontes; os secret\u00e1rios Edgard Max Podbevsek, de Urbanismo; Jo\u00e3o Ga\u00facho, de Obras; Elenice Lorencena, de Defesa Social; Enelida Ramos de Lima, de Assist\u00eancia Social; S\u00e9rgio Cioli, do Meio Ambiente; e Jos\u00e9 Lu\u00eds Leal; das pastas de Turismo e Desenvolvimento Econ\u00f4mico e de Finan\u00e7as.<\/p>\n\n\n\n<p>Tamb\u00e9m estavam os diretores de Gabinete, Marcelo Padilha; da Sa\u00fade, Ant\u00f4nio Jos\u00e9 do Nascimento; de Urbanismo, Caroline Oppido; de Obras, Nelinho Louren\u00e7o; de Assist\u00eancia Social, M\u00e1rcia Ramos Waess; e do Departamento de Projetos, Petrus Cyulyk; al\u00e9m do assessor-jur\u00eddico do Gabinete, Leonardo Lu\u00eds da Silva; dos engenheiros civis Raphael Xocaira e Francielle Dranka; e do agente da Defesa Civil, Nilson Bueno. Representando o Legislativo, estava o presidente da C\u00e2mara, vereador Nando (PODE).<\/p>\n\n\n\n<p>Departamento de Comunica\u00e7\u00e3o<br>Prefeitura de Matinhos<\/p>\n\n\n\n<p>Acesse o nosso portal: https:\/\/matinhos.atende.net\/cidadao\/noticia\/prefeito-recebe-chefe-da-defesa-civil-estadual-para-falar-de-distribuicao-de-assistencia-humanitaria-para-moradores-afetados-pelas-chuvas<\/p>\n\n\n\n<h1 class=\"wp-block-heading\"><\/h1>\n","protected":false},"excerpt":{"rendered":"<p>O prefeito Z\u00e9 da Ecler, acompanhado de seu secretariado, esteve reunido na tarde desta quinta-feira (25) com o chefe do Centro Estadual de Gerenciamento de Riscos e Desastres (Cegerd), Capit\u00e3o Anderson Gomes. O encontro foi o primeiro com a Defesa Civil Estadual que tratou das provid\u00eancias a serem tomadas para atendimento \u00e0 popula\u00e7\u00e3o de Matinhos, [&hellip;]<\/p>\n","protected":false},"author":2,"featured_media":57551,"comment_status":"open","ping_status":"open","sticky":false,"template":"","format":"standard","meta":{"advanced_seo_description":"","jetpack_seo_html_title":"","jetpack_seo_noindex":false,"_jetpack_memberships_contains_paid_content":false,"footnotes":""},"categories":[88],"tags":[],"class_list":{"0":"post-57550","1":"post","2":"type-post","3":"status-publish","4":"format-standard","5":"has-post-thumbnail","7":"category-matinhos"},"jetpack_featured_media_url":"https:\/\/www.paranapraia.com.br\/wp-content\/uploads\/2024\/01\/FB_IMG_1706220698457-scaled.jpg","jetpack_sharing_enabled":true,"_links":{"self":[{"href":"https:\/\/www.paranapraia.com.br\/index.php\/wp-json\/wp\/v2\/posts\/57550"}],"collection":[{"href":"https:\/\/www.paranapraia.com.br\/index.php\/wp-json\/wp\/v2\/posts"}],"about":[{"href":"https:\/\/www.paranapraia.com.br\/index.php\/wp-json\/wp\/v2\/types\/post"}],"author":[{"embeddable":true,"href":"https:\/\/www.paranapraia.com.br\/index.php\/wp-json\/wp\/v2\/users\/2"}],"replies":[{"embeddable":true,"href":"https:\/\/www.paranapraia.com.br\/index.php\/wp-json\/wp\/v2\/comments?post=57550"}],"version-history":[{"count":1,"href":"https:\/\/www.paranapraia.com.br\/index.php\/wp-json\/wp\/v2\/posts\/57550\/revisions"}],"predecessor-version":[{"id":57552,"href":"https:\/\/www.paranapraia.com.br\/index.php\/wp-json\/wp\/v2\/posts\/57550\/revisions\/57552"}],"wp:featuredmedia":[{"embeddable":true,"href":"https:\/\/www.paranapraia.com.br\/index.php\/wp-json\/wp\/v2\/media\/57551"}],"wp:attachment":[{"href":"https:\/\/www.paranapraia.com.br\/index.php\/wp-json\/wp\/v2\/media?parent=57550"}],"wp:term":[{"taxonomy":"category","embeddable":true,"href":"https:\/\/www.paranapraia.com.br\/index.php\/wp-json\/wp\/v2\/categories?post=57550"},{"taxonomy":"post_tag","embeddable":true,"href":"https:\/\/www.paranapraia.com.br\/index.php\/wp-json\/wp\/v2\/tags?post=57550"}],"curies":[{"name":"wp","href":"https:\/\/api.w.org\/{rel}","templated":true}]}}