{"id":5755,"date":"2019-04-10T15:17:59","date_gmt":"2019-04-10T18:17:59","guid":{"rendered":"https:\/\/www.paranapraia.com.br\/?p=5755"},"modified":"2019-04-10T15:18:07","modified_gmt":"2019-04-10T18:18:07","slug":"pgr-recorre-de-arquivamento-do-inquerito-sobre-desembargador-que-mandou-soltar-lula","status":"publish","type":"post","link":"https:\/\/www.paranapraia.com.br\/index.php\/2019\/04\/10\/pgr-recorre-de-arquivamento-do-inquerito-sobre-desembargador-que-mandou-soltar-lula\/","title":{"rendered":"PGR recorre de arquivamento do inqu\u00e9rito sobre desembargador que mandou soltar Lula"},"content":{"rendered":"\n<h4 class=\"wp-block-heading\">Em 2018, Rog\u00e9rio Favreto decidiu durante fim de semana que Lula deveria ser solto. Ex-presidente permaneceu preso por determina\u00e7\u00e3o do presidente do TRF-4, Thompson Flores.<\/h4>\n\n\n\n<p>A procuradora-geral da Rep\u00fablica, Raquel Dodge, recorreu ao Supremo Tribunal Federal (STF) contra o arquivamento de inqu\u00e9rito que investigava o desembargador da 4\u00aa Regi\u00e3o Rog\u00e9rio Favreto, que em julho do ano passado, como plantonista,&nbsp;<a href=\"https:\/\/g1.globo.com\/rs\/rio-grande-do-sul\/noticia\/trf-4-manda-soltar-o-ex-presidente-lula.ghtml\">mandou soltar o ex-presidente Luiz In\u00e1cio Lula da Silva<\/a>.<\/p>\n\n\n\n<p>No come\u00e7o deste m\u00eas, o&nbsp;<a href=\"https:\/\/g1.globo.com\/politica\/noticia\/2019\/04\/03\/barroso-arquiva-investigacao-sobre-desembargador-do-trf-4-que-mandou-soltar-lula.ghtml\">ministro do STF Lu\u00eds Roberto Barroso arquivou o caso<\/a>, mesmo sem pedido da Procuradoria.<\/p>\n\n\n\n<p>Pela Constitui\u00e7\u00e3o, desembargadores t\u00eam foro no Superior Tribunal de Justi\u00e7a (STJ), mas o caso estava no Supremo por suspeita de que Favreto tivesse participado de \u201cato orquestrado\u201d envolvendo parlamentares petistas, que pediram o habeas corpus. Por isso, a relatora do caso no STJ, Maria Thereza de Asssis Moura, mandou o inqu\u00e9rito para o Supremo.<\/p>\n\n\n\n<p>Barroso arquivou o inqu\u00e9rito a pedido da defesa de Favreto por entender que o desembargador agiu &#8220;nos limites de suas atribui\u00e7\u00f5es&#8221;.<\/p>\n\n\n\n<p>O ministro considerou que &#8220;n\u00e3o obstante o evidente impacto negativo gerado pela decis\u00e3o&#8221; de Favreto, o caso deve ser arquuivado por &#8220;atipicidade da conduta&#8221;, ou seja, porque a conduta n\u00e3o pode ser considerada como crime.<\/p>\n\n\n\n<p>Ao recorrer do arquivamento nesta ter\u00e7a-feira (9), Dodge disse que o Supremo n\u00e3o poderia arquivar o inqu\u00e9rito sem concord\u00e2ncia da PGR em respeito ao princ\u00edpio do sistema acusat\u00f3rio. Segundo ela, n\u00e3o cabe aos ministros decidirem sobre investiga\u00e7\u00f5es ou avaliar coleta de provas porque isso \u00e9 papel do Minist\u00e9rio P\u00fablico.<\/p>\n\n\n\n<p>Nesta quarta-feira (10), Barroso disse que levar\u00e1 o recurso de Dodge \u00e0 discuss\u00e3o na Primeira Turma do tribunal.<\/p>\n\n\n\n<p>Na abertura de inqu\u00e9rito, Dodge chamou a apresenta\u00e7\u00e3o do habeas corpus para favorecer Lula de &#8220;ato orquestrado meticulosamente para, em detrimento da lei vigente, alcan\u00e7ar a soltura do r\u00e9u, que havia sido negada pelas vias processuais l\u00edcitas e competentes&#8221;.<\/p>\n\n\n\n<p>Segundo ela, a conduta de Favreto apresentou \u201celementos de ato il\u00edcito praticado dolosamente com o objetivo de satisfa\u00e7\u00e3o de sentimentos e objetivos pessoais, tipificado pela lei penal&#8221;.<\/p>\n\n\n\n<p>O pedido de liberdade foi feito pelos petista Paulo Pimenta (RS), Paulo Teixeira (SP) e Wadih Damous (RJ), que chegaram a ser investigados no caso.<\/p>\n\n\n\n<h2 class=\"wp-block-heading\">Solta e prende<\/h2>\n\n\n\n<p>Em 8 de julho, o desembargador Rog\u00e9rio Favreto concedeu habeas corpus pedido por deputados petistas alegando que um fato novo, a pr\u00e9-candidatura \u00e0 Presid\u00eancia da Rep\u00fablica, o autorizava a tomar uma decis\u00e3o durante o plant\u00e3o judici\u00e1rio.<\/p>\n\n\n\n<p>O ent\u00e3o juiz S\u00e9rgio Moro, atual ministro da Justi\u00e7a, que estava em f\u00e9rias, deu uma&nbsp;<a href=\"https:\/\/g1.globo.com\/pr\/parana\/noticia\/moro-diz-que-plantonista-do-trf-4-nao-pode-mandar-soltar-lula.ghtml\">decis\u00e3o pedindo que a Pol\u00edcia Federal n\u00e3o soltasse Lula<\/a>&nbsp;at\u00e9 uma decis\u00e3o da Oitava Turma do TRF-4, que havia autorizado a pris\u00e3o ap\u00f3s condena\u00e7\u00e3o em segunda inst\u00e2ncia.<\/p>\n\n\n\n<p>Gebran, relator da Lava Jato no TRF-4, chegou a determinar que a&nbsp;<a href=\"https:\/\/g1.globo.com\/rs\/rio-grande-do-sul\/noticia\/relator-da-lava-jato-em-segunda-instancia-determina-que-lula-seja-mantido-preso.ghtml\">decis\u00e3o n\u00e3o fosse cumprida<\/a>. Favreto, ent\u00e3o,&nbsp;<a href=\"https:\/\/g1.globo.com\/rs\/rio-grande-do-sul\/noticia\/apos-despacho-de-moro-desembargador-do-trf-4-volta-a-determinar-que-lula-seja-solto.ghtml\">reiterou o entendimento<\/a>.<\/p>\n\n\n\n<p>Mas a palavra final, ap\u00f3s uma guerra de decis\u00f5es, foi do presidente do TRF-4, Thompson Flores, que&nbsp;<a href=\"https:\/\/g1.globo.com\/rs\/rio-grande-do-sul\/noticia\/presidente-do-trf-4-determina-que-a-decisao-da-soltura-de-lula-volte-para-o-relator-do-processo.ghtml\">decidiu manter a pris\u00e3o<\/a>, afirmando que a pr\u00e9-candidatura de Lula j\u00e1 era fato p\u00fablico e not\u00f3rio. Por isso, segundo ele, n\u00e3o havia quest\u00e3o nova a ser decidida pelo plantonista.<\/p>\n\n\n\n<p>O epis\u00f3dio gerou oito questionamentos apresentados no CNJ contra Favreto e os dois contra Moro, que foram unificados em uma \u00fanica apura\u00e7\u00e3o. O CNJ tamb\u00e9m arquivou as apura\u00e7\u00f5es.<\/p>\n\n\n\n<p>G1<\/p>\n","protected":false},"excerpt":{"rendered":"<p>Em 2018, Rog\u00e9rio Favreto decidiu durante fim de semana que Lula deveria ser solto. Ex-presidente permaneceu preso por determina\u00e7\u00e3o do presidente do TRF-4, Thompson Flores. A procuradora-geral da Rep\u00fablica, Raquel Dodge, recorreu ao Supremo Tribunal Federal (STF) contra o arquivamento de inqu\u00e9rito que investigava o desembargador da 4\u00aa Regi\u00e3o Rog\u00e9rio Favreto, que em julho do [&hellip;]<\/p>\n","protected":false},"author":2,"featured_media":5756,"comment_status":"open","ping_status":"open","sticky":false,"template":"","format":"standard","meta":{"advanced_seo_description":"","jetpack_seo_html_title":"","jetpack_seo_noindex":false,"_jetpack_memberships_contains_paid_content":false,"footnotes":""},"categories":[32],"tags":[],"class_list":{"0":"post-5755","1":"post","2":"type-post","3":"status-publish","4":"format-standard","5":"has-post-thumbnail","7":"category-politica"},"jetpack_featured_media_url":"https:\/\/www.paranapraia.com.br\/wp-content\/uploads\/2019\/04\/lula-1-1280x720.jpg","jetpack_sharing_enabled":true,"_links":{"self":[{"href":"https:\/\/www.paranapraia.com.br\/index.php\/wp-json\/wp\/v2\/posts\/5755"}],"collection":[{"href":"https:\/\/www.paranapraia.com.br\/index.php\/wp-json\/wp\/v2\/posts"}],"about":[{"href":"https:\/\/www.paranapraia.com.br\/index.php\/wp-json\/wp\/v2\/types\/post"}],"author":[{"embeddable":true,"href":"https:\/\/www.paranapraia.com.br\/index.php\/wp-json\/wp\/v2\/users\/2"}],"replies":[{"embeddable":true,"href":"https:\/\/www.paranapraia.com.br\/index.php\/wp-json\/wp\/v2\/comments?post=5755"}],"version-history":[{"count":1,"href":"https:\/\/www.paranapraia.com.br\/index.php\/wp-json\/wp\/v2\/posts\/5755\/revisions"}],"predecessor-version":[{"id":5757,"href":"https:\/\/www.paranapraia.com.br\/index.php\/wp-json\/wp\/v2\/posts\/5755\/revisions\/5757"}],"wp:featuredmedia":[{"embeddable":true,"href":"https:\/\/www.paranapraia.com.br\/index.php\/wp-json\/wp\/v2\/media\/5756"}],"wp:attachment":[{"href":"https:\/\/www.paranapraia.com.br\/index.php\/wp-json\/wp\/v2\/media?parent=5755"}],"wp:term":[{"taxonomy":"category","embeddable":true,"href":"https:\/\/www.paranapraia.com.br\/index.php\/wp-json\/wp\/v2\/categories?post=5755"},{"taxonomy":"post_tag","embeddable":true,"href":"https:\/\/www.paranapraia.com.br\/index.php\/wp-json\/wp\/v2\/tags?post=5755"}],"curies":[{"name":"wp","href":"https:\/\/api.w.org\/{rel}","templated":true}]}}