{"id":57540,"date":"2024-01-25T12:14:18","date_gmt":"2024-01-25T15:14:18","guid":{"rendered":"https:\/\/www.paranapraia.com.br\/?p=57540"},"modified":"2024-01-25T12:14:20","modified_gmt":"2024-01-25T15:14:20","slug":"com-temporais-corpo-de-bombeiros-alerta-para-riscos-de-banho-de-mar","status":"publish","type":"post","link":"https:\/\/www.paranapraia.com.br\/index.php\/2024\/01\/25\/com-temporais-corpo-de-bombeiros-alerta-para-riscos-de-banho-de-mar\/","title":{"rendered":"Com temporais, Corpo de Bombeiros alerta para riscos de banho de mar"},"content":{"rendered":"\n<p>A intensifica\u00e7\u00e3o das chuvas no Litoral do Paran\u00e1, que perduram desde o in\u00edcio da semana em Matinhos, Pontal do Paran\u00e1 e Guaratuba, demanda ainda mais cuidados por parte de quem frequenta as praias. O alerta \u00e9 do Corpo de Bombeiros Militar do Paran\u00e1, que neste momento atua tamb\u00e9m no atendimento de moradores afetados por alagamentos na regi\u00e3o, com transfer\u00eancia de pessoas em \u00e1reas de risco para abrigos municipais.<\/p>\n\n\n\n<p>Segundo a capit\u00e3 Debora Kolossoskei, mesmo com o tempo ruim, alguns banhistas insistem em enfrentar as condi\u00e7\u00f5es adversas para tomar banho de mar. A situa\u00e7\u00e3o \u00e9 especialmente arriscada em praias onde n\u00e3o h\u00e1 monitoramento dos guarda-vidas, que s\u00e3o devidamente identificadas com bandeiras.<\/p>\n\n\n\n<p>\u201cEm virtude das chuvas, temos um protocolo de seguran\u00e7a e estamos interditando alguns pontos da praia. Se o banhista for at\u00e9 um local identificado com bandeira preta, que s\u00e3o \u00e1reas n\u00e3o protegidas por guarda-vidas, ou com a bandeira dupla vermelha, que significa praia interditada, a recomenda\u00e7\u00e3o \u00e9 para que n\u00e3o entre na \u00e1gua\u201d, orienta a representante do Corpo de Bombeiros.<\/p>\n\n\n\n<p>N\u00e3o \u00e9 raro que o descumprimento das orienta\u00e7\u00f5es dos bombeiros acarretem afogamentos e outras ocorr\u00eancias em dias de temporal. Com isso, parte do efetivo e dos equipamentos que poderiam ser empregados no atendimento dos moradores afetados pelas chuvas acaba sendo empregada em situa\u00e7\u00f5es que poderiam ser evitadas.<\/p>\n\n\n\n<p>\u201cA previs\u00e3o do tempo \u00e9 de mais chuva para os pr\u00f3ximos dias. A recomenda\u00e7\u00e3o \u00e9 evitar as praias nesse momento, at\u00e9 por estarmos com os nossos recursos tamb\u00e9m voltados para outros atendimentos no Litoral\u201d, esclarece capit\u00e3 Debora. \u201cO afogamento n\u00e3o \u00e9 um acidente, ele pode ser evitado, ent\u00e3o a gente conta com a colabora\u00e7\u00e3o dos banhistas\u201d, conclui.<\/p>\n\n\n\n<p><strong>RISCO EL\u00c9TRICO \u2013&nbsp;<\/strong>Outro risco associado aos temporais \u00e9 com a maior incid\u00eancia de raios. Nas praias, isso se torna ainda mais perigoso devido \u00e0 aus\u00eancia de estrutura de maior porte ou coberturas, fazendo com que as pessoas que circulam nas areias ou na orla se tornem pontos em potencial para grandes descargas el\u00e9trica que podem acarretar graves ferimentos ou at\u00e9 mesmo a morte.<\/p>\n\n\n\n<p>A orienta\u00e7\u00e3o do Corpo de Bombeiros nestes casos \u00e9 permanecer em \u00e1reas protegida, preferencialmente locais de alvenaria ou, quando n\u00e3o for poss\u00edvel, dentro do pr\u00f3prio ve\u00edculo, evitando encostar nas paredes ou sair do autom\u00f3vel em caso de descargas. Tamb\u00e9m \u00e9 recomendado n\u00e3o ficar embaixo de \u00e1rvores ou de outros pontos altos met\u00e1licos que possam atrair a descarga atmosf\u00e9rica.<\/p>\n\n\n\n<p><strong>SUPORTE AOS DESABRIGADOS \u2013&nbsp;<\/strong>Na manh\u00e3 desta quinta-feira (25), a equipe da Defesa Civil do Paran\u00e1 enviou um&nbsp;<strong><a href=\"https:\/\/www.aen.pr.gov.br\/Noticia\/Defesa-Civil-do-Parana-manda-caminhao-com-150-colchoes-e-cestas-basicas-para-Guaratuba\" target=\"_blank\" rel=\"noreferrer noopener\">caminh\u00e3o com colch\u00f5es e kits dormit\u00f3rio para Guaratuba<\/a><\/strong>, que \u00e9 a cidade da regi\u00e3o que tem o maior volume acumulado de chuvas e tamb\u00e9m o maior n\u00famero de pessoas afetadas. Em todo o Litoral, 417 pessoas foram retiradas de suas casas e colocadas em locais seguros de acordo com o levantamento mais recente da Defesa Civil, que segue atendendo ocorr\u00eancias nas cidades, assim como o Corpo de Bombeiros.<\/p>\n\n\n\n<p>A Coordenadoria Estadual da Defesa Civil tem emitido seguidos alertas sobre as condi\u00e7\u00f5es clim\u00e1ticas, com risco de chuvas fortes e tempestades em grande parte do Estado. Em caso de necessidade e mediante solicita\u00e7\u00e3o das prefeituras, poder\u00e3o ser encaminhadas telhas, lonas, kits de limpeza e higiene e cestas b\u00e1sicas.<\/p>\n\n\n\n<p>AEN\/PR<\/p>\n","protected":false},"excerpt":{"rendered":"<p>A intensifica\u00e7\u00e3o das chuvas no Litoral do Paran\u00e1, que perduram desde o in\u00edcio da semana em Matinhos, Pontal do Paran\u00e1 e Guaratuba, demanda ainda mais cuidados por parte de quem frequenta as praias. O alerta \u00e9 do Corpo de Bombeiros Militar do Paran\u00e1, que neste momento atua tamb\u00e9m no atendimento de moradores afetados por alagamentos [&hellip;]<\/p>\n","protected":false},"author":2,"featured_media":57541,"comment_status":"open","ping_status":"open","sticky":false,"template":"","format":"standard","meta":{"advanced_seo_description":"","jetpack_seo_html_title":"","jetpack_seo_noindex":false,"_jetpack_memberships_contains_paid_content":false,"footnotes":""},"categories":[91],"tags":[],"class_list":{"0":"post-57540","1":"post","2":"type-post","3":"status-publish","4":"format-standard","5":"has-post-thumbnail","7":"category-litoral"},"jetpack_featured_media_url":"https:\/\/www.paranapraia.com.br\/wp-content\/uploads\/2024\/01\/bombeiros_chuva_foto_rdziura-4738-scaled.jpg","jetpack_sharing_enabled":true,"_links":{"self":[{"href":"https:\/\/www.paranapraia.com.br\/index.php\/wp-json\/wp\/v2\/posts\/57540"}],"collection":[{"href":"https:\/\/www.paranapraia.com.br\/index.php\/wp-json\/wp\/v2\/posts"}],"about":[{"href":"https:\/\/www.paranapraia.com.br\/index.php\/wp-json\/wp\/v2\/types\/post"}],"author":[{"embeddable":true,"href":"https:\/\/www.paranapraia.com.br\/index.php\/wp-json\/wp\/v2\/users\/2"}],"replies":[{"embeddable":true,"href":"https:\/\/www.paranapraia.com.br\/index.php\/wp-json\/wp\/v2\/comments?post=57540"}],"version-history":[{"count":1,"href":"https:\/\/www.paranapraia.com.br\/index.php\/wp-json\/wp\/v2\/posts\/57540\/revisions"}],"predecessor-version":[{"id":57542,"href":"https:\/\/www.paranapraia.com.br\/index.php\/wp-json\/wp\/v2\/posts\/57540\/revisions\/57542"}],"wp:featuredmedia":[{"embeddable":true,"href":"https:\/\/www.paranapraia.com.br\/index.php\/wp-json\/wp\/v2\/media\/57541"}],"wp:attachment":[{"href":"https:\/\/www.paranapraia.com.br\/index.php\/wp-json\/wp\/v2\/media?parent=57540"}],"wp:term":[{"taxonomy":"category","embeddable":true,"href":"https:\/\/www.paranapraia.com.br\/index.php\/wp-json\/wp\/v2\/categories?post=57540"},{"taxonomy":"post_tag","embeddable":true,"href":"https:\/\/www.paranapraia.com.br\/index.php\/wp-json\/wp\/v2\/tags?post=57540"}],"curies":[{"name":"wp","href":"https:\/\/api.w.org\/{rel}","templated":true}]}}