{"id":57533,"date":"2024-01-25T10:56:43","date_gmt":"2024-01-25T13:56:43","guid":{"rendered":"https:\/\/www.paranapraia.com.br\/?p=57533"},"modified":"2024-01-25T10:56:45","modified_gmt":"2024-01-25T13:56:45","slug":"guaratuba-tera-a-execucao-de-27-projetos-culturais-esse-ano-pela-lei-paulo-gustavo","status":"publish","type":"post","link":"https:\/\/www.paranapraia.com.br\/index.php\/2024\/01\/25\/guaratuba-tera-a-execucao-de-27-projetos-culturais-esse-ano-pela-lei-paulo-gustavo\/","title":{"rendered":"Guaratuba ter\u00e1 a execu\u00e7\u00e3o de 27 projetos culturais esse ano pela Lei Paulo Gustavo"},"content":{"rendered":"\n<p>Na noite de segunda-feira (22), ocorreu na sede da Secretaria Municipal da Cultura e Turismo a assinatura do Termo de Execu\u00e7\u00e3o Cultural dos projetos aprovados na Lei Paulo Gustavo para o munic\u00edpio de Guaratuba. Foram 27 projetos aprovados num total de 50 que foram submetidos nos Chamamentos P\u00fablicos n\u00ba14 e n\u00ba15\/2023, abertos em meados de outubro de 2023.<br>Os projetos, tanto de audiovisual como de demais \u00e1reas culturais enfocaram a cultura, hist\u00f3ria e turismo guaratubano. Tamb\u00e9m a grande maioria dos projetos aprovados s\u00e3o de produtores culturais da cidade.<br>Os 27 projetos culturais ser\u00e3o executados durante esse ano, movimentando o setor cultural de Guaratuba com exibi\u00e7\u00f5es p\u00fablicas dos curtas-metragens produzidos, de sess\u00f5es de cinema gratuito, mostras de m\u00fasica, oficinas de capoeira, audiovisual, teatro, dan\u00e7a, pintura, etc. O diretor da Cultura e presidente da Comiss\u00e3o de An\u00e1lise e Julgamento dos Editais, Jo\u00e3o Pedro D\u2019Oliveira Silva, destacou que a maioria das contrapartidas tem como p\u00fablico as crian\u00e7as e jovens das escolas de Guaratuba, e que isso, \u00e9 muito importante pois fortalece a perpetua\u00e7\u00e3o da cultura.<br>A Lei Paulo Gustavo (195\/2022) \u00e9 destinada a artistas, produtores, empresas, espa\u00e7os culturais e sociedade civil, incluindo pessoas f\u00edsicas e jur\u00eddicas da \u00e1rea cultural.<\/p>\n\n\n\n<p>Conhe\u00e7a os projetos culturais previstos para esse ano pela Lei Paulo Gustavo em Guaratuba:<\/p>\n\n\n\n<p>DEMAIS \u00c1REAS CULTURAIS<\/p>\n\n\n\n<p>ARTES PL\u00c1STICAS E VISUAIS<\/p>\n\n\n\n<p>MARCIO DOS SANTOS<\/p>\n\n\n\n<p>NOME DO PROJETO: Oficina de pintura em camiseta.<\/p>\n\n\n\n<p>Josenei Alves Junior<\/p>\n\n\n\n<p>NOME DO PROJETO: V\u00e1rias Vari\u00e1veis.<\/p>\n\n\n\n<p>BLOCOS E BANDAS CARNAVALESCOS<\/p>\n\n\n\n<p>Sergio Renato da Silva<\/p>\n\n\n\n<p>NOME DO PROJETO: Bloco da Fam\u00edlia Sapo<\/p>\n\n\n\n<p>CIRCO<\/p>\n\n\n\n<p>Fernanda Val\u00e9rio<\/p>\n\n\n\n<p>NOME DO PROJETO: Alakazam<\/p>\n\n\n\n<p>DAN\u00c7A<\/p>\n\n\n\n<p>GRAZIELLA CALAZANS SCHETTINI<\/p>\n\n\n\n<p>NOME DO PROJETO Hist\u00f3rias Ciganas<\/p>\n\n\n\n<p>M\u00daSICA<\/p>\n\n\n\n<p>Associa\u00e7\u00e3o Pedag\u00f3gica ALMA (Pessoa Jur\u00eddica)<\/p>\n\n\n\n<p>PROJETO: Oficinas de musicaliza\u00e7\u00e3o gratuitas a aproximadamente 70 professores da rede municipal de educa\u00e7\u00e3o.<\/p>\n\n\n\n<p>Alexandre Bueno<\/p>\n\n\n\n<p>NOME DO PROJETO: Minha voz e o viol\u00e3o<\/p>\n\n\n\n<p>Vinicius de Andrade Bueno<\/p>\n\n\n\n<p>NOME DO PROJETO: Rock Ac\u00fastico<\/p>\n\n\n\n<p>TEATRO<\/p>\n\n\n\n<p>Ana Lucia Garcia<\/p>\n\n\n\n<p>NOME DO PROJETO: Boi de mam\u00e3o reciclado<\/p>\n\n\n\n<p>PROJETOS LIVRES<\/p>\n\n\n\n<p>Franciele Aparecida Oliveira (Pessoa Jur\u00eddica)<\/p>\n\n\n\n<p>NOME DO PROJETO: Grupo de capoeira Ilha Bela<\/p>\n\n\n\n<p>Sandra Mara de Andrade Bueno<\/p>\n\n\n\n<p>NOME DO PROJETO: Na trilha dos \u00edndios Coroados<\/p>\n\n\n\n<p>Emanuel Lisboa Fraga<\/p>\n\n\n\n<p>NOME DO PROJETO: Oficina de VJing e V\u00eddeo Mapping<\/p>\n\n\n\n<p>AUDIOVISUAL<\/p>\n\n\n\n<p>Inciso I | LPG &#8211; Apoio a produ\u00e7\u00e3o de obra audiovisual de curta metragem<\/p>\n\n\n\n<p>Grazieli Eurich<\/p>\n\n\n\n<p>NOME DO PROJETO: Boi de Mam\u00e3o de Guaratuba: uma hist\u00f3ria para ser contada<\/p>\n\n\n\n<p>Juliana Capil\u00e9 Rivera<\/p>\n\n\n\n<p>NOME DO PROJETO: TR\u00caS CABE\u00c7AS E OUTRAS LENDAS<\/p>\n\n\n\n<p>Sandra Mara de Andrade Bueno<\/p>\n\n\n\n<p>NOME DO PROJETO: No Caminho das ostras.<\/p>\n\n\n\n<p>Diego Mauricio de Lima (PESSOA JURIDICA)<\/p>\n\n\n\n<p>NOME DO PROJETO: Os foli\u00f5es do Divino<\/p>\n\n\n\n<p>Israel Montesuma Oliveira<\/p>\n\n\n\n<p>NOME DO PROJETO: Rol\u00ea pela cidade de Guaratuba-PR<\/p>\n\n\n\n<p>Emannuel Lisboa Fraga<\/p>\n\n\n\n<p>NOME DO PROJETO: Guaratuba(s)<\/p>\n\n\n\n<p>Sergio Renato da Silva<\/p>\n\n\n\n<p>NOME DO PROJETO: As ra\u00edzes e tradi\u00e7\u00e3o do bloco fam\u00edlia Sapo<\/p>\n\n\n\n<p>Instituto Guaju (PESSOA JUR\u00cdDICA)<\/p>\n\n\n\n<p>NOME DO PROJETO: O MAR E ELES: Uma rela\u00e7\u00e3o de suor, sustento, sonhos e vidas<\/p>\n\n\n\n<p>Daniele Fernandes da Silva<\/p>\n\n\n\n<p>NOME DO PROJETO: Fala Guara<\/p>\n\n\n\n<p>Sergio Santos Barroso<\/p>\n\n\n\n<p>NOME DO PROJETO: Fa\u00e7a-se voc\u00ea mesma!<\/p>\n\n\n\n<p>Inciso I | LPG &#8211; Apoio a produ\u00e7\u00e3o de obra audiovisual de videoclipe<\/p>\n\n\n\n<p>M\u00f4nica Andrade Luz<\/p>\n\n\n\n<p>NOME DO PROJETO: \u201cMergulho &#8211; Imers\u00e3o po\u00e9tica\u201c<\/p>\n\n\n\n<p>Inciso III | A\u00e7\u00e3o de Forma\u00e7\u00e3o Audiovisual ou Apoio a cineclube<\/p>\n\n\n\n<p>Tatiana Mendes Horevicht<\/p>\n\n\n\n<p>NOME DO PROJETO: OFICINA DE ATUA\u00c7\u00c3O PARA CINEMA<\/p>\n\n\n\n<p>Juliana Capil\u00e9 Rivera<\/p>\n\n\n\n<p>NOME DO PROJETO: OFICINA DE ESCRITA DE ROTEIRO PARA DOCUMENT\u00c1RIO<\/p>\n\n\n\n<p>Servi\u00e7o Nacional de Aprendizagem Industrial (SENAI) (PESSOA JUR\u00cdDICA)<\/p>\n\n\n\n<p>NOME DO PROJETO: Forma\u00e7\u00e3o Auduovisual -Produ\u00e7\u00e3o executiva, do roteiro ao quadro de produ\u00e7\u00e3o.<\/p>\n\n\n\n<p>Emannuel Lisboa Fraga<\/p>\n\n\n\n<p>NOME DO PROJETO: Guar\u00e1 CineClube Cinema ao ar livre tela e projetores).<\/p>\n\n\n\n<p>Prefeitura de Guaratuba <\/p>\n","protected":false},"excerpt":{"rendered":"<p>Na noite de segunda-feira (22), ocorreu na sede da Secretaria Municipal da Cultura e Turismo a assinatura do Termo de Execu\u00e7\u00e3o Cultural dos projetos aprovados na Lei Paulo Gustavo para o munic\u00edpio de Guaratuba. Foram 27 projetos aprovados num total de 50 que foram submetidos nos Chamamentos P\u00fablicos n\u00ba14 e n\u00ba15\/2023, abertos em meados de [&hellip;]<\/p>\n","protected":false},"author":2,"featured_media":57534,"comment_status":"open","ping_status":"open","sticky":false,"template":"","format":"standard","meta":{"advanced_seo_description":"","jetpack_seo_html_title":"","jetpack_seo_noindex":false,"_jetpack_memberships_contains_paid_content":false,"footnotes":""},"categories":[99],"tags":[],"class_list":{"0":"post-57533","1":"post","2":"type-post","3":"status-publish","4":"format-standard","5":"has-post-thumbnail","7":"category-guaratuba"},"jetpack_featured_media_url":"https:\/\/www.paranapraia.com.br\/wp-content\/uploads\/2024\/01\/FB_IMG_1706190927964-scaled.jpg","jetpack_sharing_enabled":true,"_links":{"self":[{"href":"https:\/\/www.paranapraia.com.br\/index.php\/wp-json\/wp\/v2\/posts\/57533"}],"collection":[{"href":"https:\/\/www.paranapraia.com.br\/index.php\/wp-json\/wp\/v2\/posts"}],"about":[{"href":"https:\/\/www.paranapraia.com.br\/index.php\/wp-json\/wp\/v2\/types\/post"}],"author":[{"embeddable":true,"href":"https:\/\/www.paranapraia.com.br\/index.php\/wp-json\/wp\/v2\/users\/2"}],"replies":[{"embeddable":true,"href":"https:\/\/www.paranapraia.com.br\/index.php\/wp-json\/wp\/v2\/comments?post=57533"}],"version-history":[{"count":1,"href":"https:\/\/www.paranapraia.com.br\/index.php\/wp-json\/wp\/v2\/posts\/57533\/revisions"}],"predecessor-version":[{"id":57535,"href":"https:\/\/www.paranapraia.com.br\/index.php\/wp-json\/wp\/v2\/posts\/57533\/revisions\/57535"}],"wp:featuredmedia":[{"embeddable":true,"href":"https:\/\/www.paranapraia.com.br\/index.php\/wp-json\/wp\/v2\/media\/57534"}],"wp:attachment":[{"href":"https:\/\/www.paranapraia.com.br\/index.php\/wp-json\/wp\/v2\/media?parent=57533"}],"wp:term":[{"taxonomy":"category","embeddable":true,"href":"https:\/\/www.paranapraia.com.br\/index.php\/wp-json\/wp\/v2\/categories?post=57533"},{"taxonomy":"post_tag","embeddable":true,"href":"https:\/\/www.paranapraia.com.br\/index.php\/wp-json\/wp\/v2\/tags?post=57533"}],"curies":[{"name":"wp","href":"https:\/\/api.w.org\/{rel}","templated":true}]}}