{"id":57527,"date":"2024-01-25T10:39:51","date_gmt":"2024-01-25T13:39:51","guid":{"rendered":"https:\/\/www.paranapraia.com.br\/?p=57527"},"modified":"2024-01-25T10:39:53","modified_gmt":"2024-01-25T13:39:53","slug":"com-chuvas-atletas-disputam-circuito-paranaense-de-volei-de-praia-em-novo-local","status":"publish","type":"post","link":"https:\/\/www.paranapraia.com.br\/index.php\/2024\/01\/25\/com-chuvas-atletas-disputam-circuito-paranaense-de-volei-de-praia-em-novo-local\/","title":{"rendered":"Com chuvas, atletas disputam Circuito Paranaense de V\u00f4lei de Praia em novo local"},"content":{"rendered":"\n<p>Come\u00e7aram nesta quarta-feira (24) os jogos da etapa final do Circuito Paranaense de V\u00f4lei de Praia em Matinhos. O torneio, que re\u00fane as oito melhores duplas masculinas e femininas do Estado em quatro categorias de idade, integra os Jogos de Aventura e Natureza dentro da programa\u00e7\u00e3o do Ver\u00e3o Maior Paran\u00e1.<\/p>\n\n\n\n<p>Chamado de Super Praia, o torneio segue at\u00e9 sexta-feira (26), marcando o fim do calend\u00e1rio esportivo iniciado em 2023 com a defini\u00e7\u00e3o do t\u00edtulo de campe\u00e3o paranaense dentro de cada categoria.<\/p>\n\n\n\n<p>Foram chamadas para competir as duplas com melhor desempenho ao longo de oito competi\u00e7\u00f5es oficiais organizadas pela Federa\u00e7\u00e3o Paranaense de Voleibol (FPV) durante 2023, cujos campe\u00f5es ser\u00e3o conhecidos na manh\u00e3 de sexta (26), com previs\u00e3o de encerramento ao meio-dia.<\/p>\n\n\n\n<p>Devido \u00e0s fortes chuvas na regi\u00e3o do Litoral nos \u00faltimos dias, o Governo do Estado e a Federa\u00e7\u00e3o Paranaense de Voleibol decidiram alterar o local do evento. Inicialmente marcado para ocorrer nas areias da praia de Caiob\u00e1, o torneio foi transferido para a Arena Caiob\u00e1, um espa\u00e7o de quadras de areia cobertas.<\/p>\n\n\n\n<p>Segundo o diretor de Inova\u00e7\u00e3o da Secretaria de Estado do Esporte, Tiago Campos, a medida foi necess\u00e1ria para garantir que os atletas de todas as regi\u00f5es do Paran\u00e1 pudessem competir normalmente. \u201cFizemos um esfor\u00e7o conjunto com Federa\u00e7\u00e3o para que os atletas do Interior do Estado que j\u00e1 estavam aqui no Litoral n\u00e3o perdessem a viagem. Conseguimos transferir os jogos para um local adequado e realizar a competi\u00e7\u00e3o, que est\u00e1 sendo um sucesso absoluto\u201d, afirmou.<\/p>\n\n\n\n<p>Apesar da chuva e das mudan\u00e7as, a coordenadora do V\u00f4lei de Praia da FPV, Rafaela Leu, garante que os atletas continuam motivados. \u201cTivemos uma grande mudan\u00e7a nos nossos planos, mas tudo est\u00e1 fluindo normalmente. Para n\u00f3s e para os atletas, \u00e9 melhor que haja competi\u00e7\u00e3o, por isso aprovamos a solu\u00e7\u00e3o do Governo do Estado\u201d, comentou. \u201cTemos uma parceria de muitos anos e pretendemos sempre ter uma etapa da competi\u00e7\u00e3o dentro do Ver\u00e3o Maior Paran\u00e1\u201d.<\/p>\n\n\n\n<p>Uma das principais competidoras presentes \u00e9 Eduarda Girotto, de 23 anos, de Dois Vizinhos, que j\u00e1 foi campe\u00e3 brasileira na categoria Sub-19. \u201cA gente j\u00e1 compete h\u00e1 bastante tempo em n\u00edvel estadual e nacional e a expectativa \u00e9 sempre buscar o primeiro lugar. No ano passado jogamos na beira da praia e foi muito legal, mas a estrutura e a areia aqui tamb\u00e9m s\u00e3o muito boas. As condi\u00e7\u00f5es mudam um pouco e gente precisa se adequar r\u00e1pido, jogo a jogo\u201d, explicou.<\/p>\n\n\n\n<p>De Maring\u00e1, Patrick Pereira, 22 anos, tamb\u00e9m aprovou as condi\u00e7\u00f5es de jogo. \u201cInfelizmente n\u00e3o tivemos como jogar na praia, mas aqui est\u00e1 sendo um \u00f3timo lugar. Tem menos vento e a areia que \u00e9 um pouco mais leve, mas \u00e9 bem gostoso de jogar\u201d, avaliou. \u201cEssa est\u00e1 sendo a primeira competi\u00e7\u00e3o do ano ap\u00f3s um tempo de f\u00e9rias, ent\u00e3o tamb\u00e9m serve como prepara\u00e7\u00e3o para 2024 para voltar ao ritmo e conquistar os objetivos maiores do ano\u201d, revelou o jogador.<\/p>\n\n\n\n<p>AEN<\/p>\n","protected":false},"excerpt":{"rendered":"<p>Come\u00e7aram nesta quarta-feira (24) os jogos da etapa final do Circuito Paranaense de V\u00f4lei de Praia em Matinhos. O torneio, que re\u00fane as oito melhores duplas masculinas e femininas do Estado em quatro categorias de idade, integra os Jogos de Aventura e Natureza dentro da programa\u00e7\u00e3o do Ver\u00e3o Maior Paran\u00e1. Chamado de Super Praia, o [&hellip;]<\/p>\n","protected":false},"author":2,"featured_media":57528,"comment_status":"open","ping_status":"open","sticky":false,"template":"","format":"standard","meta":{"advanced_seo_description":"","jetpack_seo_html_title":"","jetpack_seo_noindex":false,"_jetpack_memberships_contains_paid_content":false,"footnotes":""},"categories":[91],"tags":[],"class_list":{"0":"post-57527","1":"post","2":"type-post","3":"status-publish","4":"format-standard","5":"has-post-thumbnail","7":"category-litoral"},"jetpack_featured_media_url":"https:\/\/www.paranapraia.com.br\/wp-content\/uploads\/2024\/01\/circuito_volei_praia_foto_rdziura-4592-scaled.jpg","jetpack_sharing_enabled":true,"_links":{"self":[{"href":"https:\/\/www.paranapraia.com.br\/index.php\/wp-json\/wp\/v2\/posts\/57527"}],"collection":[{"href":"https:\/\/www.paranapraia.com.br\/index.php\/wp-json\/wp\/v2\/posts"}],"about":[{"href":"https:\/\/www.paranapraia.com.br\/index.php\/wp-json\/wp\/v2\/types\/post"}],"author":[{"embeddable":true,"href":"https:\/\/www.paranapraia.com.br\/index.php\/wp-json\/wp\/v2\/users\/2"}],"replies":[{"embeddable":true,"href":"https:\/\/www.paranapraia.com.br\/index.php\/wp-json\/wp\/v2\/comments?post=57527"}],"version-history":[{"count":1,"href":"https:\/\/www.paranapraia.com.br\/index.php\/wp-json\/wp\/v2\/posts\/57527\/revisions"}],"predecessor-version":[{"id":57529,"href":"https:\/\/www.paranapraia.com.br\/index.php\/wp-json\/wp\/v2\/posts\/57527\/revisions\/57529"}],"wp:featuredmedia":[{"embeddable":true,"href":"https:\/\/www.paranapraia.com.br\/index.php\/wp-json\/wp\/v2\/media\/57528"}],"wp:attachment":[{"href":"https:\/\/www.paranapraia.com.br\/index.php\/wp-json\/wp\/v2\/media?parent=57527"}],"wp:term":[{"taxonomy":"category","embeddable":true,"href":"https:\/\/www.paranapraia.com.br\/index.php\/wp-json\/wp\/v2\/categories?post=57527"},{"taxonomy":"post_tag","embeddable":true,"href":"https:\/\/www.paranapraia.com.br\/index.php\/wp-json\/wp\/v2\/tags?post=57527"}],"curies":[{"name":"wp","href":"https:\/\/api.w.org\/{rel}","templated":true}]}}