{"id":5749,"date":"2019-04-10T15:12:25","date_gmt":"2019-04-10T18:12:25","guid":{"rendered":"https:\/\/www.paranapraia.com.br\/?p=5749"},"modified":"2019-04-10T15:12:33","modified_gmt":"2019-04-10T18:12:33","slug":"operacao-dedalo-policia-federal-investiga-crimes-de-perigo-a-aviacao","status":"publish","type":"post","link":"https:\/\/www.paranapraia.com.br\/index.php\/2019\/04\/10\/operacao-dedalo-policia-federal-investiga-crimes-de-perigo-a-aviacao\/","title":{"rendered":"\u00d3pera\u00e7\u00e3o D\u00e9dalo: Pol\u00edcia Federal investiga crimes de perigo \u00e0 avia\u00e7\u00e3o"},"content":{"rendered":"\n<p>A Pol\u00edcia Federal (PF) cumpre dois mandados de busca e apreens\u00e3o em Curitiba, na manh\u00e3 desta quarta-feira (10). A a\u00e7\u00e3o faz parte da Opera\u00e7\u00e3o D\u00e9dalo, que investiga irregularidades em aeronaves e combate crimes que oferecem perigo \u00e0 avia\u00e7\u00e3o.<\/p>\n\n\n\n<p>De acordo com a PF, as investiga\u00e7\u00f5es come\u00e7aram em 2016, depois que a imprensa denunciou irregularidades sobre quedas de helic\u00f3pteros. Em conjunto com a Ag\u00eancia Nacional de Avia\u00e7\u00e3o Civil (ANAC), os agentes constataram por meio de per\u00edcias e an\u00e1lises que aeronaves estavam sendo vendidas com registros fraudulentos e falhas nos controles de voo.<\/p>\n\n\n\n<p>Ao todo, 50 policiais federais e 20 fiscais da ANAC participam da opera\u00e7\u00e3o, que acontece tamb\u00e9m em Santa Catarina e em S\u00e3o Paulo. Al\u00e9m de Curitiba, oito mandados s\u00e3o cumpridos em Joinville, Rio do Sul, Sorocaba e Birig\u00fci. As a\u00e7\u00f5es est\u00e3o concentradas em oficinas, empresas e resid\u00eancias. Sete aeronaves sem condi\u00e7\u00f5es de voo foram apreendidas.<\/p>\n\n\n\n<p>Os investigados devem responder pelos crimes de perigo \u00e0 avia\u00e7\u00e3o, falsifica\u00e7\u00e3o de documentos, falsidade ideol\u00f3gica e sonega\u00e7\u00e3o fiscal.<\/p>\n\n\n\n<p>MassaNews<\/p>\n","protected":false},"excerpt":{"rendered":"<p>A Pol\u00edcia Federal (PF) cumpre dois mandados de busca e apreens\u00e3o em Curitiba, na manh\u00e3 desta quarta-feira (10). A a\u00e7\u00e3o faz parte da Opera\u00e7\u00e3o D\u00e9dalo, que investiga irregularidades em aeronaves e combate crimes que oferecem perigo \u00e0 avia\u00e7\u00e3o. De acordo com a PF, as investiga\u00e7\u00f5es come\u00e7aram em 2016, depois que a imprensa denunciou irregularidades sobre [&hellip;]<\/p>\n","protected":false},"author":2,"featured_media":5750,"comment_status":"open","ping_status":"open","sticky":false,"template":"","format":"standard","meta":{"advanced_seo_description":"","jetpack_seo_html_title":"","jetpack_seo_noindex":false,"_jetpack_memberships_contains_paid_content":false,"footnotes":""},"categories":[42],"tags":[],"class_list":{"0":"post-5749","1":"post","2":"type-post","3":"status-publish","4":"format-standard","5":"has-post-thumbnail","7":"category-cidades"},"jetpack_featured_media_url":"https:\/\/www.paranapraia.com.br\/wp-content\/uploads\/2019\/04\/o.jpeg","jetpack_sharing_enabled":true,"_links":{"self":[{"href":"https:\/\/www.paranapraia.com.br\/index.php\/wp-json\/wp\/v2\/posts\/5749"}],"collection":[{"href":"https:\/\/www.paranapraia.com.br\/index.php\/wp-json\/wp\/v2\/posts"}],"about":[{"href":"https:\/\/www.paranapraia.com.br\/index.php\/wp-json\/wp\/v2\/types\/post"}],"author":[{"embeddable":true,"href":"https:\/\/www.paranapraia.com.br\/index.php\/wp-json\/wp\/v2\/users\/2"}],"replies":[{"embeddable":true,"href":"https:\/\/www.paranapraia.com.br\/index.php\/wp-json\/wp\/v2\/comments?post=5749"}],"version-history":[{"count":1,"href":"https:\/\/www.paranapraia.com.br\/index.php\/wp-json\/wp\/v2\/posts\/5749\/revisions"}],"predecessor-version":[{"id":5751,"href":"https:\/\/www.paranapraia.com.br\/index.php\/wp-json\/wp\/v2\/posts\/5749\/revisions\/5751"}],"wp:featuredmedia":[{"embeddable":true,"href":"https:\/\/www.paranapraia.com.br\/index.php\/wp-json\/wp\/v2\/media\/5750"}],"wp:attachment":[{"href":"https:\/\/www.paranapraia.com.br\/index.php\/wp-json\/wp\/v2\/media?parent=5749"}],"wp:term":[{"taxonomy":"category","embeddable":true,"href":"https:\/\/www.paranapraia.com.br\/index.php\/wp-json\/wp\/v2\/categories?post=5749"},{"taxonomy":"post_tag","embeddable":true,"href":"https:\/\/www.paranapraia.com.br\/index.php\/wp-json\/wp\/v2\/tags?post=5749"}],"curies":[{"name":"wp","href":"https:\/\/api.w.org\/{rel}","templated":true}]}}