{"id":57464,"date":"2024-01-23T16:01:24","date_gmt":"2024-01-23T19:01:24","guid":{"rendered":"https:\/\/www.paranapraia.com.br\/?p=57464"},"modified":"2024-01-23T16:01:27","modified_gmt":"2024-01-23T19:01:27","slug":"temporais-provocaram-quebra-de-56-mil-postes-de-energia-da-copel-no-parana-em-2023","status":"publish","type":"post","link":"https:\/\/www.paranapraia.com.br\/index.php\/2024\/01\/23\/temporais-provocaram-quebra-de-56-mil-postes-de-energia-da-copel-no-parana-em-2023\/","title":{"rendered":"Temporais provocaram quebra de 5,6 mil postes de energia da Copel no Paran\u00e1 em 2023"},"content":{"rendered":"\n<p>Em 2023, o Paran\u00e1 enfrentou 24 temporais de grandes propor\u00e7\u00f5es, o maior n\u00famero no Estado em um ano. Eles provocaram danos graves \u00e0 rede el\u00e9trica, como a quebra de 5.637 postes da rede da Copel no ano passado, uma m\u00e9dia de 15 por dia. A instala\u00e7\u00e3o dos novos postes no lugar dos avariados equivale \u00e0 quantidade de estruturas necess\u00e1rias para construir uma rede nova de cerca de 320 quil\u00f4metros de extens\u00e3o.<\/p>\n\n\n\n<p>\u201cEm 2023 n\u00f3s trabalhamos intensamente para reconstruir parte da rede destru\u00edda por temporais e para minimizar os impactos sobre o fornecimento de energia \u00e0 popula\u00e7\u00e3o\u201d, explica a superintendente de Manuten\u00e7\u00e3o da Copel, Andrea Bertolin.<\/p>\n\n\n\n<p>Ela ressalta&nbsp;que,&nbsp;al\u00e9m da manuten\u00e7\u00e3o preventiva e mobiliza\u00e7\u00e3o das equipes, a Copel est\u00e1 investindo em amplia\u00e7\u00e3o e moderniza\u00e7\u00e3o da rede.&nbsp;\u201cO investimento em novas redes e subesta\u00e7\u00f5es, e a implementa\u00e7\u00e3o&nbsp;de programas como o Paran\u00e1 Trif\u00e1sico e o Rede El\u00e9trica Inteligente&nbsp;contribuem&nbsp;para elevarmos o n\u00edvel de automa\u00e7\u00e3o da rede e empregarmos tecnologia avan\u00e7ada no enfrentamento dos estragos deixados pelos temporais&#8221;, afirma.<\/p>\n\n\n\n<p>De acordo com o Simepar, no ano passado foram registrados 3.935 epis\u00f3dios de rajadas de ventos acima de 50 km\/h no Paran\u00e1, um aumento de 14% em rela\u00e7\u00e3o a 2022 e de 34,8% na compara\u00e7\u00e3o a 2021. O instituto de meteorologia contabilizou 284.210 raios no Estado em 2023, n\u00famero 25% maior do que em 2022 e 183% superior a 2021.<\/p>\n\n\n\n<p>A primavera do ano passado tamb\u00e9m foi marcada por recordes de temperaturas e chuvas intensas. Segundo o Simepar, os acumulados de chuva superaram os 900 mm em diversos munic\u00edpios durante a esta\u00e7\u00e3o, principalmente no Sudoeste e Centro-Sul paranaense.<\/p>\n\n\n\n<p>As intemp\u00e9ries fazem parte de um contexto mais amplo de temporais que assolaram todo o Paran\u00e1 e est\u00e3o associados ao fen\u00f4meno El Ni\u00f1o. Em duas ocasi\u00f5es, em outubro, os ventos alcan\u00e7aram velocidades de 100 km\/h e provocaram danos graves \u00e0 parte da rede, que precisou ser reconstru\u00edda.<\/p>\n\n\n\n<p><strong>INVESTIMENTOS&nbsp;<\/strong>\u2013 Para fortalecer a rede el\u00e9trica, em 2023, a Copel destinou R$ 1,878 bilh\u00e3o a obras de amplia\u00e7\u00e3o e refor\u00e7o na distribui\u00e7\u00e3o de energia do Paran\u00e1. O montante foi aplicado em grandes programas de moderniza\u00e7\u00e3o, como o Paran\u00e1 Trif\u00e1sico e o Rede El\u00e9trica Inteligente, al\u00e9m da constru\u00e7\u00e3o de novas linhas, redes e subesta\u00e7\u00f5es.<\/p>\n\n\n\n<p>Somente no ano passado, a Copel concluiu 30 grandes obras de constru\u00e7\u00e3o ou amplia\u00e7\u00e3o de subesta\u00e7\u00f5es, linhas de transmiss\u00e3o e de distribui\u00e7\u00e3o de energia no Paran\u00e1.<\/p>\n\n\n\n<p>Em 2024, a companhia vai investir mais R$ 2,091 bilh\u00f5es em obras de melhoria na qualidade do fornecimento de energia da rede no Paran\u00e1. Em distribui\u00e7\u00e3o de energia, os investimentos aprovados somados entre 2019 e 2024 alcan\u00e7am o montante de R$ 8,8 bilh\u00f5es, quase 70% do total que a Copel est\u00e1 aportando nestes cinco anos.<\/p>\n\n\n\n<p>AEN<\/p>\n","protected":false},"excerpt":{"rendered":"<p>Em 2023, o Paran\u00e1 enfrentou 24 temporais de grandes propor\u00e7\u00f5es, o maior n\u00famero no Estado em um ano. Eles provocaram danos graves \u00e0 rede el\u00e9trica, como a quebra de 5.637 postes da rede da Copel no ano passado, uma m\u00e9dia de 15 por dia. A instala\u00e7\u00e3o dos novos postes no lugar dos avariados equivale \u00e0 [&hellip;]<\/p>\n","protected":false},"author":2,"featured_media":57465,"comment_status":"open","ping_status":"open","sticky":false,"template":"","format":"standard","meta":{"advanced_seo_description":"","jetpack_seo_html_title":"","jetpack_seo_noindex":false,"_jetpack_memberships_contains_paid_content":false,"footnotes":""},"categories":[650],"tags":[],"class_list":{"0":"post-57464","1":"post","2":"type-post","3":"status-publish","4":"format-standard","5":"has-post-thumbnail","7":"category-parana"},"jetpack_featured_media_url":"https:\/\/www.paranapraia.com.br\/wp-content\/uploads\/2024\/01\/eletricistas_reconstroem_a_rede_apos_temporal_em_curitiba_1-scaled.jpg","jetpack_sharing_enabled":true,"_links":{"self":[{"href":"https:\/\/www.paranapraia.com.br\/index.php\/wp-json\/wp\/v2\/posts\/57464"}],"collection":[{"href":"https:\/\/www.paranapraia.com.br\/index.php\/wp-json\/wp\/v2\/posts"}],"about":[{"href":"https:\/\/www.paranapraia.com.br\/index.php\/wp-json\/wp\/v2\/types\/post"}],"author":[{"embeddable":true,"href":"https:\/\/www.paranapraia.com.br\/index.php\/wp-json\/wp\/v2\/users\/2"}],"replies":[{"embeddable":true,"href":"https:\/\/www.paranapraia.com.br\/index.php\/wp-json\/wp\/v2\/comments?post=57464"}],"version-history":[{"count":1,"href":"https:\/\/www.paranapraia.com.br\/index.php\/wp-json\/wp\/v2\/posts\/57464\/revisions"}],"predecessor-version":[{"id":57466,"href":"https:\/\/www.paranapraia.com.br\/index.php\/wp-json\/wp\/v2\/posts\/57464\/revisions\/57466"}],"wp:featuredmedia":[{"embeddable":true,"href":"https:\/\/www.paranapraia.com.br\/index.php\/wp-json\/wp\/v2\/media\/57465"}],"wp:attachment":[{"href":"https:\/\/www.paranapraia.com.br\/index.php\/wp-json\/wp\/v2\/media?parent=57464"}],"wp:term":[{"taxonomy":"category","embeddable":true,"href":"https:\/\/www.paranapraia.com.br\/index.php\/wp-json\/wp\/v2\/categories?post=57464"},{"taxonomy":"post_tag","embeddable":true,"href":"https:\/\/www.paranapraia.com.br\/index.php\/wp-json\/wp\/v2\/tags?post=57464"}],"curies":[{"name":"wp","href":"https:\/\/api.w.org\/{rel}","templated":true}]}}