{"id":57461,"date":"2024-01-23T15:12:00","date_gmt":"2024-01-23T18:12:00","guid":{"rendered":"https:\/\/www.paranapraia.com.br\/?p=57461"},"modified":"2024-01-23T15:12:05","modified_gmt":"2024-01-23T18:12:05","slug":"chuva-altera-programacao-esportiva-e-cultural-do-verao-maior-parana-no-litoral","status":"publish","type":"post","link":"https:\/\/www.paranapraia.com.br\/index.php\/2024\/01\/23\/chuva-altera-programacao-esportiva-e-cultural-do-verao-maior-parana-no-litoral\/","title":{"rendered":"Chuva altera programa\u00e7\u00e3o esportiva e cultural do Ver\u00e3o Maior Paran\u00e1 no Litoral"},"content":{"rendered":"\n<p>As atividades esportivas e culturais promovidas pelo Governo do Estado no Litoral previstas para esta semana sofreram altera\u00e7\u00f5es devido \u00e0s fortes chuvas desde o \u00faltimo final de semana. Visando a seguran\u00e7a dos participantes, alguns eventos foram cancelados e outros tiveram hor\u00e1rio e local alterados. Segundo o Simepar, as esta\u00e7\u00f5es de Matinhos (81,6 mm) e Guaratuba (106,4 mm) registraram grandes volumes de chuvas nesta ter\u00e7a-feira (23), previs\u00e3o que deve se estender at\u00e9 o pr\u00f3ximo final de semana.A coordena\u00e7\u00e3o do Ver\u00e3o Maior Paran\u00e1 decidiu cancelar as apresenta\u00e7\u00f5es dos palcos Sunset at\u00e9 o pr\u00f3ximo domingo (28) nas praias de Caiob\u00e1, em Matinhos, Guaratuba e na praia de Shangri-l\u00e1, em Pontal do Paran\u00e1. Para esta semana, estavam programados os shows da Bananeira Brass Band, Jo\u00e3o Triska, banda Black Maria, da dupla sertaneja Dani e Gabriela, cantora Jay de Oy\u00e1, Big Belas Band, al\u00e9m de apresenta\u00e7\u00f5es da Banda da Pol\u00edcia Militar do Paran\u00e1, Juli\u00e3o Bo\u00eamio Quarteto, Luccas e Leonardo, M\u00e1rcio Juliano e Luccas e Leonardo.A equipe do Governo do Estado trabalha para reagendar novas datas para apresenta\u00e7\u00e3o dos artistas. A programa\u00e7\u00e3o do Palco Sunset deve retomar a partir da pr\u00f3xima ter\u00e7a-feira (30). Os quatro shows nacionais do final de semana em Matinhos e Pontal do Paran\u00e1 est\u00e3o mantidos. Guilherme e Benuto, Rick e Renner e George Henrique e Rodrigo sobem nos palcos na sexta e no s\u00e1bado.<\/p>\n\n\n\n<p>O Circuito Paranaense de V\u00f4lei de Praia, que deveria ter come\u00e7ado nesta ter\u00e7a-feira (23) na praia de Caiob\u00e1, tamb\u00e9m foi adiado. A atividade acontecer\u00e1 a partir desta quarta-feira (24), \u00e0s 8h, e segue at\u00e9 sexta-feira (25). A competi\u00e7\u00e3o ser\u00e1 realizada na Arena de Caiob\u00e1, espa\u00e7o coberto localizado na Avenida Curitiba. A competi\u00e7\u00e3o conta com atletas da categoria de base at\u00e9 a adulta do Estado todo.&nbsp;<\/p>\n\n\n\n<p>J\u00e1 o Sul Brasileiro de V\u00f4lei de Praia, em Caiob\u00e1, e a etapa final do Circuito Brasileiro de Handebol de Praia, em Guaratuba, foram cancelados.<\/p>\n\n\n\n<p>Por enquanto, segue mantido o Jogo das Estrelas de V\u00f4lei de Praia, no domingo (28), com atletas renomados do v\u00f4lei brasileiro e mundial. Os jogadores de v\u00f4lei de quadra Giba, Dante, Rodrig\u00e3o e Carl\u00e3o v\u00e3o enfrentar os jogadores de v\u00f4lei de areia Emanuel, Alison, Cl\u00e9sio Prado e Raphael Bode.<\/p>\n\n\n\n<p>O Circuito Paranaense de \u00c1guas Abertas (400m, 700m e 1500m) e o Sul Brasileiro de \u00c1guas Abertas (5000m) tamb\u00e9m est\u00e3o mantidos na programa\u00e7\u00e3o. As atividades ser\u00e3o no pr\u00f3ximo domingo.&nbsp;<\/p>\n\n\n\n<p>\u201cOs cancelamentos acontecem devido \u00e0s fortes chuvas que afetam o Litoral, com o objetivo de preservar a seguran\u00e7a dos moradores e veranistas. Vamos acompanhar a previs\u00e3o meteorol\u00f3gica e esperamos que em breve todas as atividades voltem ao normal\u201d, disse o diretor de Inova\u00e7\u00e3o e Desenvolvimento do Esporte, Tiago Campos.\u00a0<\/p>\n\n\n\n<p>AEN<\/p>\n","protected":false},"excerpt":{"rendered":"<p>As atividades esportivas e culturais promovidas pelo Governo do Estado no Litoral previstas para esta semana sofreram altera\u00e7\u00f5es devido \u00e0s fortes chuvas desde o \u00faltimo final de semana. Visando a seguran\u00e7a dos participantes, alguns eventos foram cancelados e outros tiveram hor\u00e1rio e local alterados. Segundo o Simepar, as esta\u00e7\u00f5es de Matinhos (81,6 mm) e Guaratuba [&hellip;]<\/p>\n","protected":false},"author":2,"featured_media":57462,"comment_status":"open","ping_status":"open","sticky":false,"template":"","format":"standard","meta":{"advanced_seo_description":"","jetpack_seo_html_title":"","jetpack_seo_noindex":false,"_jetpack_memberships_contains_paid_content":false,"footnotes":""},"categories":[91],"tags":[],"class_list":{"0":"post-57461","1":"post","2":"type-post","3":"status-publish","4":"format-standard","5":"has-post-thumbnail","7":"category-litoral"},"jetpack_featured_media_url":"https:\/\/www.paranapraia.com.br\/wp-content\/uploads\/2024\/01\/whatsapp_image_2024-01-23_at_15.00.40-scaled.jpg","jetpack_sharing_enabled":true,"_links":{"self":[{"href":"https:\/\/www.paranapraia.com.br\/index.php\/wp-json\/wp\/v2\/posts\/57461"}],"collection":[{"href":"https:\/\/www.paranapraia.com.br\/index.php\/wp-json\/wp\/v2\/posts"}],"about":[{"href":"https:\/\/www.paranapraia.com.br\/index.php\/wp-json\/wp\/v2\/types\/post"}],"author":[{"embeddable":true,"href":"https:\/\/www.paranapraia.com.br\/index.php\/wp-json\/wp\/v2\/users\/2"}],"replies":[{"embeddable":true,"href":"https:\/\/www.paranapraia.com.br\/index.php\/wp-json\/wp\/v2\/comments?post=57461"}],"version-history":[{"count":1,"href":"https:\/\/www.paranapraia.com.br\/index.php\/wp-json\/wp\/v2\/posts\/57461\/revisions"}],"predecessor-version":[{"id":57463,"href":"https:\/\/www.paranapraia.com.br\/index.php\/wp-json\/wp\/v2\/posts\/57461\/revisions\/57463"}],"wp:featuredmedia":[{"embeddable":true,"href":"https:\/\/www.paranapraia.com.br\/index.php\/wp-json\/wp\/v2\/media\/57462"}],"wp:attachment":[{"href":"https:\/\/www.paranapraia.com.br\/index.php\/wp-json\/wp\/v2\/media?parent=57461"}],"wp:term":[{"taxonomy":"category","embeddable":true,"href":"https:\/\/www.paranapraia.com.br\/index.php\/wp-json\/wp\/v2\/categories?post=57461"},{"taxonomy":"post_tag","embeddable":true,"href":"https:\/\/www.paranapraia.com.br\/index.php\/wp-json\/wp\/v2\/tags?post=57461"}],"curies":[{"name":"wp","href":"https:\/\/api.w.org\/{rel}","templated":true}]}}