{"id":5746,"date":"2019-04-10T15:10:39","date_gmt":"2019-04-10T18:10:39","guid":{"rendered":"https:\/\/www.paranapraia.com.br\/?p=5746"},"modified":"2019-04-10T15:10:42","modified_gmt":"2019-04-10T18:10:42","slug":"ministro-da-educacao-defende-tirar-bolsa-familia-de-aluno-agressor","status":"publish","type":"post","link":"https:\/\/www.paranapraia.com.br\/index.php\/2019\/04\/10\/ministro-da-educacao-defende-tirar-bolsa-familia-de-aluno-agressor\/","title":{"rendered":"Ministro da Educa\u00e7\u00e3o defende tirar Bolsa Fam\u00edlia de aluno agressor"},"content":{"rendered":"\n<h4 class=\"wp-block-heading\">&#8220;Temos de cumprir leis ou caminhamos para barb\u00e1rie. Hoje h\u00e1 muito o &#8216;deixa disso&#8217;, &#8216;coitado'&#8221;, disse Weintraub<\/h4>\n\n\n\n<p> Novo ministro da\u00a0Educa\u00e7\u00e3o,\u00a0<strong>Abraham Weintraub<\/strong>\u00a0afirma que ficar\u00e1 vigilante a \u201ctudo que sair\u201d da pasta, como livros did\u00e1ticos, e estar\u00e1 atento a \u201csabotagens\u201d. Ele nega, por\u00e9m, que haver\u00e1 persegui\u00e7\u00e3o no MEC. \u201cN\u00e3o sou ca\u00e7ador de comunistas\u201d, disse ao jornal\u00a0<strong>O Estado de S. Paulo<\/strong>. O ministro afirmou que trabalhar\u00e1 para entregar o que est\u00e1 no plano de governo e n\u00e3o far\u00e1, por ora, mudan\u00e7a no Fies ou no ProUni. \u201cChega de solavanco.\u201d<\/p>\n\n\n\n<p>Tema do programa de Bolsonaro, a disciplina nas escolas \u00e9 alvo de preocupa\u00e7\u00e3o. Ele defende que professores agredidos em sala de aula chamem a pol\u00edcia e que os pais sejam processados e, \u201cno limite\u201d, percam o Bolsa Fam\u00edlia e a tutela das crian\u00e7as infratoras. \u201cTemos de cumprir leis ou caminhamos para barb\u00e1rie. Hoje h\u00e1 muito o \u2018deixa disso\u2019, \u2018coitado\u2019. O coitado est\u00e1 agredindo o professor\u201d, disse, frisando que ainda n\u00e3o h\u00e1 medidas previstas para enfrentar o problema.<\/p>\n\n\n\n<p>Weintraub diz que o cronograma do Enem ser\u00e1 cumprido e que Bolsonaro n\u00e3o ler\u00e1 antes as quest\u00f5es da prova. \u201cSe sair um Enem todo errado, sou o culpado e tem de me dar reprimenda ou me tirar do cargo.\u201d<\/p>\n\n\n\n<p><strong>Sua indica\u00e7\u00e3o \u00e9 uma vit\u00f3ria de Olavo de Carvalho?<\/strong><\/p>\n\n\n\n<p>Bolsonaro \u00e9 uma bandeira. Atr\u00e1s dela, h\u00e1 v\u00e1rios grupos: monarquistas, militares, evang\u00e9licos, liberais, olavistas. Eu e meu irm\u00e3o (Arthur, assessor da Presid\u00eancia) temos bom tr\u00e2nsito em todos. N\u00e3o estou no grupo (de olavistas). Olavo tem \u00f3timas ideias, mas n\u00e3o concordo com tudo. Falar que n\u00e3o tem grande papel na mudan\u00e7a de pensamento no Brasil \u00e9 loucura.<\/p>\n\n\n\n<p><strong>E se Olavo criticar uma escolha do senhor para o MEC?<\/strong><\/p>\n\n\n\n<p>Paci\u00eancia. N\u00e3o senti press\u00e3o nenhuma at\u00e9 agora. O presidente me deu carta branca para formar o time. Ele me pediu para entregar tecnicamente os melhores resultados. N\u00e3o estou l\u00e1 para fazer barulho.<\/p>\n\n\n\n<p><strong>Qual o principal problema a ser enfrentado na&nbsp;Educa\u00e7\u00e3o?<\/strong><\/p>\n\n\n\n<p>H\u00e1 v\u00e1rias coisas da agenda com atraso no cronograma. V\u00e9lez saiu por isso. N\u00e3o porque foi pego em esc\u00e2ndalo ou por n\u00e3o ter capacidade intelectual.<\/p>\n\n\n\n<p><strong>O senhor defende o enfrentamento ao \u201cmarxismo cultural\u201d. Como prop\u00f5e fazer isso?<\/strong><\/p>\n\n\n\n<p>No curto prazo, tomando cuidado com tudo o que sair do MEC, como livros did\u00e1ticos. Estamos preocupados com vazamentos, com sabotagens. Mas n\u00e3o estou indo ca\u00e7ar ningu\u00e9m. N\u00e3o sou ca\u00e7ador de comunistas. N\u00e3o gosto do comunismo, mas aceito o comunista. Quero a reden\u00e7\u00e3o dele.<\/p>\n\n\n\n<p><strong>O que isso quer dizer?<\/strong><\/p>\n\n\n\n<p>Quero convencer pela l\u00f3gica. A pessoa n\u00e3o \u00e9 m\u00e1 pura e simplesmente. Est\u00e1 envolvida numa mentira e aquilo \u00e9 uma realidade para ela. Precisamos explicar que \u00e9 uma ideologia errada.<\/p>\n\n\n\n<p><strong>A estrat\u00e9gia de impedir a volta do PT passa pela&nbsp;Educa\u00e7\u00e3o?<\/strong><\/p>\n\n\n\n<p>Sem d\u00favida. Uma pessoa que sabe ler e escrever e tem acesso \u00e0 internet n\u00e3o vota no PT. A matem\u00e1tica \u00e9 inimiga do obscurantismo N\u00e3o sou contra petista. Tenho amigos que s\u00e3o petistas. Pessoas boas que n\u00e3o conseguem se livrar.<\/p>\n\n\n\n<p><strong>O sr. \u00e9 favor de rever a ditadura militar nos livros did\u00e1ticos?<\/strong><\/p>\n\n\n\n<p>O momento \u00e9 de entregar resultado. N\u00e3o quero entrar na discuss\u00e3o Evidentemente que houve ruptura em 1964. Mas foi dentro de regras. Houve excessos? Houve. Pessoas morreram? Sim. \u00c9 errado? \u00c9 e infelizmente ocorreu. Mas em um dia de protesto na Venezuela morreu mais gente do que no per\u00edodo. As coisas precisam ser contextualizadas. Houve contrarrevolu\u00e7\u00e3o. Est\u00e1 documentado. E tem que ser escrito, dito. Por que n\u00e3o? Quando comparamos com o que houve na Am\u00e9rica Latina n\u00e3o concordo em chamar de ditadura. Houve regime de exce\u00e7\u00e3o.<\/p>\n\n\n\n<p><strong>H\u00e1 problemas graves de aprendizado nas escolas. A prioridade \u00e9 enfrentar o marxismo cultural?<\/strong><\/p>\n\n\n\n<p>Quem \u00e9 o patriarca da&nbsp;educa\u00e7\u00e3o&nbsp;moderna brasileira? Paulo Freire. Deu certo? O Brasil gasta como pa\u00edses ricos em termos de PIB e nossos indicadores est\u00e3o muito abaixo da m\u00e9dia. A gente gasta bem e os indicadores s\u00e3o ruins.<\/p>\n\n\n\n<p><strong>\u00c9 por causa de Paulo Freire?<\/strong><\/p>\n\n\n\n<p>Falar que \u00e9 uma explica\u00e7\u00e3o \u00fanica seria burrice. Deixa eu sentar l\u00e1. Cada dia sua agonia.<\/p>\n\n\n\n<p><strong>Manter\u00e1 o decreto com o m\u00e9todo f\u00f4nico na alfabetiza\u00e7\u00e3o?<\/strong><\/p>\n\n\n\n<p>Estou fechando o time e gostaria de ter a opini\u00e3o da pessoa para a \u00e1rea. O m\u00e9todo f\u00f4nico n\u00e3o estava no plano de governo. Sinto-me \u00e0 vontade para mudar se for o caso.<\/p>\n\n\n\n<p><strong>A Base Nacional Comum Curricular ser\u00e1 modificada? Acabar\u00e1?&nbsp;<\/strong><\/p>\n\n\n\n<p>Modificar. Acabar, n\u00e3o. O plano de governo n\u00e3o fala em acabar. Chega de solavanco.<\/p>\n\n\n\n<p><strong>O programa fala sobre manter a disciplina nas escolas. Quais ser\u00e3o as medidas para isso?<\/strong><\/p>\n\n\n\n<p>No curto prazo, n\u00e3o faremos nada nesse aspecto. Mas sou a favor de seguir a lei. Se o aluno agride, o pai \u00e9 respons\u00e1vel. O professor tem de fazer boletim de ocorr\u00eancia. Chama pol\u00edcia, os pais v\u00e3o ser processados e, no limite, tem de tirar o Bolsa Fam\u00edlia dos pais e at\u00e9 a tutela do filho. A gente n\u00e3o tem de inventar a roda. Tem que cumprir a Constitui\u00e7\u00e3o e as leis ou caminhamos para barb\u00e1rie. Hoje, h\u00e1 muito o \u201cdeixa disso\u201d, \u201ccoitado\u201d. O coitado est\u00e1 agredindo o professor. Se o professor alegar que n\u00e3o tem apoio do Estado, um recado: o Estado somos n\u00f3s. \u201cAh, mas \u00e9 o PCC (Primeiro Comando da Capital) que est\u00e1 fazendo.\u201d Tem que chamar prefeito, secret\u00e1rio de&nbsp;Educa\u00e7\u00e3o&nbsp;e enfrentar o problema. N\u00e3o tem que sentar e achar que nunca vai mudar.<\/p>\n\n\n\n<p><strong>A gr\u00e1fica do Enem faliu. O cronograma ser\u00e1 mantido?<\/strong><\/p>\n\n\n\n<p>A popula\u00e7\u00e3o n\u00e3o tem que ficar sendo alarmada enquanto a gente acha que consegue entregar no prazo. Vamos resolver.<\/p>\n\n\n\n<p><strong>E se o presidente pedir para ver as quest\u00f5es do Enem?<\/strong><\/p>\n\n\n\n<p>Falarei que garanto que n\u00e3o haver\u00e1 problema. Se sair um Enem todo errado, todo torto, sou o culpado e o presidente tem de me dar uma reprimenda ou me tirar do cargo. \u00c9 assim que funciona. O presidente tem 22 ministros. N\u00e3o deveria perder tempo com isso.<\/p>\n\n\n\n<p><strong>Qual \u00e9 o seu plano para as universidades federais?<\/strong><\/p>\n\n\n\n<p>O Brasil gasta muito e a produ\u00e7\u00e3o cient\u00edfica com resultados objetivos para a popula\u00e7\u00e3o \u00e9 baixa. Precisamos escolher melhor nossas prioridades. N\u00e3o sou contra estudar filosofia, mas imagina a fam\u00edlia de agricultores que o filho retorna da faculdade com t\u00edtulo de antrop\u00f3logo? Acho que ele traria mais bem-estar para ele e para a comunidade se fosse veterin\u00e1rio, dentista, professor, m\u00e9dico.<\/p>\n\n\n\n<p><strong>Qual sua vis\u00e3o sobre pol\u00edtica de cotas, ProUni e Fies?<\/strong><\/p>\n\n\n\n<p>Tem de manter. No curto prazo, n\u00e3o podemos bagun\u00e7ar muito. Estamos mexendo com a vida das pessoas. Temos de fazer movimentos que n\u00e3o impactem de forma dura e negativa. O pagador de impostos tem de ser respeitado.<\/p>\n\n\n\n<p><strong>O sr. pretende respeitar o primeiro colocado na lista tr\u00edplice para reitor das universidades?<\/strong><\/p>\n\n\n\n<p>Est\u00e1 dentro da lei?<\/p>\n\n\n\n<p><strong>O senhor pode escolher qualquer um dentro da lista.<\/strong><\/p>\n\n\n\n<p>Perfeito. Est\u00e1 respondido. Vou escolher o que achar mais conveniente. Dentro da lei.<\/p>\n\n\n\n<p>As informa\u00e7\u00f5es s\u00e3o do jornal&nbsp;<strong>O Estado de S. Paulo.<\/strong><br><\/p>\n\n\n\n<p><br><\/p>\n","protected":false},"excerpt":{"rendered":"<p>&#8220;Temos de cumprir leis ou caminhamos para barb\u00e1rie. Hoje h\u00e1 muito o &#8216;deixa disso&#8217;, &#8216;coitado&#8217;&#8221;, disse Weintraub Novo ministro da\u00a0Educa\u00e7\u00e3o,\u00a0Abraham Weintraub\u00a0afirma que ficar\u00e1 vigilante a \u201ctudo que sair\u201d da pasta, como livros did\u00e1ticos, e estar\u00e1 atento a \u201csabotagens\u201d. Ele nega, por\u00e9m, que haver\u00e1 persegui\u00e7\u00e3o no MEC. \u201cN\u00e3o sou ca\u00e7ador de comunistas\u201d, disse ao jornal\u00a0O Estado [&hellip;]<\/p>\n","protected":false},"author":2,"featured_media":5747,"comment_status":"open","ping_status":"open","sticky":false,"template":"","format":"standard","meta":{"advanced_seo_description":"","jetpack_seo_html_title":"","jetpack_seo_noindex":false,"_jetpack_memberships_contains_paid_content":false,"footnotes":""},"categories":[43],"tags":[],"class_list":{"0":"post-5746","1":"post","2":"type-post","3":"status-publish","4":"format-standard","5":"has-post-thumbnail","7":"category-cotidiano"},"jetpack_featured_media_url":"https:\/\/www.paranapraia.com.br\/wp-content\/uploads\/2019\/04\/sad-1.jpg","jetpack_sharing_enabled":true,"_links":{"self":[{"href":"https:\/\/www.paranapraia.com.br\/index.php\/wp-json\/wp\/v2\/posts\/5746"}],"collection":[{"href":"https:\/\/www.paranapraia.com.br\/index.php\/wp-json\/wp\/v2\/posts"}],"about":[{"href":"https:\/\/www.paranapraia.com.br\/index.php\/wp-json\/wp\/v2\/types\/post"}],"author":[{"embeddable":true,"href":"https:\/\/www.paranapraia.com.br\/index.php\/wp-json\/wp\/v2\/users\/2"}],"replies":[{"embeddable":true,"href":"https:\/\/www.paranapraia.com.br\/index.php\/wp-json\/wp\/v2\/comments?post=5746"}],"version-history":[{"count":1,"href":"https:\/\/www.paranapraia.com.br\/index.php\/wp-json\/wp\/v2\/posts\/5746\/revisions"}],"predecessor-version":[{"id":5748,"href":"https:\/\/www.paranapraia.com.br\/index.php\/wp-json\/wp\/v2\/posts\/5746\/revisions\/5748"}],"wp:featuredmedia":[{"embeddable":true,"href":"https:\/\/www.paranapraia.com.br\/index.php\/wp-json\/wp\/v2\/media\/5747"}],"wp:attachment":[{"href":"https:\/\/www.paranapraia.com.br\/index.php\/wp-json\/wp\/v2\/media?parent=5746"}],"wp:term":[{"taxonomy":"category","embeddable":true,"href":"https:\/\/www.paranapraia.com.br\/index.php\/wp-json\/wp\/v2\/categories?post=5746"},{"taxonomy":"post_tag","embeddable":true,"href":"https:\/\/www.paranapraia.com.br\/index.php\/wp-json\/wp\/v2\/tags?post=5746"}],"curies":[{"name":"wp","href":"https:\/\/api.w.org\/{rel}","templated":true}]}}