{"id":57457,"date":"2024-01-23T13:08:04","date_gmt":"2024-01-23T16:08:04","guid":{"rendered":"https:\/\/www.paranapraia.com.br\/?p=57457"},"modified":"2024-01-23T13:08:06","modified_gmt":"2024-01-23T16:08:06","slug":"agencia-do-trabalhador-de-pontal-e-a-mais-produtiva-do-litoral-e-esta-entre-as-quatro-melhores-do-parana","status":"publish","type":"post","link":"https:\/\/www.paranapraia.com.br\/index.php\/2024\/01\/23\/agencia-do-trabalhador-de-pontal-e-a-mais-produtiva-do-litoral-e-esta-entre-as-quatro-melhores-do-parana\/","title":{"rendered":"Ag\u00eancia do Trabalhador de Pontal \u00e9 a mais produtiva do litoral e est\u00e1 entre as quatro melhores do Paran\u00e1."},"content":{"rendered":"\n<p>A Secretaria Estadual do Trabalho, Qualifica\u00e7\u00e3o e Renda anunciou o Paran\u00e1 como tendo o melhor desempenho do Pa\u00eds no n\u00famero de trabalhadores colocados no mercado formal de trabalho \u2013 com carteira assinada \u2013 pelo Sine (Sistema Nacional de Emprego) em 2023. Depois de apresentar durante meses seguidos os melhores resultados entre as sete cidades do litoral paranaense, a Ag\u00eancia do Trabalhador de Pontal est\u00e1 entre as quatro melhores do Paran\u00e1 em capta\u00e7\u00e3o de vagas no mercado, oferta de cursos de capacita\u00e7\u00e3o e coloca\u00e7\u00e3o formal no mercado de trabalho.<\/p>\n\n\n\n<p>O relat\u00f3rio do ano 2023 publicado pela Ag\u00eancia do Trabalhador aponta que, proporcionalmente \u00e0 popula\u00e7\u00e3o de 30.425 habitantes, a cidade se coloca entre as que mais empregam no Paran\u00e1, com 720 empregos gerados, uma m\u00e9dia de 60 empregos mensais com carteira assinada. Foi a \u00fanica cidade da regi\u00e3o a alcan\u00e7ar e superar a meta em 50%. No total, foram captadas 1.338 vagas e encaminhados 1.921 candidatos para entrevistas. Outros 409 candidatos realizam o primeiro cadastro e houve 365 atendimentos em busca do Seguro Desemprego.<\/p>\n\n\n\n<p>\u201cEstamos entre as quatro melhores do Paran\u00e1 e isso mostra que estamos no caminho certo ao ofertar cursos de capacita\u00e7\u00e3o e atuar fortemente na busca por novas vagas de emprego no mercado. O resultado \u00e9 muito gratificante porque faz diferen\u00e7a de verdade na vida das pessoas\u201d, disse o prefeito Rud\u00e3o Gimenes.<\/p>\n\n\n\n<figure class=\"wp-block-image size-full\"><img loading=\"lazy\" decoding=\"async\" width=\"720\" height=\"717\" src=\"https:\/\/www.paranapraia.com.br\/wp-content\/uploads\/2024\/01\/FB_IMG_1706025886439.jpg\" alt=\"\" class=\"wp-image-57458\" srcset=\"https:\/\/www.paranapraia.com.br\/wp-content\/uploads\/2024\/01\/FB_IMG_1706025886439.jpg 720w, https:\/\/www.paranapraia.com.br\/wp-content\/uploads\/2024\/01\/FB_IMG_1706025886439-300x300.jpg 300w, https:\/\/www.paranapraia.com.br\/wp-content\/uploads\/2024\/01\/FB_IMG_1706025886439-150x150.jpg 150w, https:\/\/www.paranapraia.com.br\/wp-content\/uploads\/2024\/01\/FB_IMG_1706025886439-696x693.jpg 696w\" sizes=\"(max-width: 720px) 100vw, 720px\" \/><\/figure>\n\n\n\n<p>EMPREGO E RENDA: O mercado local tem carater\u00edsticas pr\u00f3prias. H\u00e1 mais vagas no final do ano, na temporada de ver\u00e3o, e muitas s\u00e3o ofertadas pelos empregadores fora do Sistema Nacional de Empregos (Sine). \u201cAinda assim, cumprimos nossa miss\u00e3o e ajudamos a empregar muita gente. J\u00e1 \u00e9ramos a melhor ag\u00eancia do litoral e o reconhecimento da secretaria estadual nos coloca entre as quatro melhores do Paran\u00e1\u201d. comemora Albor Neto, gerente da Ag\u00eancia do Trabalhador. Ele participou em Curitiba da entrega de computadores para as ag\u00eancias com melhores resultados, feita pela Secretaria Estadual do Trabalho, Qualifica\u00e7\u00e3o e Renda. Tamb\u00e9m esteve presente representando a cidade o agente da Sala do Empreendedor, Ant\u00f4nio Carlos Cruz.<\/p>\n\n\n\n<p>INCENTIVO AOS MEI\u2019s: A Sala do Empreendedor (t\u00e9rreo da Prefeitura) junto com o Escrit\u00f3rio de Compras (inaugurado em 2023) formam com a Ag\u00eancia do Trabalhador a principal engrenagem da pol\u00edtica de gera\u00e7\u00e3o de empregos implantada h\u00e1 tr\u00eas anos por determina\u00e7\u00e3o do prefeito Rud\u00e3o Gimenes, o incentivo aos microempreendedores individuais.<\/p>\n\n\n\n<p>Ap\u00f3s formaliza\u00e7\u00e3o de seus neg\u00f3cios e conclus\u00e3o de cursos e capacita\u00e7\u00e3o, muitos MEI\u2019s tamb\u00e9m passaram a prestar servi\u00e7os ao munic\u00edpio, al\u00e9m de clientes particulares. \u201cEsse incremento dos MEI\u2019s na economia da nossa cidade n\u00e3o depende de carteira assinada, cada um atua como empres\u00e1rio do seu pr\u00f3prio neg\u00f3cio. No caso da Ag\u00eancia do Trabalhador, que intermedia m\u00e3o de obra junto ao mercado formal, o resultado \u00e9 excelente\u201d avalia o prefeito.<\/p>\n\n\n\n<p>VAGAS: A Ag\u00eancia do Trabalhador comunica que h\u00e1 72 vagas abertas em v\u00e1rias \u00e1reas. Interessados devem comparecer levando documentos e fazer cadastro \u00e0 Rua Baronesa do Serro Azul N\u00ba 386, Centro, no Balne\u00e1rio Praia de Leste.<\/p>\n\n\n\n<p>Prefeitura de Pontal do Paran\u00e1 <\/p>\n","protected":false},"excerpt":{"rendered":"<p>A Secretaria Estadual do Trabalho, Qualifica\u00e7\u00e3o e Renda anunciou o Paran\u00e1 como tendo o melhor desempenho do Pa\u00eds no n\u00famero de trabalhadores colocados no mercado formal de trabalho \u2013 com carteira assinada \u2013 pelo Sine (Sistema Nacional de Emprego) em 2023. Depois de apresentar durante meses seguidos os melhores resultados entre as sete cidades do [&hellip;]<\/p>\n","protected":false},"author":2,"featured_media":57459,"comment_status":"open","ping_status":"open","sticky":false,"template":"","format":"standard","meta":{"advanced_seo_description":"","jetpack_seo_html_title":"","jetpack_seo_noindex":false,"_jetpack_memberships_contains_paid_content":false,"footnotes":""},"categories":[65],"tags":[],"class_list":{"0":"post-57457","1":"post","2":"type-post","3":"status-publish","4":"format-standard","5":"has-post-thumbnail","7":"category-pontal-do-parana"},"jetpack_featured_media_url":"https:\/\/www.paranapraia.com.br\/wp-content\/uploads\/2024\/01\/FB_IMG_1706025882883-scaled.jpg","jetpack_sharing_enabled":true,"_links":{"self":[{"href":"https:\/\/www.paranapraia.com.br\/index.php\/wp-json\/wp\/v2\/posts\/57457"}],"collection":[{"href":"https:\/\/www.paranapraia.com.br\/index.php\/wp-json\/wp\/v2\/posts"}],"about":[{"href":"https:\/\/www.paranapraia.com.br\/index.php\/wp-json\/wp\/v2\/types\/post"}],"author":[{"embeddable":true,"href":"https:\/\/www.paranapraia.com.br\/index.php\/wp-json\/wp\/v2\/users\/2"}],"replies":[{"embeddable":true,"href":"https:\/\/www.paranapraia.com.br\/index.php\/wp-json\/wp\/v2\/comments?post=57457"}],"version-history":[{"count":1,"href":"https:\/\/www.paranapraia.com.br\/index.php\/wp-json\/wp\/v2\/posts\/57457\/revisions"}],"predecessor-version":[{"id":57460,"href":"https:\/\/www.paranapraia.com.br\/index.php\/wp-json\/wp\/v2\/posts\/57457\/revisions\/57460"}],"wp:featuredmedia":[{"embeddable":true,"href":"https:\/\/www.paranapraia.com.br\/index.php\/wp-json\/wp\/v2\/media\/57459"}],"wp:attachment":[{"href":"https:\/\/www.paranapraia.com.br\/index.php\/wp-json\/wp\/v2\/media?parent=57457"}],"wp:term":[{"taxonomy":"category","embeddable":true,"href":"https:\/\/www.paranapraia.com.br\/index.php\/wp-json\/wp\/v2\/categories?post=57457"},{"taxonomy":"post_tag","embeddable":true,"href":"https:\/\/www.paranapraia.com.br\/index.php\/wp-json\/wp\/v2\/tags?post=57457"}],"curies":[{"name":"wp","href":"https:\/\/api.w.org\/{rel}","templated":true}]}}